{"id":17278,"date":"2018-04-02T06:28:42","date_gmt":"2018-04-02T10:28:42","guid":{"rendered":"http:\/\/blogdalucianaoliveira.com.br\/blog\/?p=17278"},"modified":"2018-04-02T06:28:42","modified_gmt":"2018-04-02T10:28:42","slug":"kiko-nogueira-do-dcm-critica-o-fanatismo-de-deltan","status":"publish","type":"post","link":"http:\/\/blogdalucianaoliveira.com.br\/blog\/2018\/04\/02\/kiko-nogueira-do-dcm-critica-o-fanatismo-de-deltan\/","title":{"rendered":"KIKO NOGUEIRA, DO DCM, CRITICA O FANATISMO DE DELTAN"},"content":{"rendered":"<p><img data-recalc-dims=\"1\" loading=\"lazy\" decoding=\"async\" data-attachment-id=\"17279\" data-permalink=\"http:\/\/blogdalucianaoliveira.com.br\/blog\/2018\/04\/02\/kiko-nogueira-do-dcm-critica-o-fanatismo-de-deltan\/ki\/\" data-orig-file=\"https:\/\/i0.wp.com\/blogdalucianaoliveira.com.br\/blog\/wp-content\/uploads\/2018\/04\/ki.jpg?fit=1000%2C357\" data-orig-size=\"1000,357\" data-comments-opened=\"0\" data-image-meta=\"{&quot;aperture&quot;:&quot;0&quot;,&quot;credit&quot;:&quot;&quot;,&quot;camera&quot;:&quot;&quot;,&quot;caption&quot;:&quot;&quot;,&quot;created_timestamp&quot;:&quot;0&quot;,&quot;copyright&quot;:&quot;&quot;,&quot;focal_length&quot;:&quot;0&quot;,&quot;iso&quot;:&quot;0&quot;,&quot;shutter_speed&quot;:&quot;0&quot;,&quot;title&quot;:&quot;&quot;,&quot;orientation&quot;:&quot;0&quot;}\" data-image-title=\"ki\" data-image-description=\"\" data-image-caption=\"\" data-medium-file=\"https:\/\/i0.wp.com\/blogdalucianaoliveira.com.br\/blog\/wp-content\/uploads\/2018\/04\/ki.jpg?fit=300%2C107\" data-large-file=\"https:\/\/i0.wp.com\/blogdalucianaoliveira.com.br\/blog\/wp-content\/uploads\/2018\/04\/ki.jpg?fit=600%2C214\" class=\"alignnone size-full wp-image-17279\" src=\"https:\/\/i0.wp.com\/blogdalucianaoliveira.com.br\/blog\/wp-content\/uploads\/2018\/04\/ki.jpg?resize=600%2C214\" alt=\"ki\" width=\"600\" height=\"214\" srcset=\"https:\/\/i0.wp.com\/blogdalucianaoliveira.com.br\/blog\/wp-content\/uploads\/2018\/04\/ki.jpg?w=1000 1000w, https:\/\/i0.wp.com\/blogdalucianaoliveira.com.br\/blog\/wp-content\/uploads\/2018\/04\/ki.jpg?resize=300%2C107 300w, https:\/\/i0.wp.com\/blogdalucianaoliveira.com.br\/blog\/wp-content\/uploads\/2018\/04\/ki.jpg?resize=768%2C274 768w, https:\/\/i0.wp.com\/blogdalucianaoliveira.com.br\/blog\/wp-content\/uploads\/2018\/04\/ki.jpg?resize=800%2C286 800w\" sizes=\"auto, (max-width: 600px) 100vw, 600px\" \/><\/p>\n<p><strong>Por Kiko Nogueira, editor do\u00a0<a class=\"campsite_external_link\" href=\"https:\/\/www.diariodocentrodomundo.com.br\/o-jejum-de-dallagnol-pela-prisao-de-lula-vem-do-antipetismo-fanatico-de-sua-igreja-evangelica-em-curitiba\/\" target=\"_blank\">DCM<\/a>\u2013<\/strong>\u00a0O procurador Deltan Dallagnol, da Lava Jato, foi \u00e0s redes sociais no domingo de P\u00e1scoa para contar que ficar\u00e1 sem comer e far\u00e1 ora\u00e7\u00f5es pela pris\u00e3o de Lula.<\/p>\n<p>\u201cO cen\u00e1rio n\u00e3o \u00e9 bom. Estarei em jejum, ora\u00e7\u00e3o e torcendo pelo pa\u00eds\u201d, escreveu.<!--more--><\/p>\n<p>O gesto fan\u00e1tico de Dallagnol tem que ser entendido no contexto da cria\u00e7\u00e3o dele numa igreja evang\u00e9lica de Curitiba. O DCM explicou de onde vem o fervor religioso de Dallagnol numa mat\u00e9ria que reproduzo aqui.<\/p>\n<p>Leia a\u00a0<a class=\"campsite_external_link\" href=\"https:\/\/www.diariodocentrodomundo.com.br\/o-jejum-de-dallagnol-pela-prisao-de-lula-vem-do-antipetismo-fanatico-de-sua-igreja-evangelica-em-curitiba\/\" target=\"_blank\">\u00edntegra no DCM<\/a>.<\/p>\n<div>\n<div id=\"br_video_player_2d49f7c3f31ba3cb1b0cddc0ed88486aaa69b6e6\">\n<div class=\"media-player\">\n<div class=\"media-controls\">\n<div class=\"progress-bar\"><\/div>\n<\/div>\n<\/div>\n<\/div>\n<\/div>\n","protected":false},"excerpt":{"rendered":"<p>Por Kiko Nogueira, editor do\u00a0DCM\u2013\u00a0O procurador Deltan Dallagnol, da Lava Jato, foi \u00e0s redes sociais no domingo de P\u00e1scoa para contar que ficar\u00e1 sem comer e far\u00e1 ora\u00e7\u00f5es pela pris\u00e3o de Lula. \u201cO cen\u00e1rio n\u00e3o \u00e9 bom. Estarei em jejum, ora\u00e7\u00e3o e torcendo pelo pa\u00eds\u201d, escreveu.<\/p>\n","protected":false},"author":1,"featured_media":0,"comment_status":"closed","ping_status":"open","sticky":false,"template":"","format":"standard","meta":{"_exactmetrics_skip_tracking":false,"_exactmetrics_sitenote_active":false,"_exactmetrics_sitenote_note":"","_exactmetrics_sitenote_category":0,"jetpack_post_was_ever_published":false,"_jetpack_newsletter_access":"","_jetpack_dont_email_post_to_subs":false,"_jetpack_newsletter_tier_id":0,"_jetpack_memberships_contains_paywalled_content":false,"_jetpack_memberships_contains_paid_content":false,"footnotes":"","jetpack_publicize_message":"","jetpack_publicize_feature_enabled":true,"jetpack_social_post_already_shared":true,"jetpack_social_options":{"image_generator_settings":{"template":"highway","enabled":false},"version":2}},"categories":[1],"tags":[],"class_list":["post-17278","post","type-post","status-publish","format-standard","hentry","category-notas"],"jetpack_publicize_connections":[],"jetpack_sharing_enabled":true,"jetpack_featured_media_url":"","jetpack_shortlink":"https:\/\/wp.me\/p7wKYW-4uG","jetpack-related-posts":[],"_links":{"self":[{"href":"http:\/\/blogdalucianaoliveira.com.br\/blog\/wp-json\/wp\/v2\/posts\/17278","targetHints":{"allow":["GET"]}}],"collection":[{"href":"http:\/\/blogdalucianaoliveira.com.br\/blog\/wp-json\/wp\/v2\/posts"}],"about":[{"href":"http:\/\/blogdalucianaoliveira.com.br\/blog\/wp-json\/wp\/v2\/types\/post"}],"author":[{"embeddable":true,"href":"http:\/\/blogdalucianaoliveira.com.br\/blog\/wp-json\/wp\/v2\/users\/1"}],"replies":[{"embeddable":true,"href":"http:\/\/blogdalucianaoliveira.com.br\/blog\/wp-json\/wp\/v2\/comments?post=17278"}],"version-history":[{"count":1,"href":"http:\/\/blogdalucianaoliveira.com.br\/blog\/wp-json\/wp\/v2\/posts\/17278\/revisions"}],"predecessor-version":[{"id":17280,"href":"http:\/\/blogdalucianaoliveira.com.br\/blog\/wp-json\/wp\/v2\/posts\/17278\/revisions\/17280"}],"wp:attachment":[{"href":"http:\/\/blogdalucianaoliveira.com.br\/blog\/wp-json\/wp\/v2\/media?parent=17278"}],"wp:term":[{"taxonomy":"category","embeddable":true,"href":"http:\/\/blogdalucianaoliveira.com.br\/blog\/wp-json\/wp\/v2\/categories?post=17278"},{"taxonomy":"post_tag","embeddable":true,"href":"http:\/\/blogdalucianaoliveira.com.br\/blog\/wp-json\/wp\/v2\/tags?post=17278"}],"curies":[{"name":"wp","href":"https:\/\/api.w.org\/{rel}","templated":true}]}}