{"id":17281,"date":"2018-04-02T09:20:58","date_gmt":"2018-04-02T13:20:58","guid":{"rendered":"http:\/\/blogdalucianaoliveira.com.br\/blog\/?p=17281"},"modified":"2018-04-02T09:20:58","modified_gmt":"2018-04-02T13:20:58","slug":"como-dar-bom-dia-num-pais-tao-sem-vergonha-e-sem-medo","status":"publish","type":"post","link":"http:\/\/blogdalucianaoliveira.com.br\/blog\/2018\/04\/02\/como-dar-bom-dia-num-pais-tao-sem-vergonha-e-sem-medo\/","title":{"rendered":"Como dar bom dia num pa\u00eds t\u00e3o sem vergonha e sem medo?"},"content":{"rendered":"<p><img data-recalc-dims=\"1\" loading=\"lazy\" decoding=\"async\" data-attachment-id=\"17282\" data-permalink=\"http:\/\/blogdalucianaoliveira.com.br\/blog\/2018\/04\/02\/como-dar-bom-dia-num-pais-tao-sem-vergonha-e-sem-medo\/5eafb56e-b131-48c5-a4e8-79e566e48d0f\/\" data-orig-file=\"https:\/\/i0.wp.com\/blogdalucianaoliveira.com.br\/blog\/wp-content\/uploads\/2018\/04\/5EAFB56E-B131-48C5-A4E8-79E566E48D0F.jpeg?fit=327%2C326\" data-orig-size=\"327,326\" data-comments-opened=\"0\" data-image-meta=\"{&quot;aperture&quot;:&quot;0&quot;,&quot;credit&quot;:&quot;&quot;,&quot;camera&quot;:&quot;&quot;,&quot;caption&quot;:&quot;&quot;,&quot;created_timestamp&quot;:&quot;0&quot;,&quot;copyright&quot;:&quot;&quot;,&quot;focal_length&quot;:&quot;0&quot;,&quot;iso&quot;:&quot;0&quot;,&quot;shutter_speed&quot;:&quot;0&quot;,&quot;title&quot;:&quot;&quot;,&quot;orientation&quot;:&quot;0&quot;}\" data-image-title=\"5EAFB56E-B131-48C5-A4E8-79E566E48D0F\" data-image-description=\"\" data-image-caption=\"\" data-medium-file=\"https:\/\/i0.wp.com\/blogdalucianaoliveira.com.br\/blog\/wp-content\/uploads\/2018\/04\/5EAFB56E-B131-48C5-A4E8-79E566E48D0F.jpeg?fit=300%2C300\" data-large-file=\"https:\/\/i0.wp.com\/blogdalucianaoliveira.com.br\/blog\/wp-content\/uploads\/2018\/04\/5EAFB56E-B131-48C5-A4E8-79E566E48D0F.jpeg?fit=327%2C326\" class=\"alignnone size-full wp-image-17282\" src=\"https:\/\/i0.wp.com\/blogdalucianaoliveira.com.br\/blog\/wp-content\/uploads\/2018\/04\/5EAFB56E-B131-48C5-A4E8-79E566E48D0F.jpeg?resize=327%2C326\" alt=\"5EAFB56E-B131-48C5-A4E8-79E566E48D0F\" width=\"327\" height=\"326\" srcset=\"https:\/\/i0.wp.com\/blogdalucianaoliveira.com.br\/blog\/wp-content\/uploads\/2018\/04\/5EAFB56E-B131-48C5-A4E8-79E566E48D0F.jpeg?w=327 327w, https:\/\/i0.wp.com\/blogdalucianaoliveira.com.br\/blog\/wp-content\/uploads\/2018\/04\/5EAFB56E-B131-48C5-A4E8-79E566E48D0F.jpeg?resize=150%2C150 150w, https:\/\/i0.wp.com\/blogdalucianaoliveira.com.br\/blog\/wp-content\/uploads\/2018\/04\/5EAFB56E-B131-48C5-A4E8-79E566E48D0F.jpeg?resize=300%2C300 300w, https:\/\/i0.wp.com\/blogdalucianaoliveira.com.br\/blog\/wp-content\/uploads\/2018\/04\/5EAFB56E-B131-48C5-A4E8-79E566E48D0F.jpeg?resize=301%2C300 301w\" sizes=\"auto, (max-width: 327px) 100vw, 327px\" \/><\/p>\n<p>&#8211; Em rede social procurador da rep\u00fablica dedica jejum e ora\u00e7\u00e3o \u00e0 pris\u00e3o de um condenado a partir da segunda inst\u00e2ncia.<\/p>\n<p>&#8211; Ju\u00edzes assinam manifesto para que STF acabe de vez com a presun\u00e7\u00e3o de inoc\u00eancia. <\/p>\n<p>&#8211; Imprensa pressiona ministra que defende o previsto na Constitui\u00e7\u00e3o Federal. <\/p>\n<p>O pior, \u00e9 que tudo isso s\u00f3 tem um objetivo: impedir que um ex-presidente &#8211; com 80% de aprova\u00e7\u00e3o ao fim do mandato &#8211; dispute a pr\u00f3xima elei\u00e7\u00e3o. <\/p>\n<p>Quando o povo se der conta de que perdeu completamente a democracia, achar\u00e1 que foi de uma hora pra outra e que n\u00e3o houve alerta. <\/p>\n<p>Houve, muito e este \u00e9 mais um. Que testemunha que nada! Hoje quem aplica a lei \u00e9 que a prostitui.<\/p>\n","protected":false},"excerpt":{"rendered":"<p>&#8211; Em rede social procurador da rep\u00fablica dedica jejum e ora\u00e7\u00e3o \u00e0 pris\u00e3o de um condenado a partir da segunda inst\u00e2ncia. &#8211; Ju\u00edzes assinam manifesto para que STF acabe de vez com a presun\u00e7\u00e3o de inoc\u00eancia. &#8211; Imprensa pressiona ministra que defende o previsto na Constitui\u00e7\u00e3o Federal. O pior, \u00e9 que tudo isso s\u00f3 tem&#8230;<a class=\"more-link\" href=\"http:\/\/blogdalucianaoliveira.com.br\/blog\/2018\/04\/02\/como-dar-bom-dia-num-pais-tao-sem-vergonha-e-sem-medo\/\">Continue a leitura <span class=\"meta-nav\">&raquo;<\/span><\/a><\/p>\n","protected":false},"author":1,"featured_media":0,"comment_status":"closed","ping_status":"open","sticky":false,"template":"","format":"standard","meta":{"_exactmetrics_skip_tracking":false,"_exactmetrics_sitenote_active":false,"_exactmetrics_sitenote_note":"","_exactmetrics_sitenote_category":0,"jetpack_post_was_ever_published":false,"_jetpack_newsletter_access":"","_jetpack_dont_email_post_to_subs":false,"_jetpack_newsletter_tier_id":0,"_jetpack_memberships_contains_paywalled_content":false,"_jetpack_memberships_contains_paid_content":false,"footnotes":"","jetpack_publicize_message":"","jetpack_publicize_feature_enabled":true,"jetpack_social_post_already_shared":true,"jetpack_social_options":{"image_generator_settings":{"template":"highway","enabled":false},"version":2}},"categories":[1],"tags":[],"class_list":["post-17281","post","type-post","status-publish","format-standard","hentry","category-notas"],"jetpack_publicize_connections":[],"jetpack_sharing_enabled":true,"jetpack_featured_media_url":"","jetpack_shortlink":"https:\/\/wp.me\/p7wKYW-4uJ","jetpack-related-posts":[],"_links":{"self":[{"href":"http:\/\/blogdalucianaoliveira.com.br\/blog\/wp-json\/wp\/v2\/posts\/17281","targetHints":{"allow":["GET"]}}],"collection":[{"href":"http:\/\/blogdalucianaoliveira.com.br\/blog\/wp-json\/wp\/v2\/posts"}],"about":[{"href":"http:\/\/blogdalucianaoliveira.com.br\/blog\/wp-json\/wp\/v2\/types\/post"}],"author":[{"embeddable":true,"href":"http:\/\/blogdalucianaoliveira.com.br\/blog\/wp-json\/wp\/v2\/users\/1"}],"replies":[{"embeddable":true,"href":"http:\/\/blogdalucianaoliveira.com.br\/blog\/wp-json\/wp\/v2\/comments?post=17281"}],"version-history":[{"count":1,"href":"http:\/\/blogdalucianaoliveira.com.br\/blog\/wp-json\/wp\/v2\/posts\/17281\/revisions"}],"predecessor-version":[{"id":17283,"href":"http:\/\/blogdalucianaoliveira.com.br\/blog\/wp-json\/wp\/v2\/posts\/17281\/revisions\/17283"}],"wp:attachment":[{"href":"http:\/\/blogdalucianaoliveira.com.br\/blog\/wp-json\/wp\/v2\/media?parent=17281"}],"wp:term":[{"taxonomy":"category","embeddable":true,"href":"http:\/\/blogdalucianaoliveira.com.br\/blog\/wp-json\/wp\/v2\/categories?post=17281"},{"taxonomy":"post_tag","embeddable":true,"href":"http:\/\/blogdalucianaoliveira.com.br\/blog\/wp-json\/wp\/v2\/tags?post=17281"}],"curies":[{"name":"wp","href":"https:\/\/api.w.org\/{rel}","templated":true}]}}