{"id":17288,"date":"2018-04-02T10:59:28","date_gmt":"2018-04-02T14:59:28","guid":{"rendered":"http:\/\/blogdalucianaoliveira.com.br\/blog\/?p=17288"},"modified":"2018-04-02T10:59:28","modified_gmt":"2018-04-02T14:59:28","slug":"campanha-defenda-a-caixa-voce-tambem","status":"publish","type":"post","link":"http:\/\/blogdalucianaoliveira.com.br\/blog\/2018\/04\/02\/campanha-defenda-a-caixa-voce-tambem\/","title":{"rendered":"Campanha: Defenda a Caixa voc\u00ea tamb\u00e9m!"},"content":{"rendered":"<p><img data-recalc-dims=\"1\" loading=\"lazy\" decoding=\"async\" data-attachment-id=\"17289\" data-permalink=\"http:\/\/blogdalucianaoliveira.com.br\/blog\/2018\/04\/02\/campanha-defenda-a-caixa-voce-tambem\/277cf07c-8b67-420f-97ba-482f0ea8b788\/\" data-orig-file=\"https:\/\/i0.wp.com\/blogdalucianaoliveira.com.br\/blog\/wp-content\/uploads\/2018\/04\/277CF07C-8B67-420F-97BA-482F0EA8B788.jpeg?fit=1920%2C728\" data-orig-size=\"1920,728\" data-comments-opened=\"0\" data-image-meta=\"{&quot;aperture&quot;:&quot;0&quot;,&quot;credit&quot;:&quot;&quot;,&quot;camera&quot;:&quot;&quot;,&quot;caption&quot;:&quot;&quot;,&quot;created_timestamp&quot;:&quot;0&quot;,&quot;copyright&quot;:&quot;&quot;,&quot;focal_length&quot;:&quot;0&quot;,&quot;iso&quot;:&quot;0&quot;,&quot;shutter_speed&quot;:&quot;0&quot;,&quot;title&quot;:&quot;&quot;,&quot;orientation&quot;:&quot;0&quot;}\" data-image-title=\"277CF07C-8B67-420F-97BA-482F0EA8B788\" data-image-description=\"\" data-image-caption=\"\" data-medium-file=\"https:\/\/i0.wp.com\/blogdalucianaoliveira.com.br\/blog\/wp-content\/uploads\/2018\/04\/277CF07C-8B67-420F-97BA-482F0EA8B788.jpeg?fit=300%2C114\" data-large-file=\"https:\/\/i0.wp.com\/blogdalucianaoliveira.com.br\/blog\/wp-content\/uploads\/2018\/04\/277CF07C-8B67-420F-97BA-482F0EA8B788.jpeg?fit=600%2C227\" src=\"https:\/\/i0.wp.com\/blogdalucianaoliveira.com.br\/blog\/wp-content\/uploads\/2018\/04\/277CF07C-8B67-420F-97BA-482F0EA8B788.jpeg?resize=600%2C228\" alt=\"277CF07C-8B67-420F-97BA-482F0EA8B788\" width=\"600\" height=\"228\" class=\"alignnone size-full wp-image-17289\" srcset=\"https:\/\/i0.wp.com\/blogdalucianaoliveira.com.br\/blog\/wp-content\/uploads\/2018\/04\/277CF07C-8B67-420F-97BA-482F0EA8B788.jpeg?w=1920 1920w, https:\/\/i0.wp.com\/blogdalucianaoliveira.com.br\/blog\/wp-content\/uploads\/2018\/04\/277CF07C-8B67-420F-97BA-482F0EA8B788.jpeg?resize=300%2C114 300w, https:\/\/i0.wp.com\/blogdalucianaoliveira.com.br\/blog\/wp-content\/uploads\/2018\/04\/277CF07C-8B67-420F-97BA-482F0EA8B788.jpeg?resize=768%2C291 768w, https:\/\/i0.wp.com\/blogdalucianaoliveira.com.br\/blog\/wp-content\/uploads\/2018\/04\/277CF07C-8B67-420F-97BA-482F0EA8B788.jpeg?resize=1024%2C388 1024w, https:\/\/i0.wp.com\/blogdalucianaoliveira.com.br\/blog\/wp-content\/uploads\/2018\/04\/277CF07C-8B67-420F-97BA-482F0EA8B788.jpeg?resize=791%2C300 791w, https:\/\/i0.wp.com\/blogdalucianaoliveira.com.br\/blog\/wp-content\/uploads\/2018\/04\/277CF07C-8B67-420F-97BA-482F0EA8B788.jpeg?w=1200 1200w, https:\/\/i0.wp.com\/blogdalucianaoliveira.com.br\/blog\/wp-content\/uploads\/2018\/04\/277CF07C-8B67-420F-97BA-482F0EA8B788.jpeg?w=1800 1800w\" sizes=\"auto, (max-width: 600px) 100vw, 600px\" \/><\/p>\n<p>A campanha<\/p>\n<p>A campanha \u201cDefenda a Caixa voc\u00ea tamb\u00e9m\u201d foi lan\u00e7ada no dia 3 de outubro de 2017, no Rio de Janeiro (RJ). A iniciativa \u00e9 do Comit\u00ea Nacional em Defesa da Caixa, formado por diversas entidades. O objetivo \u00e9 mostrar a import\u00e2ncia do banco para o Brasil e os brasileiros, destacando a atua\u00e7\u00e3o em \u00e1reas como habita\u00e7\u00e3o, saneamento, infraestrutura urbana, educa\u00e7\u00e3o, esporte, cultura, entre outras, envolvendo a sociedade nos debates e na luta.<!--more--><\/p>\n<p>Formam o Comit\u00ea Nacional: Federa\u00e7\u00e3o Nacional das Associa\u00e7\u00f5es do Pessoal da Caixa Econ\u00f4mica Federal (Fenae), Federa\u00e7\u00e3o Nacional dos Gestores da Caixa Econ\u00f4mica Federal (Fenag), Federa\u00e7\u00e3o Nacional das Associa\u00e7\u00f5es de Aposentados e Pensionistas da Caixa Econ\u00f4moica Federal (Fenacef), Associa\u00e7\u00e3o dos Advogados da Caixa Econ\u00f4mica Federal (Advocef), Associa\u00e7\u00e3o Nacional dos Engenheiros e Arquitetos da Caixa Econ\u00f4mica Federal (Aneac), Associa\u00e7\u00e3o Nacional dos Auditores Internos da Caixa Econ\u00f4mica Federal (AudiCaixa), Associa\u00e7\u00e3o Nacional dos T\u00e9cnicos Sociais e Assistentes de Projetos Sociais da Caixa Econ\u00f4mica Federal (Social Caixa), Confedera\u00e7\u00e3o Nacional dos Trabalhadores do Ramo Financeiro (Contraf), Confedera\u00e7\u00e3o Nacional dos Trabalhadores nas Empresas de Cr\u00e9dito (Contec) e F\u00f3rum Nacional da Reforma Urbana (FNRU), al\u00e9m das centrais sindicais CUT, CTB, Intersindical, CSP\/Conlutas e UGT.<\/p>\n<p>O pontap\u00e9 da campanha &#8220;Defenda a Caixa voc\u00ea tamb\u00e9m&#8221; ocorreu em frente ao pr\u00e9dio da Caixa da Almirante Barroso, conhecido como \u201cBarros\u00e3o\u201d, palco de in\u00fameras mobiliza\u00e7\u00f5es dos empregados. O lan\u00e7amento integrou as atividades do Ato em Defesa da Soberana Nacional, que reuniu trabalhadores de empresas p\u00fablicas como Petrobras, BNDES, Caixa, Banco do Brasil, Eletrobras, Correios e Casa da Moeda, e representantes de entidades do movimento sindical e associativo das categorias. A campanha ocorre em um momento decisivo. Afinal, a cada dia est\u00e3o mais claros os planos do governo de Michel Temer para privatizar o banco. O primeiro passo pretendido \u00e9 a transforma\u00e7\u00e3o da empresa em Sociedade An\u00f4nima.<\/p>\n<p>A Caixa n\u00e3o pode deixar de ser o banco da casa pr\u00f3pria, da poupan\u00e7a, do saneamento b\u00e1sico, do Fies, do Bolsa Fam\u00edlia, dos munic\u00edpios. Isso s\u00f3 \u00e9 poss\u00edvel com a manuten\u00e7\u00e3o do car\u00e1ter 100% p\u00fablico. \u00c0s institui\u00e7\u00f5es privadas n\u00e3o interessa o papel social desempenhado pela Caixa, o que significa dizer que ele n\u00e3o ser\u00e1 mantido. Por isso, \u00e9 fundamental que empregados do banco e sociedade se unam na defesa da Caixa 100% p\u00fablica, forte e social.<\/p>\n<p>Defender a Caixa \u00e9 defender o Brasil!<br \/>\nDefenda a Caixa voc\u00ea tamb\u00e9m!<\/p>\n<div class=\"jetpack-video-wrapper\"><iframe loading=\"lazy\" title=\"TV Fenae - Comit\u00ea Nacional em Defesa da Caixa\" width=\"600\" height=\"338\" src=\"https:\/\/www.youtube.com\/embed\/Je6Qj5gGorA?feature=oembed\" frameborder=\"0\" allow=\"accelerometer; autoplay; clipboard-write; encrypted-media; gyroscope; picture-in-picture; web-share\" referrerpolicy=\"strict-origin-when-cross-origin\" allowfullscreen><\/iframe><\/div>\n","protected":false},"excerpt":{"rendered":"<p>A campanha A campanha \u201cDefenda a Caixa voc\u00ea tamb\u00e9m\u201d foi lan\u00e7ada no dia 3 de outubro de 2017, no Rio de Janeiro (RJ). A iniciativa \u00e9 do Comit\u00ea Nacional em Defesa da Caixa, formado por diversas entidades. O objetivo \u00e9 mostrar a import\u00e2ncia do banco para o Brasil e os brasileiros, destacando a atua\u00e7\u00e3o em&#8230;<a class=\"more-link\" href=\"http:\/\/blogdalucianaoliveira.com.br\/blog\/2018\/04\/02\/campanha-defenda-a-caixa-voce-tambem\/\">Continue a leitura <span class=\"meta-nav\">&raquo;<\/span><\/a><\/p>\n","protected":false},"author":1,"featured_media":0,"comment_status":"closed","ping_status":"open","sticky":false,"template":"","format":"standard","meta":{"_exactmetrics_skip_tracking":false,"_exactmetrics_sitenote_active":false,"_exactmetrics_sitenote_note":"","_exactmetrics_sitenote_category":0,"jetpack_post_was_ever_published":false,"_jetpack_newsletter_access":"","_jetpack_dont_email_post_to_subs":false,"_jetpack_newsletter_tier_id":0,"_jetpack_memberships_contains_paywalled_content":false,"_jetpack_memberships_contains_paid_content":false,"footnotes":"","jetpack_publicize_message":"","jetpack_publicize_feature_enabled":true,"jetpack_social_post_already_shared":true,"jetpack_social_options":{"image_generator_settings":{"template":"highway","enabled":false},"version":2}},"categories":[1],"tags":[],"class_list":["post-17288","post","type-post","status-publish","format-standard","hentry","category-notas"],"jetpack_publicize_connections":[],"jetpack_sharing_enabled":true,"jetpack_featured_media_url":"","jetpack_shortlink":"https:\/\/wp.me\/p7wKYW-4uQ","jetpack-related-posts":[],"_links":{"self":[{"href":"http:\/\/blogdalucianaoliveira.com.br\/blog\/wp-json\/wp\/v2\/posts\/17288","targetHints":{"allow":["GET"]}}],"collection":[{"href":"http:\/\/blogdalucianaoliveira.com.br\/blog\/wp-json\/wp\/v2\/posts"}],"about":[{"href":"http:\/\/blogdalucianaoliveira.com.br\/blog\/wp-json\/wp\/v2\/types\/post"}],"author":[{"embeddable":true,"href":"http:\/\/blogdalucianaoliveira.com.br\/blog\/wp-json\/wp\/v2\/users\/1"}],"replies":[{"embeddable":true,"href":"http:\/\/blogdalucianaoliveira.com.br\/blog\/wp-json\/wp\/v2\/comments?post=17288"}],"version-history":[{"count":1,"href":"http:\/\/blogdalucianaoliveira.com.br\/blog\/wp-json\/wp\/v2\/posts\/17288\/revisions"}],"predecessor-version":[{"id":17290,"href":"http:\/\/blogdalucianaoliveira.com.br\/blog\/wp-json\/wp\/v2\/posts\/17288\/revisions\/17290"}],"wp:attachment":[{"href":"http:\/\/blogdalucianaoliveira.com.br\/blog\/wp-json\/wp\/v2\/media?parent=17288"}],"wp:term":[{"taxonomy":"category","embeddable":true,"href":"http:\/\/blogdalucianaoliveira.com.br\/blog\/wp-json\/wp\/v2\/categories?post=17288"},{"taxonomy":"post_tag","embeddable":true,"href":"http:\/\/blogdalucianaoliveira.com.br\/blog\/wp-json\/wp\/v2\/tags?post=17288"}],"curies":[{"name":"wp","href":"https:\/\/api.w.org\/{rel}","templated":true}]}}