{"id":1729,"date":"2016-06-17T12:16:42","date_gmt":"2016-06-17T16:16:42","guid":{"rendered":"http:\/\/blogdalucianaoliveira.com.br\/blog\/?p=1729"},"modified":"2016-06-17T12:16:42","modified_gmt":"2016-06-17T16:16:42","slug":"juiz-critica-colegas-que-apoiam-sergio-moro-e-diz-que-cupula-do-judiciario-o-protege","status":"publish","type":"post","link":"http:\/\/blogdalucianaoliveira.com.br\/blog\/2016\/06\/17\/juiz-critica-colegas-que-apoiam-sergio-moro-e-diz-que-cupula-do-judiciario-o-protege\/","title":{"rendered":"Juiz critica colegas que apoiam S\u00e9rgio Moro e diz que c\u00fapula do judici\u00e1rio o protege"},"content":{"rendered":"<p><img data-recalc-dims=\"1\" loading=\"lazy\" decoding=\"async\" data-attachment-id=\"1730\" data-permalink=\"http:\/\/blogdalucianaoliveira.com.br\/blog\/2016\/06\/17\/juiz-critica-colegas-que-apoiam-sergio-moro-e-diz-que-cupula-do-judiciario-o-protege\/juiz\/\" data-orig-file=\"https:\/\/i0.wp.com\/blogdalucianaoliveira.com.br\/blog\/wp-content\/uploads\/2016\/06\/juiz.jpg?fit=2000%2C1209\" data-orig-size=\"2000,1209\" data-comments-opened=\"0\" data-image-meta=\"{&quot;aperture&quot;:&quot;3.5&quot;,&quot;credit&quot;:&quot;&quot;,&quot;camera&quot;:&quot;Canon EOS 5D Mark III&quot;,&quot;caption&quot;:&quot;&quot;,&quot;created_timestamp&quot;:&quot;1465934840&quot;,&quot;copyright&quot;:&quot;&quot;,&quot;focal_length&quot;:&quot;70&quot;,&quot;iso&quot;:&quot;2000&quot;,&quot;shutter_speed&quot;:&quot;0.008&quot;,&quot;title&quot;:&quot;&quot;,&quot;orientation&quot;:&quot;0&quot;}\" data-image-title=\"juiz\" data-image-description=\"\" data-image-caption=\"\" data-medium-file=\"https:\/\/i0.wp.com\/blogdalucianaoliveira.com.br\/blog\/wp-content\/uploads\/2016\/06\/juiz.jpg?fit=300%2C181\" data-large-file=\"https:\/\/i0.wp.com\/blogdalucianaoliveira.com.br\/blog\/wp-content\/uploads\/2016\/06\/juiz.jpg?fit=600%2C363\" src=\"https:\/\/i0.wp.com\/blogdalucianaoliveira.com.br\/blog\/wp-content\/uploads\/2016\/06\/juiz.jpg?resize=600%2C363\" alt=\"juiz\" width=\"600\" height=\"363\" class=\"alignnone size-full wp-image-1730\" srcset=\"https:\/\/i0.wp.com\/blogdalucianaoliveira.com.br\/blog\/wp-content\/uploads\/2016\/06\/juiz.jpg?w=2000 2000w, https:\/\/i0.wp.com\/blogdalucianaoliveira.com.br\/blog\/wp-content\/uploads\/2016\/06\/juiz.jpg?resize=300%2C181 300w, https:\/\/i0.wp.com\/blogdalucianaoliveira.com.br\/blog\/wp-content\/uploads\/2016\/06\/juiz.jpg?resize=768%2C464 768w, https:\/\/i0.wp.com\/blogdalucianaoliveira.com.br\/blog\/wp-content\/uploads\/2016\/06\/juiz.jpg?resize=1024%2C619 1024w, https:\/\/i0.wp.com\/blogdalucianaoliveira.com.br\/blog\/wp-content\/uploads\/2016\/06\/juiz.jpg?resize=496%2C300 496w, https:\/\/i0.wp.com\/blogdalucianaoliveira.com.br\/blog\/wp-content\/uploads\/2016\/06\/juiz.jpg?w=1200 1200w, https:\/\/i0.wp.com\/blogdalucianaoliveira.com.br\/blog\/wp-content\/uploads\/2016\/06\/juiz.jpg?w=1800 1800w\" sizes=\"auto, (max-width: 600px) 100vw, 600px\" \/><\/p>\n<p>Hugo Melo Filho, presidente da Associa\u00e7\u00e3o Latino-Americana de Ju\u00edzes do Trabalho, destoa de ju\u00edzes que se omitem ou se posicionam a favor de S\u00e9rgio Moro.<!--more--><\/p>\n<p>Ao falar do processo de impedimento da presidenta Dilma Rousseff, o magistrado analisou os m\u00e9todos adotados para a espetaculariza\u00e7\u00e3o das investiga\u00e7\u00f5es. \u201cUm processo absolutamente seletivo que tem como objetivo a derrubada da Presidente da Rep\u00fablica por interm\u00e9dio de um juiz protegido pela c\u00fapula do poder judici\u00e1rio\u201d, enfatizou.<\/p>\n<p>Se para ele a independ\u00eancia judicial \u00e9 a garantia da cidadania e a condi\u00e7\u00e3o para um estado democr\u00e1tico de direito, um juiz deve decidir como utilizar sua liberdade a partir da consci\u00eancia. Esse \u00e9 o limite de atua\u00e7\u00e3o do juiz, com a sua independ\u00eancia judicial n\u00e3o significando extrapolar a lei e tomar atitudes ilegais, no que Melo Filho chamou de \u201ciniciativa messi\u00e2nica de forma seletiva\u201d.<\/p>\n<p>O magistrado tamb\u00e9m fez refer\u00eancia a aus\u00eancia de democracia no poder judici\u00e1rio. N\u00e3o por ser o \u00fanico poder cujos representantes n\u00e3o s\u00e3o eleitos pelo povo, mas pela pr\u00f3pria estrutura. \u201cImaginem os senhores que n\u00f3s n\u00e3o participamos de coisa nenhuma. N\u00e3o elegemos os presidentes dos nossos tribunais, n\u00e3o participamos do estabelecimento de metas ou do planejamento estrat\u00e9gico. Tudo \u00e9 decidido pelas c\u00fapulas. Somos a \u00fanica institui\u00e7\u00e3o que n\u00e3o elege seus administradores\u201d, relatou.<\/p>\n<p>Por Gilbran Mendes, no blog Jornalistas Livres<\/p>\n","protected":false},"excerpt":{"rendered":"<p>Hugo Melo Filho, presidente da Associa\u00e7\u00e3o Latino-Americana de Ju\u00edzes do Trabalho, destoa de ju\u00edzes que se omitem ou se posicionam a favor de S\u00e9rgio Moro.<\/p>\n","protected":false},"author":1,"featured_media":0,"comment_status":"closed","ping_status":"open","sticky":false,"template":"","format":"standard","meta":{"_exactmetrics_skip_tracking":false,"_exactmetrics_sitenote_active":false,"_exactmetrics_sitenote_note":"","_exactmetrics_sitenote_category":0,"jetpack_post_was_ever_published":false,"_jetpack_newsletter_access":"","_jetpack_dont_email_post_to_subs":false,"_jetpack_newsletter_tier_id":0,"_jetpack_memberships_contains_paywalled_content":false,"_jetpack_memberships_contains_paid_content":false,"footnotes":"","jetpack_publicize_message":"","jetpack_publicize_feature_enabled":true,"jetpack_social_post_already_shared":true,"jetpack_social_options":{"image_generator_settings":{"template":"highway","enabled":false},"version":2}},"categories":[1],"tags":[],"class_list":["post-1729","post","type-post","status-publish","format-standard","hentry","category-notas"],"jetpack_publicize_connections":[],"jetpack_sharing_enabled":true,"jetpack_featured_media_url":"","jetpack_shortlink":"https:\/\/wp.me\/p7wKYW-rT","jetpack-related-posts":[],"_links":{"self":[{"href":"http:\/\/blogdalucianaoliveira.com.br\/blog\/wp-json\/wp\/v2\/posts\/1729","targetHints":{"allow":["GET"]}}],"collection":[{"href":"http:\/\/blogdalucianaoliveira.com.br\/blog\/wp-json\/wp\/v2\/posts"}],"about":[{"href":"http:\/\/blogdalucianaoliveira.com.br\/blog\/wp-json\/wp\/v2\/types\/post"}],"author":[{"embeddable":true,"href":"http:\/\/blogdalucianaoliveira.com.br\/blog\/wp-json\/wp\/v2\/users\/1"}],"replies":[{"embeddable":true,"href":"http:\/\/blogdalucianaoliveira.com.br\/blog\/wp-json\/wp\/v2\/comments?post=1729"}],"version-history":[{"count":1,"href":"http:\/\/blogdalucianaoliveira.com.br\/blog\/wp-json\/wp\/v2\/posts\/1729\/revisions"}],"predecessor-version":[{"id":1731,"href":"http:\/\/blogdalucianaoliveira.com.br\/blog\/wp-json\/wp\/v2\/posts\/1729\/revisions\/1731"}],"wp:attachment":[{"href":"http:\/\/blogdalucianaoliveira.com.br\/blog\/wp-json\/wp\/v2\/media?parent=1729"}],"wp:term":[{"taxonomy":"category","embeddable":true,"href":"http:\/\/blogdalucianaoliveira.com.br\/blog\/wp-json\/wp\/v2\/categories?post=1729"},{"taxonomy":"post_tag","embeddable":true,"href":"http:\/\/blogdalucianaoliveira.com.br\/blog\/wp-json\/wp\/v2\/tags?post=1729"}],"curies":[{"name":"wp","href":"https:\/\/api.w.org\/{rel}","templated":true}]}}