{"id":17300,"date":"2018-04-02T11:46:26","date_gmt":"2018-04-02T15:46:26","guid":{"rendered":"http:\/\/blogdalucianaoliveira.com.br\/blog\/?p=17300"},"modified":"2018-04-02T11:46:26","modified_gmt":"2018-04-02T15:46:26","slug":"defender-que-cachorros-comam-indios-e-mera-liberdade-de-expressao-diz-trf-4","status":"publish","type":"post","link":"http:\/\/blogdalucianaoliveira.com.br\/blog\/2018\/04\/02\/defender-que-cachorros-comam-indios-e-mera-liberdade-de-expressao-diz-trf-4\/","title":{"rendered":"Defender que cachorros comam \u00edndios \u00e9 mera liberdade de express\u00e3o, diz TRF-4"},"content":{"rendered":"<p><img data-recalc-dims=\"1\" loading=\"lazy\" decoding=\"async\" data-attachment-id=\"17301\" data-permalink=\"http:\/\/blogdalucianaoliveira.com.br\/blog\/2018\/04\/02\/defender-que-cachorros-comam-indios-e-mera-liberdade-de-expressao-diz-trf-4\/2a18e9ec-33ba-4bfb-8c36-00908a47e690\/\" data-orig-file=\"https:\/\/i0.wp.com\/blogdalucianaoliveira.com.br\/blog\/wp-content\/uploads\/2018\/04\/2A18E9EC-33BA-4BFB-8C36-00908A47E690.jpeg?fit=457%2C322\" data-orig-size=\"457,322\" data-comments-opened=\"0\" data-image-meta=\"{&quot;aperture&quot;:&quot;0&quot;,&quot;credit&quot;:&quot;&quot;,&quot;camera&quot;:&quot;&quot;,&quot;caption&quot;:&quot;&quot;,&quot;created_timestamp&quot;:&quot;0&quot;,&quot;copyright&quot;:&quot;&quot;,&quot;focal_length&quot;:&quot;0&quot;,&quot;iso&quot;:&quot;0&quot;,&quot;shutter_speed&quot;:&quot;0&quot;,&quot;title&quot;:&quot;&quot;,&quot;orientation&quot;:&quot;0&quot;}\" data-image-title=\"2A18E9EC-33BA-4BFB-8C36-00908A47E690\" data-image-description=\"\" data-image-caption=\"\" data-medium-file=\"https:\/\/i0.wp.com\/blogdalucianaoliveira.com.br\/blog\/wp-content\/uploads\/2018\/04\/2A18E9EC-33BA-4BFB-8C36-00908A47E690.jpeg?fit=300%2C211\" data-large-file=\"https:\/\/i0.wp.com\/blogdalucianaoliveira.com.br\/blog\/wp-content\/uploads\/2018\/04\/2A18E9EC-33BA-4BFB-8C36-00908A47E690.jpeg?fit=457%2C322\" src=\"https:\/\/i0.wp.com\/blogdalucianaoliveira.com.br\/blog\/wp-content\/uploads\/2018\/04\/2A18E9EC-33BA-4BFB-8C36-00908A47E690.jpeg?resize=457%2C322\" alt=\"2A18E9EC-33BA-4BFB-8C36-00908A47E690\" width=\"457\" height=\"322\" class=\"alignnone size-full wp-image-17301\" srcset=\"https:\/\/i0.wp.com\/blogdalucianaoliveira.com.br\/blog\/wp-content\/uploads\/2018\/04\/2A18E9EC-33BA-4BFB-8C36-00908A47E690.jpeg?w=457 457w, https:\/\/i0.wp.com\/blogdalucianaoliveira.com.br\/blog\/wp-content\/uploads\/2018\/04\/2A18E9EC-33BA-4BFB-8C36-00908A47E690.jpeg?resize=300%2C211 300w, https:\/\/i0.wp.com\/blogdalucianaoliveira.com.br\/blog\/wp-content\/uploads\/2018\/04\/2A18E9EC-33BA-4BFB-8C36-00908A47E690.jpeg?resize=426%2C300 426w\" sizes=\"auto, (max-width: 457px) 100vw, 457px\" \/><\/p>\n<p>No Conjur, por Jomar Martins &#8211; Sem preju\u00edzo de dano concreto a determinada pessoa, a liberdade de express\u00e3o tem primazia em casos de m\u00ednima ofensividade, para evitar que o Estado comece a amorda\u00e7ar cidad\u00e3os por meio do Direito Penal. <!--more--><\/p>\n<p>Assim entendeu a 8\u00aa Turma do Tribunal Regional Federal da 4\u00aa Regi\u00e3o ao absolver um empres\u00e1rio paranaense acusado de discriminar ind\u00edgenas em coment\u00e1rio no Facebook.<\/p>\n<p>O caso ocorreu em abril de 2013, quando uma das p\u00e1ginas da rede social veiculou fotografia de faixa com a seguinte inscri\u00e7\u00e3o: \u2018\u2018Ou o Brasil acaba com a Funai ou a Funai acaba com o Brasil\u2019\u2019. A mensagem fazia alus\u00e3o \u00e0 presen\u00e7a de ind\u00edgenas na regi\u00e3o de Gua\u00edra e Terra Roxa, no Paran\u00e1. O homem decidiu completar a frase com a seguinte declara\u00e7\u00e3o: \u2018\u2018Ou ensinar nossos cachorros a comer \u2018indio\u2019, em vez de ra\u00e7\u00e3o, um a cada dois dias j\u00e1 t\u00e1 bom!!!!kkkkkkkk\u2019\u2019.<\/p>\n<p>O Minist\u00e9rio P\u00fablico Federal acusou o empres\u00e1rio de praticar crimes de preconceito de ra\u00e7a ou de cor (artigo 20 da Lei 7.716\/89). Segundo a den\u00fancia, n\u00e3o se pode conceber a ideia de que um pensamento ou opini\u00e3o sobre determinado tema venha a ofender a honra ou a dignidade de outras pessoas e incitar a discrimina\u00e7\u00e3o ou preconceito a determinada etnia.<\/p>\n<p>O r\u00e9u, por\u00e9m, foi absolvido pelo ju\u00edzo de primeiro grau. O ju\u00edzo da 1\u00aa Vara Federal de Gua\u00edra entendeu que a aplica\u00e7\u00e3o do tipo penal exige, de forma imprescind\u00edvel, a presen\u00e7a do dolo espec\u00edfico na conduta do agente \u2014 ou seja, a vontade livre e consciente de praticar, induzir ou incitar o preconceito ou discrimina\u00e7\u00e3o racial. Para o juiz Daniel Antoniazzi Freitag, o coment\u00e1rio do r\u00e9u \u00e9 preconceituoso, mas muito longe de se caracterizar como discurso de \u00f3dio. <\/p>\n<p>O MPF recorreu, mas o TRF-4 entendeu que o coment\u00e1rio n\u00e3o teve a inten\u00e7\u00e3o de promover preconceito ou discrimina\u00e7\u00e3o contra ind\u00edgenas. Ou seja, n\u00e3o teve o dolo espec\u00edfico. E, como n\u00e3o feriu a lei, a conduta foi considerada at\u00edpica, resultando na absolvi\u00e7\u00e3o.<\/p>\n<p>Engra\u00e7adinho<\/p>\n<p>O relator, desembargador Victor Luiz dos Santos Laus, disse que a sugest\u00e3o de adestrar c\u00e3es para atacar ind\u00edgenas n\u00e3o pode ser levada a s\u00e9rio, sendo \u201cn\u00edtida a inten\u00e7\u00e3o de pilh\u00e9ria\u201d. Para ele, o r\u00e9u queria se mostrar engra\u00e7ado e, com isso, conseguir alguma popularidade por meio de \u2018\u2018curtidas\u2019\u2019, e n\u00e3o prejudicar ou hostilizar determinado grupo social.<\/p>\n<p>Al\u00e9m disso, conforme Laus, a probabilidade de ocorr\u00eancia de dano a partir da publica\u00e7\u00e3o da mensagem em ambiente virtual \u00e9 nula, evidenciando sua inocuidade. O relator disse que n\u00e3o h\u00e1 relatos de qualquer resultado mais grave decorrente da publica\u00e7\u00e3o opinativa. \u2018\u2018Portanto, bem se investigando, de discurso de \u00f3dio n\u00e3o se trata aqui\u2019\u2019, concluiu.<\/p>\n<p>Ainda segundo relator, o Judici\u00e1rio deve \u2018\u2018aplicar os crit\u00e9rios de interpreta\u00e7\u00e3o da interven\u00e7\u00e3o m\u00ednima, fragmentariedade, subsidiariedade e necessidade na aplica\u00e7\u00e3o do Direito Penal\u2019\u2019.<\/p>\n","protected":false},"excerpt":{"rendered":"<p>No Conjur, por Jomar Martins &#8211; Sem preju\u00edzo de dano concreto a determinada pessoa, a liberdade de express\u00e3o tem primazia em casos de m\u00ednima ofensividade, para evitar que o Estado comece a amorda\u00e7ar cidad\u00e3os por meio do Direito Penal.<\/p>\n","protected":false},"author":1,"featured_media":0,"comment_status":"closed","ping_status":"open","sticky":false,"template":"","format":"standard","meta":{"_exactmetrics_skip_tracking":false,"_exactmetrics_sitenote_active":false,"_exactmetrics_sitenote_note":"","_exactmetrics_sitenote_category":0,"jetpack_post_was_ever_published":false,"_jetpack_newsletter_access":"","_jetpack_dont_email_post_to_subs":false,"_jetpack_newsletter_tier_id":0,"_jetpack_memberships_contains_paywalled_content":false,"_jetpack_memberships_contains_paid_content":false,"footnotes":"","jetpack_publicize_message":"","jetpack_publicize_feature_enabled":true,"jetpack_social_post_already_shared":true,"jetpack_social_options":{"image_generator_settings":{"template":"highway","enabled":false},"version":2}},"categories":[1],"tags":[],"class_list":["post-17300","post","type-post","status-publish","format-standard","hentry","category-notas"],"jetpack_publicize_connections":[],"jetpack_sharing_enabled":true,"jetpack_featured_media_url":"","jetpack_shortlink":"https:\/\/wp.me\/p7wKYW-4v2","jetpack-related-posts":[],"_links":{"self":[{"href":"http:\/\/blogdalucianaoliveira.com.br\/blog\/wp-json\/wp\/v2\/posts\/17300","targetHints":{"allow":["GET"]}}],"collection":[{"href":"http:\/\/blogdalucianaoliveira.com.br\/blog\/wp-json\/wp\/v2\/posts"}],"about":[{"href":"http:\/\/blogdalucianaoliveira.com.br\/blog\/wp-json\/wp\/v2\/types\/post"}],"author":[{"embeddable":true,"href":"http:\/\/blogdalucianaoliveira.com.br\/blog\/wp-json\/wp\/v2\/users\/1"}],"replies":[{"embeddable":true,"href":"http:\/\/blogdalucianaoliveira.com.br\/blog\/wp-json\/wp\/v2\/comments?post=17300"}],"version-history":[{"count":1,"href":"http:\/\/blogdalucianaoliveira.com.br\/blog\/wp-json\/wp\/v2\/posts\/17300\/revisions"}],"predecessor-version":[{"id":17302,"href":"http:\/\/blogdalucianaoliveira.com.br\/blog\/wp-json\/wp\/v2\/posts\/17300\/revisions\/17302"}],"wp:attachment":[{"href":"http:\/\/blogdalucianaoliveira.com.br\/blog\/wp-json\/wp\/v2\/media?parent=17300"}],"wp:term":[{"taxonomy":"category","embeddable":true,"href":"http:\/\/blogdalucianaoliveira.com.br\/blog\/wp-json\/wp\/v2\/categories?post=17300"},{"taxonomy":"post_tag","embeddable":true,"href":"http:\/\/blogdalucianaoliveira.com.br\/blog\/wp-json\/wp\/v2\/tags?post=17300"}],"curies":[{"name":"wp","href":"https:\/\/api.w.org\/{rel}","templated":true}]}}