{"id":17303,"date":"2018-04-02T21:00:40","date_gmt":"2018-04-03T01:00:40","guid":{"rendered":"http:\/\/blogdalucianaoliveira.com.br\/blog\/?p=17303"},"modified":"2018-04-02T21:43:41","modified_gmt":"2018-04-03T01:43:41","slug":"a-excitacao-descomunal-de-membros-do-judiciario-com-a-prisao-de-lula","status":"publish","type":"post","link":"http:\/\/blogdalucianaoliveira.com.br\/blog\/2018\/04\/02\/a-excitacao-descomunal-de-membros-do-judiciario-com-a-prisao-de-lula\/","title":{"rendered":"A excita\u00e7\u00e3o descomunal de membros do judici\u00e1rio com a pris\u00e3o de Lula"},"content":{"rendered":"<p><img data-recalc-dims=\"1\" loading=\"lazy\" decoding=\"async\" data-attachment-id=\"17304\" data-permalink=\"http:\/\/blogdalucianaoliveira.com.br\/blog\/2018\/04\/02\/a-excitacao-descomunal-de-membros-do-judiciario-com-a-prisao-de-lula\/juju-2\/\" data-orig-file=\"https:\/\/i0.wp.com\/blogdalucianaoliveira.com.br\/blog\/wp-content\/uploads\/2018\/04\/juju.jpg?fit=580%2C388\" data-orig-size=\"580,388\" data-comments-opened=\"0\" data-image-meta=\"{&quot;aperture&quot;:&quot;0&quot;,&quot;credit&quot;:&quot;&quot;,&quot;camera&quot;:&quot;&quot;,&quot;caption&quot;:&quot;&quot;,&quot;created_timestamp&quot;:&quot;0&quot;,&quot;copyright&quot;:&quot;&quot;,&quot;focal_length&quot;:&quot;0&quot;,&quot;iso&quot;:&quot;0&quot;,&quot;shutter_speed&quot;:&quot;0&quot;,&quot;title&quot;:&quot;&quot;,&quot;orientation&quot;:&quot;0&quot;}\" data-image-title=\"juju\" data-image-description=\"\" data-image-caption=\"\" data-medium-file=\"https:\/\/i0.wp.com\/blogdalucianaoliveira.com.br\/blog\/wp-content\/uploads\/2018\/04\/juju.jpg?fit=300%2C201\" data-large-file=\"https:\/\/i0.wp.com\/blogdalucianaoliveira.com.br\/blog\/wp-content\/uploads\/2018\/04\/juju.jpg?fit=580%2C388\" src=\"https:\/\/i0.wp.com\/blogdalucianaoliveira.com.br\/blog\/wp-content\/uploads\/2018\/04\/juju.jpg?resize=580%2C388\" alt=\"juju\" width=\"580\" height=\"388\" class=\"alignnone size-full wp-image-17304\" srcset=\"https:\/\/i0.wp.com\/blogdalucianaoliveira.com.br\/blog\/wp-content\/uploads\/2018\/04\/juju.jpg?w=580 580w, https:\/\/i0.wp.com\/blogdalucianaoliveira.com.br\/blog\/wp-content\/uploads\/2018\/04\/juju.jpg?resize=300%2C201 300w, https:\/\/i0.wp.com\/blogdalucianaoliveira.com.br\/blog\/wp-content\/uploads\/2018\/04\/juju.jpg?resize=448%2C300 448w\" sizes=\"auto, (max-width: 580px) 100vw, 580px\" \/><\/p>\n<p>N\u00e3o adianta negar, tem conota\u00e7\u00e3o pol\u00edtico-partid\u00e1ria sim, a nota t\u00e9cnica protocolada por ju\u00edzes, promotores e procuradores no Supremo Tribunal Federal em que imploram a manuten\u00e7\u00e3o da jurisprud\u00eancia que autoriza a pris\u00e3o a partir de condena\u00e7\u00e3o em 2\u00aa Inst\u00e2ncia. <\/p>\n<p>Com mais de 5 mil assinaturas, o documento foi produzido para aterrorizar a sociedade com a imin\u00eancia de libera\u00e7\u00e3o de condenados, caso o STF restitua a garantia constitucional da presun\u00e7\u00e3o de inoc\u00eancia que deve sobrevive at\u00e9 o tr\u00e2nsito em julgado. <!--more--><\/p>\n<p>O pedido foi entregue nos gabinetes dos ministros e da presidente, C\u00e1rmen L\u00facia, sem aviso, pra \u2018causar\u2019.<\/p>\n<p>A turba justiceira escolheu a v\u00e9spera do julgamento do m\u00e9rito do habeas corpus preventivo do ex-presidente Luiz In\u00e1cio Lula da Silva para demonstrar tal preocupa\u00e7\u00e3o.<\/p>\n<p>Ali\u00e1s, a caravana de ativistas do judici\u00e1rio se notabilizou em movimentou que prejudicaram dois ex-presidentes petistas, Lula e Dilma. <\/p>\n<p>Foi assim, quando com o pretexto de apoio \u00e0 Opera\u00e7\u00e3o Lava Jato e ao juiz S\u00e9rgio Moro, realizaram protestos e espalharam outdoors em v\u00e1rias cidades no auge do processo de impeachment &#8211; sem crime que o justificasse &#8211; para estimular a rasteira na presidenta eleita.<\/p>\n<p>Al\u00e9m disso, ju\u00edzes federais ganharam os holofotes por greve em defesa do aux\u00edlio-moradia mais imoral da rep\u00fablica. <\/p>\n<p>Essa turba nunca esteve sem inv\u00f3lucro partid\u00e1rio, de fato preocupada com combate \u00e0 corrup\u00e7\u00e3o ou impunidade e agiu para estimular o golpe e a samba vingativa que nada t\u00eam a ver com justi\u00e7a.<\/p>\n<p>As decis\u00f5es fundamentadas em achismos e com espetaculariza\u00e7\u00e3o in\u00e9dita e abomin\u00e1vel s\u00f3 mergulharam a sociedade na inseguran\u00e7a jur\u00eddica.<\/p>\n<p>N\u00e3o merece credibilidsfe o ato desses ativistas partid\u00e1rios, pois a atitude puramente demag\u00f3gica e seletiva s\u00f3 n\u00e3o \u00e9 mais pat\u00e9tica que o jejum prometido por Deltan Dallagnhol para que Lula tenha o HC negado.<\/p>\n<p>O caso do procurador que recorre \u00e0 B\u00edblia em detrimento do direito \u00e9 mais grave, \u00e9 tipo priapismo. <\/p>\n<p>E deve doer  horrores a cada pesquisa de inten\u00e7\u00e3o de votos sobre a corrida \u00e0 presid\u00eancia.<\/p>\n","protected":false},"excerpt":{"rendered":"<p>N\u00e3o adianta negar, tem conota\u00e7\u00e3o pol\u00edtico-partid\u00e1ria sim, a nota t\u00e9cnica protocolada por ju\u00edzes, promotores e procuradores no Supremo Tribunal Federal em que imploram a manuten\u00e7\u00e3o da jurisprud\u00eancia que autoriza a pris\u00e3o a partir de condena\u00e7\u00e3o em 2\u00aa Inst\u00e2ncia. Com mais de 5 mil assinaturas, o documento foi produzido para aterrorizar a sociedade com a imin\u00eancia&#8230;<a class=\"more-link\" href=\"http:\/\/blogdalucianaoliveira.com.br\/blog\/2018\/04\/02\/a-excitacao-descomunal-de-membros-do-judiciario-com-a-prisao-de-lula\/\">Continue a leitura <span class=\"meta-nav\">&raquo;<\/span><\/a><\/p>\n","protected":false},"author":1,"featured_media":0,"comment_status":"closed","ping_status":"open","sticky":false,"template":"","format":"standard","meta":{"_exactmetrics_skip_tracking":false,"_exactmetrics_sitenote_active":false,"_exactmetrics_sitenote_note":"","_exactmetrics_sitenote_category":0,"jetpack_post_was_ever_published":false,"_jetpack_newsletter_access":"","_jetpack_dont_email_post_to_subs":false,"_jetpack_newsletter_tier_id":0,"_jetpack_memberships_contains_paywalled_content":false,"_jetpack_memberships_contains_paid_content":false,"footnotes":"","jetpack_publicize_message":"","jetpack_publicize_feature_enabled":true,"jetpack_social_post_already_shared":true,"jetpack_social_options":{"image_generator_settings":{"template":"highway","enabled":false},"version":2}},"categories":[1],"tags":[],"class_list":["post-17303","post","type-post","status-publish","format-standard","hentry","category-notas"],"jetpack_publicize_connections":[],"jetpack_sharing_enabled":true,"jetpack_featured_media_url":"","jetpack_shortlink":"https:\/\/wp.me\/p7wKYW-4v5","jetpack-related-posts":[],"_links":{"self":[{"href":"http:\/\/blogdalucianaoliveira.com.br\/blog\/wp-json\/wp\/v2\/posts\/17303","targetHints":{"allow":["GET"]}}],"collection":[{"href":"http:\/\/blogdalucianaoliveira.com.br\/blog\/wp-json\/wp\/v2\/posts"}],"about":[{"href":"http:\/\/blogdalucianaoliveira.com.br\/blog\/wp-json\/wp\/v2\/types\/post"}],"author":[{"embeddable":true,"href":"http:\/\/blogdalucianaoliveira.com.br\/blog\/wp-json\/wp\/v2\/users\/1"}],"replies":[{"embeddable":true,"href":"http:\/\/blogdalucianaoliveira.com.br\/blog\/wp-json\/wp\/v2\/comments?post=17303"}],"version-history":[{"count":4,"href":"http:\/\/blogdalucianaoliveira.com.br\/blog\/wp-json\/wp\/v2\/posts\/17303\/revisions"}],"predecessor-version":[{"id":17309,"href":"http:\/\/blogdalucianaoliveira.com.br\/blog\/wp-json\/wp\/v2\/posts\/17303\/revisions\/17309"}],"wp:attachment":[{"href":"http:\/\/blogdalucianaoliveira.com.br\/blog\/wp-json\/wp\/v2\/media?parent=17303"}],"wp:term":[{"taxonomy":"category","embeddable":true,"href":"http:\/\/blogdalucianaoliveira.com.br\/blog\/wp-json\/wp\/v2\/categories?post=17303"},{"taxonomy":"post_tag","embeddable":true,"href":"http:\/\/blogdalucianaoliveira.com.br\/blog\/wp-json\/wp\/v2\/tags?post=17303"}],"curies":[{"name":"wp","href":"https:\/\/api.w.org\/{rel}","templated":true}]}}