{"id":1732,"date":"2016-06-17T13:45:56","date_gmt":"2016-06-17T17:45:56","guid":{"rendered":"http:\/\/blogdalucianaoliveira.com.br\/blog\/?p=1732"},"modified":"2016-06-17T13:51:20","modified_gmt":"2016-06-17T17:51:20","slug":"o-porta-voz-da-incoerencia-sendo-coerente-alceu-diz-que-pais-precisa-de-reforma-politica-profunda","status":"publish","type":"post","link":"http:\/\/blogdalucianaoliveira.com.br\/blog\/2016\/06\/17\/o-porta-voz-da-incoerencia-sendo-coerente-alceu-diz-que-pais-precisa-de-reforma-politica-profunda\/","title":{"rendered":"O porta-voz da incoer\u00eancia sendo coerente. Alceu diz que pa\u00eds precisa de reforma pol\u00edtica profunda"},"content":{"rendered":"<p><img data-recalc-dims=\"1\" loading=\"lazy\" decoding=\"async\" data-attachment-id=\"1733\" data-permalink=\"http:\/\/blogdalucianaoliveira.com.br\/blog\/2016\/06\/17\/o-porta-voz-da-incoerencia-sendo-coerente-alceu-diz-que-pais-precisa-de-reforma-politica-profunda\/image-370\/\" data-orig-file=\"https:\/\/i0.wp.com\/blogdalucianaoliveira.com.br\/blog\/wp-content\/uploads\/2016\/06\/image-65.jpeg?fit=1600%2C1306\" data-orig-size=\"1600,1306\" data-comments-opened=\"0\" data-image-meta=\"{&quot;aperture&quot;:&quot;0&quot;,&quot;credit&quot;:&quot;Picasa&quot;,&quot;camera&quot;:&quot;&quot;,&quot;caption&quot;:&quot;&quot;,&quot;created_timestamp&quot;:&quot;0&quot;,&quot;copyright&quot;:&quot;&quot;,&quot;focal_length&quot;:&quot;0&quot;,&quot;iso&quot;:&quot;0&quot;,&quot;shutter_speed&quot;:&quot;0&quot;,&quot;title&quot;:&quot;&quot;,&quot;orientation&quot;:&quot;0&quot;}\" data-image-title=\"image\" data-image-description=\"\" data-image-caption=\"\" data-medium-file=\"https:\/\/i0.wp.com\/blogdalucianaoliveira.com.br\/blog\/wp-content\/uploads\/2016\/06\/image-65.jpeg?fit=300%2C245\" data-large-file=\"https:\/\/i0.wp.com\/blogdalucianaoliveira.com.br\/blog\/wp-content\/uploads\/2016\/06\/image-65.jpeg?fit=600%2C490\" src=\"https:\/\/i0.wp.com\/blogdalucianaoliveira.com.br\/blog\/wp-content\/uploads\/2016\/06\/image-65.jpeg?resize=600%2C490\" alt=\"image\" width=\"600\" height=\"490\" class=\"alignnone size-full wp-image-1733\" srcset=\"https:\/\/i0.wp.com\/blogdalucianaoliveira.com.br\/blog\/wp-content\/uploads\/2016\/06\/image-65.jpeg?w=1600 1600w, https:\/\/i0.wp.com\/blogdalucianaoliveira.com.br\/blog\/wp-content\/uploads\/2016\/06\/image-65.jpeg?resize=300%2C245 300w, https:\/\/i0.wp.com\/blogdalucianaoliveira.com.br\/blog\/wp-content\/uploads\/2016\/06\/image-65.jpeg?resize=768%2C627 768w, https:\/\/i0.wp.com\/blogdalucianaoliveira.com.br\/blog\/wp-content\/uploads\/2016\/06\/image-65.jpeg?resize=1024%2C836 1024w, https:\/\/i0.wp.com\/blogdalucianaoliveira.com.br\/blog\/wp-content\/uploads\/2016\/06\/image-65.jpeg?resize=368%2C300 368w, https:\/\/i0.wp.com\/blogdalucianaoliveira.com.br\/blog\/wp-content\/uploads\/2016\/06\/image-65.jpeg?w=1200 1200w\" sizes=\"auto, (max-width: 600px) 100vw, 600px\" \/><\/p>\n<p>Demorei bastante para me manifestar sobre a gravidade de nossas quest\u00f5es  pol\u00edticas. Sou el\u00e9trico de nascen\u00e7a, mas devido \u00e0 complexidade dos fatos e da necessidade  de uma an\u00e1lise mais consistente, caminhei com muito cuidado, fazendo pausas para reflex\u00f5es a observar, com prud\u00eancia,  os fatos que v\u00eam se revelando dia ap\u00f3s dia. <!--more--><\/p>\n<p>Esse processo doido continua ativo e muita hist\u00f3ria ainda ser\u00e1 vomitada, mas, hoje, j\u00e1 tenho meu diagn\u00f3stico. Ali\u00e1s, h\u00e1 muito j\u00e1 discutia sobre a necessidade de uma ampla reforma estrutural e pol\u00edtica. As regras que conduzem as elei\u00e7\u00f5es no pa\u00eds favorecem a corrup\u00e7\u00e3o, desvirtuam e desmoralizam a nossa jovem e imatura democracia. As legendas, com rar\u00edssimas exce\u00e7\u00f5es, est\u00e3o comprometidas do p\u00e9 ao pesco\u00e7o, da raz\u00e3o at\u00e9 a alma, e vitaminam a plutocracia institu\u00edda no Brasil.  N\u00e3o existe sa\u00edda. Capital, dinheiro n\u00e3o t\u00eam ideologia. Sua gula desenfreada \u00e9 crescer e ganhar sempre mais. \u00c9 irracional. N\u00e3o \u00e9 bom, nem ruim.<\/p>\n<p>Pensamos, logo existimos, n\u00e3o \u00e9 verdade? O pensamento, os valores deveriam ser protagonistas e n\u00e3o o dinheiro. \u00c9 t\u00e3o claro, l\u00f3gico e insofism\u00e1vel. Um empres\u00e1rio pode at\u00e9 simpatizar com um pol\u00edtico pelo programa do partido ao qual ele pertence. Poderia dar contribui\u00e7\u00f5es nas respectivas campanhas p\u00fablicas. Mas, simpatia de 10, 20 milh\u00f5es de reais?  No fundo, \u00e9 um investimento ou um fundo de investimento? Depois vir\u00e3o obras, muitas vezes superfaturadas, para devolver e multiplicar o que fora &#8220;doado&#8221;. <\/p>\n<p>O pol\u00edtico bem relacionado no &#8220;high society&#8221;, certamente, gozar\u00e1 de melhores oportunidades para se eleger. A democracia j\u00e1 come\u00e7a marcada  pela desigualdade.<br \/>\n\u00c9 o troco,<br \/>\n\u00e9 a troca,<br \/>\n\u00e9 o trocado,<br \/>\n\u00e9 o truque do dinheiro doado<br \/>\nou investido?<br \/>\n\u00c9 o sistema corrompendo<br \/>\no indiv\u00edduo.<br \/>\n\u00c9 a sangria desatada.<br \/>\nBandidos.<br \/>\nAs reformas n\u00e3o devem se restringir apenas `a quest\u00e3o do financiamento das campanhas. J\u00e1 demos alguns passos favor\u00e1veis com o fim da reelei\u00e7\u00e3o, que se mostrou prejudicial \u00e0 din\u00e2mica da gest\u00e3o p\u00fablica. Mas outras quest\u00f5es devem ser levantadas e amplamente discutidas. Penso tamb\u00e9m na urg\u00eancia de uma reorganiza\u00e7\u00e3o estrutural, na desburocratiza\u00e7\u00e3o respons\u00e1vel, na agilidade e efici\u00eancia da m\u00e1quina p\u00fablica. <\/p>\n<p>\u00c9 preciso regulamentar a m\u00eddia com muita, muita  prud\u00eancia para n\u00e3o sufocar a liberdade de express\u00e3o.<br \/>\n\u00c9 preciso priorizar a cultura brasileira sem, contudo, nos fecharmos para o mundo globalizado. Somos seres planet\u00e1rios, mas, por enquanto, ainda existem fronteiras, barreiras culturais e econ\u00f4micas.  Precisamos cuidar do que \u00e9 nosso.<\/p>\n<p>\u00c9 preciso ter uma economia eficiente, mas que observe as quest\u00f5es sociais que se arrastam h\u00e1 s\u00e9culos.<br \/>\n\u00c9 preciso caminharmos adiante e progredir, respeitando a natureza e implementando o desenvolvimento sustent\u00e1vel.<br \/>\n\u00c9 preciso mais toler\u00e2ncia.<br \/>\n\u00c9 preciso entender que s\u00f3 a diversidade \u00e9 capaz de promover o desenvolvimento da nossa sociedade.<br \/>\n\u00c9 preciso respeitar as diferen\u00e7as.<br \/>\n\u00c9 preciso mais solidariedade e mais uni\u00e3o.<\/p>\n<p>Finalizando, se quiserem ir \u00e0s ruas exigir as reformas necess\u00e1rias para o fortalecimento real do nosso pa\u00eds, me avisem. <\/p>\n<p>Estarei junto!<\/p>\n<p>Alceu Valen\u00e7a <\/p>\n","protected":false},"excerpt":{"rendered":"<p>Demorei bastante para me manifestar sobre a gravidade de nossas quest\u00f5es pol\u00edticas. Sou el\u00e9trico de nascen\u00e7a, mas devido \u00e0 complexidade dos fatos e da necessidade de uma an\u00e1lise mais consistente, caminhei com muito cuidado, fazendo pausas para reflex\u00f5es a observar, com prud\u00eancia, os fatos que v\u00eam se revelando dia ap\u00f3s dia.<\/p>\n","protected":false},"author":1,"featured_media":0,"comment_status":"closed","ping_status":"open","sticky":false,"template":"","format":"standard","meta":{"_exactmetrics_skip_tracking":false,"_exactmetrics_sitenote_active":false,"_exactmetrics_sitenote_note":"","_exactmetrics_sitenote_category":0,"jetpack_post_was_ever_published":false,"_jetpack_newsletter_access":"","_jetpack_dont_email_post_to_subs":false,"_jetpack_newsletter_tier_id":0,"_jetpack_memberships_contains_paywalled_content":false,"_jetpack_memberships_contains_paid_content":false,"footnotes":"","jetpack_publicize_message":"","jetpack_publicize_feature_enabled":true,"jetpack_social_post_already_shared":true,"jetpack_social_options":{"image_generator_settings":{"template":"highway","enabled":false},"version":2}},"categories":[1],"tags":[133,134,135],"class_list":["post-1732","post","type-post","status-publish","format-standard","hentry","category-notas","tag-alceu-valenca","tag-crise-politica","tag-reforma-politica"],"jetpack_publicize_connections":[],"jetpack_sharing_enabled":true,"jetpack_featured_media_url":"","jetpack_shortlink":"https:\/\/wp.me\/p7wKYW-rW","jetpack-related-posts":[],"_links":{"self":[{"href":"http:\/\/blogdalucianaoliveira.com.br\/blog\/wp-json\/wp\/v2\/posts\/1732","targetHints":{"allow":["GET"]}}],"collection":[{"href":"http:\/\/blogdalucianaoliveira.com.br\/blog\/wp-json\/wp\/v2\/posts"}],"about":[{"href":"http:\/\/blogdalucianaoliveira.com.br\/blog\/wp-json\/wp\/v2\/types\/post"}],"author":[{"embeddable":true,"href":"http:\/\/blogdalucianaoliveira.com.br\/blog\/wp-json\/wp\/v2\/users\/1"}],"replies":[{"embeddable":true,"href":"http:\/\/blogdalucianaoliveira.com.br\/blog\/wp-json\/wp\/v2\/comments?post=1732"}],"version-history":[{"count":1,"href":"http:\/\/blogdalucianaoliveira.com.br\/blog\/wp-json\/wp\/v2\/posts\/1732\/revisions"}],"predecessor-version":[{"id":1734,"href":"http:\/\/blogdalucianaoliveira.com.br\/blog\/wp-json\/wp\/v2\/posts\/1732\/revisions\/1734"}],"wp:attachment":[{"href":"http:\/\/blogdalucianaoliveira.com.br\/blog\/wp-json\/wp\/v2\/media?parent=1732"}],"wp:term":[{"taxonomy":"category","embeddable":true,"href":"http:\/\/blogdalucianaoliveira.com.br\/blog\/wp-json\/wp\/v2\/categories?post=1732"},{"taxonomy":"post_tag","embeddable":true,"href":"http:\/\/blogdalucianaoliveira.com.br\/blog\/wp-json\/wp\/v2\/tags?post=1732"}],"curies":[{"name":"wp","href":"https:\/\/api.w.org\/{rel}","templated":true}]}}