{"id":17320,"date":"2018-04-03T12:12:59","date_gmt":"2018-04-03T16:12:59","guid":{"rendered":"http:\/\/blogdalucianaoliveira.com.br\/blog\/?p=17320"},"modified":"2018-04-03T15:52:05","modified_gmt":"2018-04-03T19:52:05","slug":"desembargador-de-rondonia-assina-manifesto-por-prisao-a-partir-de-condenacao-em-segunda-instancia","status":"publish","type":"post","link":"http:\/\/blogdalucianaoliveira.com.br\/blog\/2018\/04\/03\/desembargador-de-rondonia-assina-manifesto-por-prisao-a-partir-de-condenacao-em-segunda-instancia\/","title":{"rendered":"Desembargador de Rond\u00f4nia assina manifesto por pris\u00e3o a partir de condena\u00e7\u00e3o em segunda inst\u00e2ncia"},"content":{"rendered":"<div id=\"js_4yb\" class=\"_5pbx userContent _3576\" data-ft=\"{&quot;tn&quot;:&quot;K&quot;}\">\n<div id=\"id_5ac3a72b2a3de8c91364941\" class=\"text_exposed_root text_exposed\">\n<p><img data-recalc-dims=\"1\" loading=\"lazy\" decoding=\"async\" data-attachment-id=\"17321\" data-permalink=\"http:\/\/blogdalucianaoliveira.com.br\/blog\/2018\/04\/03\/desembargador-de-rondonia-assina-manifesto-por-prisao-a-partir-de-condenacao-em-segunda-instancia\/ber\/\" data-orig-file=\"https:\/\/i0.wp.com\/blogdalucianaoliveira.com.br\/blog\/wp-content\/uploads\/2018\/04\/ber.jpg?fit=244%2C207\" data-orig-size=\"244,207\" data-comments-opened=\"0\" data-image-meta=\"{&quot;aperture&quot;:&quot;0&quot;,&quot;credit&quot;:&quot;&quot;,&quot;camera&quot;:&quot;&quot;,&quot;caption&quot;:&quot;&quot;,&quot;created_timestamp&quot;:&quot;0&quot;,&quot;copyright&quot;:&quot;&quot;,&quot;focal_length&quot;:&quot;0&quot;,&quot;iso&quot;:&quot;0&quot;,&quot;shutter_speed&quot;:&quot;0&quot;,&quot;title&quot;:&quot;&quot;,&quot;orientation&quot;:&quot;0&quot;}\" data-image-title=\"ber\" data-image-description=\"\" data-image-caption=\"\" data-medium-file=\"https:\/\/i0.wp.com\/blogdalucianaoliveira.com.br\/blog\/wp-content\/uploads\/2018\/04\/ber.jpg?fit=244%2C207\" data-large-file=\"https:\/\/i0.wp.com\/blogdalucianaoliveira.com.br\/blog\/wp-content\/uploads\/2018\/04\/ber.jpg?fit=244%2C207\" class=\"alignnone size-full wp-image-17321\" src=\"https:\/\/i0.wp.com\/blogdalucianaoliveira.com.br\/blog\/wp-content\/uploads\/2018\/04\/ber.jpg?resize=244%2C207\" alt=\"ber\" width=\"244\" height=\"207\" \/><\/p>\n<p>Entre o rebanho punitivista que entregou manifesto no STF defendendo a pris\u00e3o a partir de condena\u00e7\u00e3o em segunda inst\u00e2ncia est\u00e1 o desembargador Gilberto Barbosa, de Rond\u00f4nia.<br \/>\nO nome dele consta no documento com 5.048 assinaturas de procuradores, ju\u00edzes e outros operadores do Direito que desprezam a garantia constitucional da presun\u00e7\u00e3o de inoc\u00eancia.<!--more--><\/p>\n<p>Ele \u00e9 a assinatura de numero 1959 no manifesto. Com rela\u00e7\u00e3o \u00e0 pris\u00e3o preventiva ele se mostrou mais coerente.<\/p>\n<div class=\"text_exposed_show\">\n<p>Gilberto foi relator do Habeas Corpus impetrado pelo vice-prefeito de Vilhena, Jacier Rosa Dias, acusado de participar de uma organiza\u00e7\u00e3o criminosa que atuava no poder executivo praticando crimes como lavagem de dinheiro, falsidade ideol\u00f3gica, fraude \u00e0 licita\u00e7\u00e3o, corrup\u00e7\u00e3o passiva e crime de responsabilidade.<\/p>\n<p>Em seu voto, o desembargador orientou a substitui\u00e7\u00e3o da pris\u00e3o preventiva por outras medidas medidas. E agiu corretamente. Pris\u00e3o \u00e9 medida excepcional, ou seja, depende de autorizadoras n\u00e3o flexibiliz\u00e1veis.<\/p>\n<p>Abram aspas:<\/p>\n<p>Neste contexto, a exemplo do entendimento do procurador de justic\u0327a Charles Tadeu Anderson conhecido pela tenacidade e eficie\u0302ncia com que combate a corrupc\u0327a\u0303o no Estado de Rondo\u0302nia vejo razoa\u0301vel e proporcional que, considerando as peculiaridades singulares que envolvem a conduta<br \/>\ndeste paciente, se flexibilize a prisa\u0303o preventiva.<\/p>\n<p>Neste contexto, com fundamento no artigo 319 do Co\u0301digo de Processo Penal, SUBSTITUO A CUSTO\u0301DIA PREVENTIVA PELAS SEGUINTES MEDIDAS:<\/p>\n<p>a) comparecimento quinzenal em Jui\u0301zo para informar e justificar suas atividades;b) obrigac\u0327a\u0303o de comparecer a todos os atos do processo, sempre que intimado;c) proibic\u0327a\u0303o de frequentar o\u0301rga\u0303os pu\u0301blicos do Munici\u0301pio de Vilhena, notadamente sedes dosPoderes Executivo e Legislativo;d) proibic\u0327a\u0303o de, por qualquer meio, manter contato com os demais investigados, servidores daqueleMunici\u0301pio e com testemunhas;e) proibic\u0327a\u0303o de deixar o Pai\u0301s;f) recolhimento domiciliar no peri\u0301odo noturno, feriados e finais de semana;g) uso de monitorac\u0327a\u0303o eletro\u0302nica, ficando restrita sua locomoc\u0327a\u0303o para atividades essenciais eindicadas a\u0300 Central de Monitorac\u0327a\u0303o.<\/p>\n<p>Fechem aspas.<\/p>\n<p>Nesta segunda-feira, 02, seis ex-vereadores foram condenados a mais de 15 anos de pris\u00e3o por receber propina no esquema. Leia aqui:\u00a0<a href=\"https:\/\/www.folhadosulonline.com.br\/noticias.php?id_noticias=33159\">https:\/\/www.folhadosulonline.com.br\/noticias.php?id_noticias=33159<\/a><\/p>\n<p>Confira a listas de assinaturas aqui:\u00a0<a href=\"https:\/\/l.facebook.com\/l.php?u=http%3A%2F%2Fm.congressoemfoco.uol.com.br%2Fnoticias%2Fmanifesto-de-juizes-e-procuradores-por-prisao-em-2%25C2%25AA-instancia-comecou-pelo-whatsapp-e-reuniu-mais-de-cinco-mil-nomes%2F&amp;h=ATNpyGlmAeQ9gooMyIO6HLvk7OKOmXD67TsxyzCAOfuZngCJn8ARKP2NKY8f_Mox1sEIAItFZpMzvuoAd5jpULZAG34rKGTvY7LZZ5MBFLYw5nNcMZvxCPMLtvY0Ly_Coa4tLTPA6JmlpQ\" target=\"_blank\" rel=\"noopener nofollow\" data-ft=\"{&quot;tn&quot;:&quot;-U&quot;}\" data-lynx-mode=\"asynclazy\">http:\/\/m.congressoemfoco.uol.com.br\/\u2026\/manifesto-de-juizes-\u2026\/<\/a><\/p>\n<\/div>\n<\/div>\n<\/div>\n<p>&nbsp;<\/p>\n<p>&nbsp;<\/p>\n","protected":false},"excerpt":{"rendered":"<p>Entre o rebanho punitivista que entregou manifesto no STF defendendo a pris\u00e3o a partir de condena\u00e7\u00e3o em segunda inst\u00e2ncia est\u00e1 o desembargador Gilberto Barbosa, de Rond\u00f4nia. O nome dele consta no documento com 5.048 assinaturas de procuradores, ju\u00edzes e outros operadores do Direito que desprezam a garantia constitucional da presun\u00e7\u00e3o de inoc\u00eancia.<\/p>\n","protected":false},"author":1,"featured_media":0,"comment_status":"closed","ping_status":"open","sticky":false,"template":"","format":"standard","meta":{"_exactmetrics_skip_tracking":false,"_exactmetrics_sitenote_active":false,"_exactmetrics_sitenote_note":"","_exactmetrics_sitenote_category":0,"jetpack_post_was_ever_published":false,"_jetpack_newsletter_access":"","_jetpack_dont_email_post_to_subs":false,"_jetpack_newsletter_tier_id":0,"_jetpack_memberships_contains_paywalled_content":false,"_jetpack_memberships_contains_paid_content":false,"footnotes":"","jetpack_publicize_message":"","jetpack_publicize_feature_enabled":true,"jetpack_social_post_already_shared":true,"jetpack_social_options":{"image_generator_settings":{"template":"highway","enabled":false},"version":2}},"categories":[1],"tags":[],"class_list":["post-17320","post","type-post","status-publish","format-standard","hentry","category-notas"],"jetpack_publicize_connections":[],"jetpack_sharing_enabled":true,"jetpack_featured_media_url":"","jetpack_shortlink":"https:\/\/wp.me\/p7wKYW-4vm","jetpack-related-posts":[],"_links":{"self":[{"href":"http:\/\/blogdalucianaoliveira.com.br\/blog\/wp-json\/wp\/v2\/posts\/17320","targetHints":{"allow":["GET"]}}],"collection":[{"href":"http:\/\/blogdalucianaoliveira.com.br\/blog\/wp-json\/wp\/v2\/posts"}],"about":[{"href":"http:\/\/blogdalucianaoliveira.com.br\/blog\/wp-json\/wp\/v2\/types\/post"}],"author":[{"embeddable":true,"href":"http:\/\/blogdalucianaoliveira.com.br\/blog\/wp-json\/wp\/v2\/users\/1"}],"replies":[{"embeddable":true,"href":"http:\/\/blogdalucianaoliveira.com.br\/blog\/wp-json\/wp\/v2\/comments?post=17320"}],"version-history":[{"count":2,"href":"http:\/\/blogdalucianaoliveira.com.br\/blog\/wp-json\/wp\/v2\/posts\/17320\/revisions"}],"predecessor-version":[{"id":17323,"href":"http:\/\/blogdalucianaoliveira.com.br\/blog\/wp-json\/wp\/v2\/posts\/17320\/revisions\/17323"}],"wp:attachment":[{"href":"http:\/\/blogdalucianaoliveira.com.br\/blog\/wp-json\/wp\/v2\/media?parent=17320"}],"wp:term":[{"taxonomy":"category","embeddable":true,"href":"http:\/\/blogdalucianaoliveira.com.br\/blog\/wp-json\/wp\/v2\/categories?post=17320"},{"taxonomy":"post_tag","embeddable":true,"href":"http:\/\/blogdalucianaoliveira.com.br\/blog\/wp-json\/wp\/v2\/tags?post=17320"}],"curies":[{"name":"wp","href":"https:\/\/api.w.org\/{rel}","templated":true}]}}