{"id":17324,"date":"2018-04-03T16:10:49","date_gmt":"2018-04-03T20:10:49","guid":{"rendered":"http:\/\/blogdalucianaoliveira.com.br\/blog\/?p=17324"},"modified":"2018-04-03T16:10:49","modified_gmt":"2018-04-03T20:10:49","slug":"a-gravidade-da-mais-nova-declaracao-estupida-de-barroso","status":"publish","type":"post","link":"http:\/\/blogdalucianaoliveira.com.br\/blog\/2018\/04\/03\/a-gravidade-da-mais-nova-declaracao-estupida-de-barroso\/","title":{"rendered":"A GRAVIDADE DA MAIS NOVA DECLARA\u00c7\u00c3O EST\u00daPIDA DE BARROSO"},"content":{"rendered":"<p><img data-recalc-dims=\"1\" loading=\"lazy\" decoding=\"async\" data-attachment-id=\"17325\" data-permalink=\"http:\/\/blogdalucianaoliveira.com.br\/blog\/2018\/04\/03\/a-gravidade-da-mais-nova-declaracao-estupida-de-barroso\/gra-2\/\" data-orig-file=\"https:\/\/i0.wp.com\/blogdalucianaoliveira.com.br\/blog\/wp-content\/uploads\/2018\/04\/gra.jpg?fit=1500%2C1000\" data-orig-size=\"1500,1000\" data-comments-opened=\"0\" data-image-meta=\"{&quot;aperture&quot;:&quot;2.8&quot;,&quot;credit&quot;:&quot;&quot;,&quot;camera&quot;:&quot;Canon EOS-1Ds Mark III&quot;,&quot;caption&quot;:&quot;&quot;,&quot;created_timestamp&quot;:&quot;1400697033&quot;,&quot;copyright&quot;:&quot;&quot;,&quot;focal_length&quot;:&quot;400&quot;,&quot;iso&quot;:&quot;1600&quot;,&quot;shutter_speed&quot;:&quot;0.00625&quot;,&quot;title&quot;:&quot;&quot;,&quot;orientation&quot;:&quot;1&quot;}\" data-image-title=\"gra\" data-image-description=\"\" data-image-caption=\"\" data-medium-file=\"https:\/\/i0.wp.com\/blogdalucianaoliveira.com.br\/blog\/wp-content\/uploads\/2018\/04\/gra.jpg?fit=300%2C200\" data-large-file=\"https:\/\/i0.wp.com\/blogdalucianaoliveira.com.br\/blog\/wp-content\/uploads\/2018\/04\/gra.jpg?fit=600%2C400\" src=\"https:\/\/i0.wp.com\/blogdalucianaoliveira.com.br\/blog\/wp-content\/uploads\/2018\/04\/gra.jpg?resize=600%2C400\" alt=\"gra\" width=\"600\" height=\"400\" class=\"alignnone size-full wp-image-17325\" srcset=\"https:\/\/i0.wp.com\/blogdalucianaoliveira.com.br\/blog\/wp-content\/uploads\/2018\/04\/gra.jpg?w=1500 1500w, https:\/\/i0.wp.com\/blogdalucianaoliveira.com.br\/blog\/wp-content\/uploads\/2018\/04\/gra.jpg?resize=300%2C200 300w, https:\/\/i0.wp.com\/blogdalucianaoliveira.com.br\/blog\/wp-content\/uploads\/2018\/04\/gra.jpg?resize=768%2C512 768w, https:\/\/i0.wp.com\/blogdalucianaoliveira.com.br\/blog\/wp-content\/uploads\/2018\/04\/gra.jpg?resize=1024%2C683 1024w, https:\/\/i0.wp.com\/blogdalucianaoliveira.com.br\/blog\/wp-content\/uploads\/2018\/04\/gra.jpg?resize=450%2C300 450w, https:\/\/i0.wp.com\/blogdalucianaoliveira.com.br\/blog\/wp-content\/uploads\/2018\/04\/gra.jpg?w=1200 1200w\" sizes=\"auto, (max-width: 600px) 100vw, 600px\" \/><\/p>\n<p>Por Pedro Breier, em O Cafezinho &#8211; Lu\u00eds Roberto Barroso, o iluminista do Projac, mostrou mais uma vez toda sua subservi\u00eancia \u00e0 dupla Globo\/Lava Jato.<\/p>\n<p>Segundo reportagem do Valor Econ\u00f4mico, Barroso disse que cabe \u00e0s supremas cortes \u201cinterpretar [as leis] em sintonia com o sentimento social\u201d.<!--more--><\/p>\n<p>O Fernando Brito desmontou com facilidade, no Tijola\u00e7o, a declara\u00e7\u00e3o de Barroso:<\/p>\n<p>[A declara\u00e7\u00e3o] \u00e9 t\u00e3o prim\u00e1ria que a sua estupidez pode ser constatada por uma simples invers\u00e3o: ent\u00e3o, por Lula ser, disparado, o candidato preferido pela maoria dos brasileiros para as elei\u00e7\u00f5es de outubro seu julgamento devia ser o de absolvi\u00e7\u00e3o em raz\u00e3o da \u201csintonia com o sentimento social\u201d?<\/p>\n<p>O problema de se utilizar o \u201csentimento social\u201d como elemento para decidir uma quest\u00e3o jur\u00eddica \u00e9 que trata-se de um conceito completamente vago e abstrato.<\/p>\n<p>Se o julgador tira da sua pr\u00f3pria cachola o que entende por \u201csentimento social\u201d, n\u00e3o se trata mais de um julgamento com base nas leis e na Constitui\u00e7\u00e3o, mas sim de uma decis\u00e3o arbitr\u00e1ria.<\/p>\n<p>As leis e a Constitui\u00e7\u00e3o existem justamente para que o povo \u2013 que elege os legisladores \u2013 tenha a sua vontade minimamente respeitada.<\/p>\n<p>Usar o \u201csentimento social\u201d como pretexto para contrariar a pr\u00f3pria Constitui\u00e7\u00e3o do pa\u00eds, express\u00e3o jur\u00eddica m\u00e1xima da vontade popular, \u00e9, al\u00e9m de profundamente autorit\u00e1rio, de uma canalhice intelectual not\u00e1vel.<\/p>\n<p>O nazismo utilizou-se de expedientes assustadoramente semelhantes para relativizar as garantias fundamentais em nome do, adivinhem s\u00f3, combate \u00e0 corrup\u00e7\u00e3o e ao comunismo.<\/p>\n<p>O juiz Rubens Casara analisou essa quest\u00e3o no excelente artigo \u201cVamos comemorar um tribunal que julga de acordo com a opini\u00e3o p\u00fablica?\u201c, publicado em mar\u00e7o de 2016 no Justificando.<\/p>\n<p>Recomendo vivamente a sua leitura.<\/p>\n<p>Precisamos estudar a fundo o monstro fascista \u2013 que cresce a passos largos no Brasil \u2013 para estarmos \u00e0 altura do necess\u00e1rio enfrentamento.<\/p>\n<p>Pedro Breier, colunista d&#8217;O Cafezinho, \u00e9 formado em direito mas gosta mesmo \u00e9 de jornalismo. Nasceu no Rio Grande do Sul e hoje vive em S\u00e3o Paulo.<\/p>\n","protected":false},"excerpt":{"rendered":"<p>Por Pedro Breier, em O Cafezinho &#8211; Lu\u00eds Roberto Barroso, o iluminista do Projac, mostrou mais uma vez toda sua subservi\u00eancia \u00e0 dupla Globo\/Lava Jato. Segundo reportagem do Valor Econ\u00f4mico, Barroso disse que cabe \u00e0s supremas cortes \u201cinterpretar [as leis] em sintonia com o sentimento social\u201d.<\/p>\n","protected":false},"author":1,"featured_media":0,"comment_status":"closed","ping_status":"open","sticky":false,"template":"","format":"standard","meta":{"_exactmetrics_skip_tracking":false,"_exactmetrics_sitenote_active":false,"_exactmetrics_sitenote_note":"","_exactmetrics_sitenote_category":0,"jetpack_post_was_ever_published":false,"_jetpack_newsletter_access":"","_jetpack_dont_email_post_to_subs":false,"_jetpack_newsletter_tier_id":0,"_jetpack_memberships_contains_paywalled_content":false,"_jetpack_memberships_contains_paid_content":false,"footnotes":"","jetpack_publicize_message":"","jetpack_publicize_feature_enabled":true,"jetpack_social_post_already_shared":true,"jetpack_social_options":{"image_generator_settings":{"template":"highway","enabled":false},"version":2}},"categories":[1],"tags":[],"class_list":["post-17324","post","type-post","status-publish","format-standard","hentry","category-notas"],"jetpack_publicize_connections":[],"jetpack_sharing_enabled":true,"jetpack_featured_media_url":"","jetpack_shortlink":"https:\/\/wp.me\/p7wKYW-4vq","jetpack-related-posts":[],"_links":{"self":[{"href":"http:\/\/blogdalucianaoliveira.com.br\/blog\/wp-json\/wp\/v2\/posts\/17324","targetHints":{"allow":["GET"]}}],"collection":[{"href":"http:\/\/blogdalucianaoliveira.com.br\/blog\/wp-json\/wp\/v2\/posts"}],"about":[{"href":"http:\/\/blogdalucianaoliveira.com.br\/blog\/wp-json\/wp\/v2\/types\/post"}],"author":[{"embeddable":true,"href":"http:\/\/blogdalucianaoliveira.com.br\/blog\/wp-json\/wp\/v2\/users\/1"}],"replies":[{"embeddable":true,"href":"http:\/\/blogdalucianaoliveira.com.br\/blog\/wp-json\/wp\/v2\/comments?post=17324"}],"version-history":[{"count":1,"href":"http:\/\/blogdalucianaoliveira.com.br\/blog\/wp-json\/wp\/v2\/posts\/17324\/revisions"}],"predecessor-version":[{"id":17326,"href":"http:\/\/blogdalucianaoliveira.com.br\/blog\/wp-json\/wp\/v2\/posts\/17324\/revisions\/17326"}],"wp:attachment":[{"href":"http:\/\/blogdalucianaoliveira.com.br\/blog\/wp-json\/wp\/v2\/media?parent=17324"}],"wp:term":[{"taxonomy":"category","embeddable":true,"href":"http:\/\/blogdalucianaoliveira.com.br\/blog\/wp-json\/wp\/v2\/categories?post=17324"},{"taxonomy":"post_tag","embeddable":true,"href":"http:\/\/blogdalucianaoliveira.com.br\/blog\/wp-json\/wp\/v2\/tags?post=17324"}],"curies":[{"name":"wp","href":"https:\/\/api.w.org\/{rel}","templated":true}]}}