{"id":17330,"date":"2018-04-03T16:37:01","date_gmt":"2018-04-03T20:37:01","guid":{"rendered":"http:\/\/blogdalucianaoliveira.com.br\/blog\/?p=17330"},"modified":"2018-04-03T16:37:01","modified_gmt":"2018-04-03T20:37:01","slug":"stf-manda-ao-plenario-mais-uma-acao-penal-contra-cassol-desta-vez-acusado-de-ofender-procurador-da-republica","status":"publish","type":"post","link":"http:\/\/blogdalucianaoliveira.com.br\/blog\/2018\/04\/03\/stf-manda-ao-plenario-mais-uma-acao-penal-contra-cassol-desta-vez-acusado-de-ofender-procurador-da-republica\/","title":{"rendered":"STF manda ao plen\u00e1rio mais uma a\u00e7\u00e3o penal contra Cassol; desta vez acusado de ofender procurador da Rep\u00fablica"},"content":{"rendered":"<p><img data-recalc-dims=\"1\" loading=\"lazy\" decoding=\"async\" data-attachment-id=\"17331\" data-permalink=\"http:\/\/blogdalucianaoliveira.com.br\/blog\/2018\/04\/03\/stf-manda-ao-plenario-mais-uma-acao-penal-contra-cassol-desta-vez-acusado-de-ofender-procurador-da-republica\/b5c829b6-181b-46c6-ac73-03e31756a5ad\/\" data-orig-file=\"https:\/\/i0.wp.com\/blogdalucianaoliveira.com.br\/blog\/wp-content\/uploads\/2018\/04\/B5C829B6-181B-46C6-AC73-03E31756A5AD.jpeg?fit=700%2C482\" data-orig-size=\"700,482\" data-comments-opened=\"0\" data-image-meta=\"{&quot;aperture&quot;:&quot;0&quot;,&quot;credit&quot;:&quot;&quot;,&quot;camera&quot;:&quot;&quot;,&quot;caption&quot;:&quot;&quot;,&quot;created_timestamp&quot;:&quot;0&quot;,&quot;copyright&quot;:&quot;&quot;,&quot;focal_length&quot;:&quot;0&quot;,&quot;iso&quot;:&quot;0&quot;,&quot;shutter_speed&quot;:&quot;0&quot;,&quot;title&quot;:&quot;&quot;,&quot;orientation&quot;:&quot;1&quot;}\" data-image-title=\"B5C829B6-181B-46C6-AC73-03E31756A5AD\" data-image-description=\"\" data-image-caption=\"\" data-medium-file=\"https:\/\/i0.wp.com\/blogdalucianaoliveira.com.br\/blog\/wp-content\/uploads\/2018\/04\/B5C829B6-181B-46C6-AC73-03E31756A5AD.jpeg?fit=300%2C207\" data-large-file=\"https:\/\/i0.wp.com\/blogdalucianaoliveira.com.br\/blog\/wp-content\/uploads\/2018\/04\/B5C829B6-181B-46C6-AC73-03E31756A5AD.jpeg?fit=600%2C413\" src=\"https:\/\/i0.wp.com\/blogdalucianaoliveira.com.br\/blog\/wp-content\/uploads\/2018\/04\/B5C829B6-181B-46C6-AC73-03E31756A5AD.jpeg?resize=600%2C413\" alt=\"B5C829B6-181B-46C6-AC73-03E31756A5AD\" width=\"600\" height=\"413\" class=\"alignnone size-full wp-image-17331\" srcset=\"https:\/\/i0.wp.com\/blogdalucianaoliveira.com.br\/blog\/wp-content\/uploads\/2018\/04\/B5C829B6-181B-46C6-AC73-03E31756A5AD.jpeg?w=700 700w, https:\/\/i0.wp.com\/blogdalucianaoliveira.com.br\/blog\/wp-content\/uploads\/2018\/04\/B5C829B6-181B-46C6-AC73-03E31756A5AD.jpeg?resize=300%2C207 300w, https:\/\/i0.wp.com\/blogdalucianaoliveira.com.br\/blog\/wp-content\/uploads\/2018\/04\/B5C829B6-181B-46C6-AC73-03E31756A5AD.jpeg?resize=436%2C300 436w\" sizes=\"auto, (max-width: 600px) 100vw, 600px\" \/><\/p>\n<ol>\nNo Estad\u00e3o &#8211; A Primeira Turma do Supremo Tribunal Federal (STF) enviou para julgamento do plen\u00e1rio da Corte a a\u00e7\u00e3o penal em que o senador Ivo Cassol (PP-RO) \u00e9 acusado de cal\u00fania contra o procurador Reginaldo Pereira da Trindade. <!--more--><\/p>\n<p>O processo estava na pauta da turma para ser julgado nessa tarde, mas, o relator do caso, ministro Marco Aur\u00e9lio Mello, levantou uma quest\u00e3o de ordem para que o caso fosse julgado pelos 11 ministros em fun\u00e7\u00e3o do processo envolver fatores de aumento de pena por se tratar de ofensa a servidor p\u00fablico.<\/p>\n<p>\u201cProponho para que seja levado ao plen\u00e1rio para se assentar a harmonia do dispositivo do C\u00f3digo Penal quanto a Constitui\u00e7\u00e3o, se \u00e9 razo\u00e1vel que tenha aumento de pena quando a honra \u00e9 do servidor p\u00fablico\u201d, apresentou Marco Aur\u00e9lio, em questionamento sobre a diferen\u00e7a de tratamento entre o cidad\u00e3o comum e o funcion\u00e1rio p\u00fablico.<\/p>\n<p>Segundo a den\u00fancia, recebida em 2014 pelo STF, Cassol acusou o procurador de coniv\u00eancia na extra\u00e7\u00e3o ilegal de madeira e diamantes da Reserva Ind\u00edgena Roosevelt, fraude processual em investiga\u00e7\u00e3o sobre crime eleitoral e corrup\u00e7\u00e3o de testemunha. Os fatos ocorreram entre 13 de agosto de 2007 e 25 de mar\u00e7o de 2010, enquanto Cassol ocupava o cargo de Governador do Estado de Rond\u00f4nia.<\/p>\n<p>A defesa do senador pede que seja reconhecida a prescri\u00e7\u00e3o da pena e decretada a extin\u00e7\u00e3o da a\u00e7\u00e3o, ou para que o pol\u00edtico seja absolvido dos crimes, alegando aus\u00eancia de provas para a sua condena\u00e7\u00e3o.<\/p>\n<p>Na turma, composta pelos ministros Alexandre de Moraes, Rosa Weber, Luiz Fux, Marco Aur\u00e9lio e Lu\u00eds Roberto Barroso, os ministros chegaram a discutir brevemente sobre o preju\u00edzo de mandar o processo ao plen\u00e1rio, levando em conta a prescri\u00e7\u00e3o, mas acabaram concordando que era o caso. Barroso lembrou que o plen\u00e1rio est\u00e1 sobrecarregado de a\u00e7\u00f5es. \u201cSe for entrar na fila de plen\u00e1rio, vai entrar em 2025\u201d, disse, em tom de brincadeira, mas tamb\u00e9m de considera\u00e7\u00e3o pela sobrecarga de processos.<\/p>\n<p>Outra a\u00e7\u00e3o. Em janeiro, a procuradora-geral da Rep\u00fablica, Raquel Dodge, enviou ao STF requerimento para execu\u00e7\u00e3o imediata da pena imposta ao senador Ivo Cassol na a\u00e7\u00e3o em que foi condenado, em 2013, por crimes de licita\u00e7\u00e3o. Em dezembro, o Plen\u00e1rio do STF acolheu embargos de declara\u00e7\u00e3o opostos pelos tr\u00eas acusados e reduziu a pena a quatro anos de deten\u00e7\u00e3o e a pagamento de multa.<\/p>\n<p>Autor \/ Fonte: Amanda Pupo e Rafael Moraes Moura \/ Estad\u00e3o<\/p>\n","protected":false},"excerpt":{"rendered":"<p>No Estad\u00e3o &#8211; A Primeira Turma do Supremo Tribunal Federal (STF) enviou para julgamento do plen\u00e1rio da Corte a a\u00e7\u00e3o penal em que o senador Ivo Cassol (PP-RO) \u00e9 acusado de cal\u00fania contra o procurador Reginaldo Pereira da Trindade.<\/p>\n","protected":false},"author":1,"featured_media":0,"comment_status":"closed","ping_status":"open","sticky":false,"template":"","format":"standard","meta":{"_exactmetrics_skip_tracking":false,"_exactmetrics_sitenote_active":false,"_exactmetrics_sitenote_note":"","_exactmetrics_sitenote_category":0,"jetpack_post_was_ever_published":false,"_jetpack_newsletter_access":"","_jetpack_dont_email_post_to_subs":false,"_jetpack_newsletter_tier_id":0,"_jetpack_memberships_contains_paywalled_content":false,"_jetpack_memberships_contains_paid_content":false,"footnotes":"","jetpack_publicize_message":"","jetpack_publicize_feature_enabled":true,"jetpack_social_post_already_shared":true,"jetpack_social_options":{"image_generator_settings":{"template":"highway","enabled":false},"version":2}},"categories":[1],"tags":[],"class_list":["post-17330","post","type-post","status-publish","format-standard","hentry","category-notas"],"jetpack_publicize_connections":[],"jetpack_sharing_enabled":true,"jetpack_featured_media_url":"","jetpack_shortlink":"https:\/\/wp.me\/p7wKYW-4vw","jetpack-related-posts":[],"_links":{"self":[{"href":"http:\/\/blogdalucianaoliveira.com.br\/blog\/wp-json\/wp\/v2\/posts\/17330","targetHints":{"allow":["GET"]}}],"collection":[{"href":"http:\/\/blogdalucianaoliveira.com.br\/blog\/wp-json\/wp\/v2\/posts"}],"about":[{"href":"http:\/\/blogdalucianaoliveira.com.br\/blog\/wp-json\/wp\/v2\/types\/post"}],"author":[{"embeddable":true,"href":"http:\/\/blogdalucianaoliveira.com.br\/blog\/wp-json\/wp\/v2\/users\/1"}],"replies":[{"embeddable":true,"href":"http:\/\/blogdalucianaoliveira.com.br\/blog\/wp-json\/wp\/v2\/comments?post=17330"}],"version-history":[{"count":1,"href":"http:\/\/blogdalucianaoliveira.com.br\/blog\/wp-json\/wp\/v2\/posts\/17330\/revisions"}],"predecessor-version":[{"id":17332,"href":"http:\/\/blogdalucianaoliveira.com.br\/blog\/wp-json\/wp\/v2\/posts\/17330\/revisions\/17332"}],"wp:attachment":[{"href":"http:\/\/blogdalucianaoliveira.com.br\/blog\/wp-json\/wp\/v2\/media?parent=17330"}],"wp:term":[{"taxonomy":"category","embeddable":true,"href":"http:\/\/blogdalucianaoliveira.com.br\/blog\/wp-json\/wp\/v2\/categories?post=17330"},{"taxonomy":"post_tag","embeddable":true,"href":"http:\/\/blogdalucianaoliveira.com.br\/blog\/wp-json\/wp\/v2\/tags?post=17330"}],"curies":[{"name":"wp","href":"https:\/\/api.w.org\/{rel}","templated":true}]}}