{"id":1735,"date":"2016-06-17T17:15:42","date_gmt":"2016-06-17T21:15:42","guid":{"rendered":"http:\/\/blogdalucianaoliveira.com.br\/blog\/?p=1735"},"modified":"2016-06-17T17:15:42","modified_gmt":"2016-06-17T21:15:42","slug":"fndc-lanca-a-campanha-a-ebc-e-sua","status":"publish","type":"post","link":"http:\/\/blogdalucianaoliveira.com.br\/blog\/2016\/06\/17\/fndc-lanca-a-campanha-a-ebc-e-sua\/","title":{"rendered":"FNDC LAN\u00c7A A CAMPANHA &#8216;A EBC \u00c9 SUA!&#8217;"},"content":{"rendered":"<p><img data-recalc-dims=\"1\" loading=\"lazy\" decoding=\"async\" data-attachment-id=\"1736\" data-permalink=\"http:\/\/blogdalucianaoliveira.com.br\/blog\/2016\/06\/17\/fndc-lanca-a-campanha-a-ebc-e-sua\/image-371\/\" data-orig-file=\"https:\/\/i0.wp.com\/blogdalucianaoliveira.com.br\/blog\/wp-content\/uploads\/2016\/06\/image-2.png?fit=471%2C471\" data-orig-size=\"471,471\" data-comments-opened=\"0\" data-image-meta=\"{&quot;aperture&quot;:&quot;0&quot;,&quot;credit&quot;:&quot;&quot;,&quot;camera&quot;:&quot;&quot;,&quot;caption&quot;:&quot;&quot;,&quot;created_timestamp&quot;:&quot;0&quot;,&quot;copyright&quot;:&quot;&quot;,&quot;focal_length&quot;:&quot;0&quot;,&quot;iso&quot;:&quot;0&quot;,&quot;shutter_speed&quot;:&quot;0&quot;,&quot;title&quot;:&quot;&quot;,&quot;orientation&quot;:&quot;0&quot;}\" data-image-title=\"image\" data-image-description=\"\" data-image-caption=\"\" data-medium-file=\"https:\/\/i0.wp.com\/blogdalucianaoliveira.com.br\/blog\/wp-content\/uploads\/2016\/06\/image-2.png?fit=300%2C300\" data-large-file=\"https:\/\/i0.wp.com\/blogdalucianaoliveira.com.br\/blog\/wp-content\/uploads\/2016\/06\/image-2.png?fit=471%2C471\" src=\"https:\/\/i0.wp.com\/blogdalucianaoliveira.com.br\/blog\/wp-content\/uploads\/2016\/06\/image-2.png?resize=471%2C471\" alt=\"image\" width=\"471\" height=\"471\" class=\"alignnone size-full wp-image-1736\" srcset=\"https:\/\/i0.wp.com\/blogdalucianaoliveira.com.br\/blog\/wp-content\/uploads\/2016\/06\/image-2.png?w=471 471w, https:\/\/i0.wp.com\/blogdalucianaoliveira.com.br\/blog\/wp-content\/uploads\/2016\/06\/image-2.png?resize=150%2C150 150w, https:\/\/i0.wp.com\/blogdalucianaoliveira.com.br\/blog\/wp-content\/uploads\/2016\/06\/image-2.png?resize=300%2C300 300w\" sizes=\"auto, (max-width: 471px) 100vw, 471px\" \/><\/p>\n<p>O F\u00f3rum Nacional pela Democratiza\u00e7\u00e3o da Comunica\u00e7\u00e3o (FNDC) lan\u00e7ar\u00e1, nos pr\u00f3ximos dias, a campanha \u201cA EBC \u00e9 Sua\u201d. O objetivo \u00e9 divulgar a comunica\u00e7\u00e3o p\u00fablica como direito e incentivar a sociedade civil organizada a visitar as emissoras p\u00fablicas levando suas pautas. A campanha se dar\u00e1 basicamente nas redes sociais.<!--more--><\/p>\n<p>A empresa vem sofrendo interfer\u00eancias desde que Temer assumiu como presidente interino. A primeira delas foi a demiss\u00e3o ilegal do presidente da empresa, nomeado para um mandato de quatro anos, conforme prev\u00ea a Lei 11.652\/08, posteriormente restitu\u00eddo ao cargo pelo Supremo Tribunal Federal (STF). Em seguida, programas foram cancelados e profissionais foram demitidos sob a justificativa de que a empresa precisa se adequar ao ajuste fiscal. Mais recentemente, o governo tem deixado claro que pretende extinguir a empresa.<\/p>\n<p>Renata Mielli, coordenadora geral do F\u00f3rum, explica que campanha nasce da necessidade de aprofundamento da compreens\u00e3o do conceito de comunica\u00e7\u00e3o p\u00fablica dentro da sociedade. \u201cO povo brasileiro precisa compreender a estrutura de radiodifus\u00e3o p\u00fablica gerida pela EBC como uma conquista ainda em constru\u00e7\u00e3o, mas seriamente amea\u00e7ada por esse governo provis\u00f3rio e ileg\u00edtimo. O discurso do ajuste fiscal n\u00e3o justifica o desmonte de uma rede de emissoras p\u00fablicas. Temos consci\u00eancia de que o processo de constru\u00e7\u00e3o da comunica\u00e7\u00e3o p\u00fablica teve falhas at\u00e9 aqui, mas isso n\u00e3o justifica o desmonte da EBC\u201d, afirma. <\/p>\n<p>A campanha foi apresentada ao presidente da empresa, Ricardo Melo, nesta quinta (16\/6). Ele agradeceu ao apoio, reafirmando que comunica\u00e7\u00e3o p\u00fablica precisa do apoio da sociedade. Ontem, durante o semin\u00e1rio \u201cO Futuro da Comunica\u00e7\u00e3o P\u00fablica\u201d, organizado pelas Universidades de Bras\u00edlia (UnB) e do Minho, de Portugal, o jornalista ressaltou que \u201ca comunica\u00e7\u00e3o p\u00fablica existe para dar voz aos que n\u00e3o t\u00eam voz, e \u00e9 esse o lema da EBC\u201d. \u201cTemos uma rede de r\u00e1dios que chega onde nenhuma outra quer chegar. Na nossa grade de programa\u00e7\u00e3o h\u00e1 espa\u00e7o para a diversidade LGBT, para as mulheres, negros, para os movimentos sociais. Estamos fazendo o que prev\u00ea a Constitui\u00e7\u00e3o, nada mais!\u201d.<\/p>\n<p>Al\u00e9m de publica\u00e7\u00f5es di\u00e1rias nas redes sociais, os materiais da campanha ficar\u00e3o dispon\u00edveis numa p\u00e1gina exclusiva no site do FNDC.<\/p>\n","protected":false},"excerpt":{"rendered":"<p>O F\u00f3rum Nacional pela Democratiza\u00e7\u00e3o da Comunica\u00e7\u00e3o (FNDC) lan\u00e7ar\u00e1, nos pr\u00f3ximos dias, a campanha \u201cA EBC \u00e9 Sua\u201d. O objetivo \u00e9 divulgar a comunica\u00e7\u00e3o p\u00fablica como direito e incentivar a sociedade civil organizada a visitar as emissoras p\u00fablicas levando suas pautas. A campanha se dar\u00e1 basicamente nas redes sociais.<\/p>\n","protected":false},"author":1,"featured_media":0,"comment_status":"closed","ping_status":"open","sticky":false,"template":"","format":"standard","meta":{"_exactmetrics_skip_tracking":false,"_exactmetrics_sitenote_active":false,"_exactmetrics_sitenote_note":"","_exactmetrics_sitenote_category":0,"jetpack_post_was_ever_published":false,"_jetpack_newsletter_access":"","_jetpack_dont_email_post_to_subs":false,"_jetpack_newsletter_tier_id":0,"_jetpack_memberships_contains_paywalled_content":false,"_jetpack_memberships_contains_paid_content":false,"footnotes":"","jetpack_publicize_message":"","jetpack_publicize_feature_enabled":true,"jetpack_social_post_already_shared":true,"jetpack_social_options":{"image_generator_settings":{"template":"highway","enabled":false},"version":2}},"categories":[1],"tags":[],"class_list":["post-1735","post","type-post","status-publish","format-standard","hentry","category-notas"],"jetpack_publicize_connections":[],"jetpack_sharing_enabled":true,"jetpack_featured_media_url":"","jetpack_shortlink":"https:\/\/wp.me\/p7wKYW-rZ","jetpack-related-posts":[],"_links":{"self":[{"href":"http:\/\/blogdalucianaoliveira.com.br\/blog\/wp-json\/wp\/v2\/posts\/1735","targetHints":{"allow":["GET"]}}],"collection":[{"href":"http:\/\/blogdalucianaoliveira.com.br\/blog\/wp-json\/wp\/v2\/posts"}],"about":[{"href":"http:\/\/blogdalucianaoliveira.com.br\/blog\/wp-json\/wp\/v2\/types\/post"}],"author":[{"embeddable":true,"href":"http:\/\/blogdalucianaoliveira.com.br\/blog\/wp-json\/wp\/v2\/users\/1"}],"replies":[{"embeddable":true,"href":"http:\/\/blogdalucianaoliveira.com.br\/blog\/wp-json\/wp\/v2\/comments?post=1735"}],"version-history":[{"count":1,"href":"http:\/\/blogdalucianaoliveira.com.br\/blog\/wp-json\/wp\/v2\/posts\/1735\/revisions"}],"predecessor-version":[{"id":1737,"href":"http:\/\/blogdalucianaoliveira.com.br\/blog\/wp-json\/wp\/v2\/posts\/1735\/revisions\/1737"}],"wp:attachment":[{"href":"http:\/\/blogdalucianaoliveira.com.br\/blog\/wp-json\/wp\/v2\/media?parent=1735"}],"wp:term":[{"taxonomy":"category","embeddable":true,"href":"http:\/\/blogdalucianaoliveira.com.br\/blog\/wp-json\/wp\/v2\/categories?post=1735"},{"taxonomy":"post_tag","embeddable":true,"href":"http:\/\/blogdalucianaoliveira.com.br\/blog\/wp-json\/wp\/v2\/tags?post=1735"}],"curies":[{"name":"wp","href":"https:\/\/api.w.org\/{rel}","templated":true}]}}