{"id":17488,"date":"2018-04-12T09:43:46","date_gmt":"2018-04-12T13:43:46","guid":{"rendered":"http:\/\/blogdalucianaoliveira.com.br\/blog\/?p=17488"},"modified":"2018-04-12T09:44:12","modified_gmt":"2018-04-12T13:44:12","slug":"desigualdade-se-agravou-no-nordeste-em-2017","status":"publish","type":"post","link":"http:\/\/blogdalucianaoliveira.com.br\/blog\/2018\/04\/12\/desigualdade-se-agravou-no-nordeste-em-2017\/","title":{"rendered":"Desigualdade se agravou no Nordeste em 2017"},"content":{"rendered":"<div>\n<figure id=\"attachment_17489\" aria-describedby=\"caption-attachment-17489\" style=\"width: 740px\" class=\"wp-caption alignnone\"><img data-recalc-dims=\"1\" loading=\"lazy\" decoding=\"async\" data-attachment-id=\"17489\" data-permalink=\"http:\/\/blogdalucianaoliveira.com.br\/blog\/2018\/04\/12\/desigualdade-se-agravou-no-nordeste-em-2017\/pobreza-opovo\/\" data-orig-file=\"https:\/\/i0.wp.com\/blogdalucianaoliveira.com.br\/blog\/wp-content\/uploads\/2018\/04\/pobreza-opovo.jpg?fit=740%2C493\" data-orig-size=\"740,493\" data-comments-opened=\"0\" data-image-meta=\"{&quot;aperture&quot;:&quot;14&quot;,&quot;credit&quot;:&quot;&quot;,&quot;camera&quot;:&quot;Canon EOS 50D&quot;,&quot;caption&quot;:&quot;FORTALEA, CE, BRASIL, 17-02-2018: Rio no bairro Lagamar. Lugares alagados dos bairros de Fortaleza, depois das chuvas que ca\\u00edram na cidade. (Foto: Mauri Melo\\\/O POVO).&quot;,&quot;created_timestamp&quot;:&quot;1518864037&quot;,&quot;copyright&quot;:&quot;&quot;,&quot;focal_length&quot;:&quot;56&quot;,&quot;iso&quot;:&quot;800&quot;,&quot;shutter_speed&quot;:&quot;0.00625&quot;,&quot;title&quot;:&quot;&quot;,&quot;orientation&quot;:&quot;1&quot;}\" data-image-title=\"pobreza-opovo\" data-image-description=\"\" data-image-caption=\"&lt;p&gt;FORTALEA, CE, BRASIL, 17-02-2018: Rio no bairro Lagamar. Lugares alagados dos bairros de Fortaleza, depois das chuvas que ca\u00edram na cidade. (Foto: Mauri Melo\/O POVO).&lt;\/p&gt;\n\" data-medium-file=\"https:\/\/i0.wp.com\/blogdalucianaoliveira.com.br\/blog\/wp-content\/uploads\/2018\/04\/pobreza-opovo.jpg?fit=300%2C200\" data-large-file=\"https:\/\/i0.wp.com\/blogdalucianaoliveira.com.br\/blog\/wp-content\/uploads\/2018\/04\/pobreza-opovo.jpg?fit=600%2C400\" class=\"size-full wp-image-17489\" src=\"https:\/\/i0.wp.com\/blogdalucianaoliveira.com.br\/blog\/wp-content\/uploads\/2018\/04\/pobreza-opovo.jpg?resize=600%2C400\" alt=\"FORTALEA, CE, BRASIL, 17-02-2018: Rio no bairro Lagamar. Lugares alagados dos bairros de Fortaleza, depois das chuvas que ca\u00edram na cidade. (Foto: Mauri Melo\/O POVO).\" width=\"600\" height=\"400\" srcset=\"https:\/\/i0.wp.com\/blogdalucianaoliveira.com.br\/blog\/wp-content\/uploads\/2018\/04\/pobreza-opovo.jpg?w=740 740w, https:\/\/i0.wp.com\/blogdalucianaoliveira.com.br\/blog\/wp-content\/uploads\/2018\/04\/pobreza-opovo.jpg?resize=300%2C200 300w, https:\/\/i0.wp.com\/blogdalucianaoliveira.com.br\/blog\/wp-content\/uploads\/2018\/04\/pobreza-opovo.jpg?resize=450%2C300 450w\" sizes=\"auto, (max-width: 600px) 100vw, 600px\" \/><figcaption id=\"caption-attachment-17489\" class=\"wp-caption-text\">FORTALEZA, CE, BRASIL, 17-02-2018: Rio no bairro Lagamar. Lugares alagados dos bairros de Fortaleza, depois das chuvas que ca\u00edram na cidade. (Foto: Mauri Melo\/O POVO).<\/figcaption><\/figure>\n<h2 class=\"abre-noticia\">No Nordeste, o \u00cdndice de Gini &#8211; indicador mede a desigualdade de renda &#8211; referente ao rendimento m\u00e9dio real subiu de 0,545, em 2016, para 0,559, em 2017<\/h2>\n<div class=\"toolbar\">\u00a0O Povo On Line, por Irna Cavacalcante &#8211; Em 2017, as desigualdades sociais se agravaram em quatro das cinco grandes regi\u00f5es do Brasil. Os dados fazem parte da Pesquisa Nacional por Amostra de Domic\u00edlios (Pnad) Cont\u00ednua divulgada nesta quarta-feira, 11, pelo Instituto Brasileiro de Geografia e Estat\u00edstica (IBGE) que mostra que, no Nordeste, o \u00cdndice de Gini &#8211; indicador mede a desigualdade de renda &#8211; referente ao rendimento m\u00e9dio real subiu de 0,545, em 2016, para 0,559, em 2017.<\/div>\n<\/div>\n<p><!--more--><\/p>\n<div><\/div>\n<div>\u00c9 o pior resultado do Pa\u00eds. O \u00edndice de Gini mede a concentra\u00e7\u00e3o de uma distribui\u00e7\u00e3o e varia de zero (perfeita igualdade) at\u00e9 um (desigualdade m\u00e1xima). No Brasil, este \u00edndice foi de 0,525 em 2016 para 0,524 em 2017.<\/div>\n<div><\/div>\n<div>\u00c0 exce\u00e7\u00e3o do Sudeste, que passou do segundo maior \u00edndice em 2016 (0,520) para o segundo menor em 2017 (0,510), o resultado de todas as demais regi\u00f5es ca\u00edram. No Norte, passou de 0,539 para 0,544; no Sul, de 0,473 para 0,477; e no Centro-Oeste, de 0,523 para 0,536.<\/div>\n<div><\/div>\n<div>No Brasil, os 10% da popula\u00e7\u00e3o mais rica det\u00e9m 43,3% da massa de rendimentos do pa\u00eds, enquanto a parcela dos 10% com os menores rendimentos det\u00e9m 0,7% desta massa.<\/div>\n<div><\/div>\n<div>O estudo do IBGE mostrou ainda que 1% da popula\u00e7\u00e3o brasileira com maiores rendimentos recebeu no ano passado, em m\u00e9dia, R$ 27.213. O valor \u00e9 36,1 vezes maior que o rendimento m\u00e9dio dos 50% da popula\u00e7\u00e3o com os menores rendimentos (R$ 754). Na regi\u00e3o Nordeste essa raz\u00e3o foi de 44,9 vezes.<\/div>\n<div><\/div>\n<div>E apesar do rendimento m\u00e9dio real per capita, considerando todas as fontes de renda, ter subido no Nordeste de R$ 1.405, em 2016, para R$ 1.429, em 2017, esta continua sendo a m\u00e9dia mais baixa do Pa\u00eds.<\/div>\n","protected":false},"excerpt":{"rendered":"<p>No Nordeste, o \u00cdndice de Gini &#8211; indicador mede a desigualdade de renda &#8211; referente ao rendimento m\u00e9dio real subiu de 0,545, em 2016, para 0,559, em 2017 \u00a0O Povo On Line, por Irna Cavacalcante &#8211; Em 2017, as desigualdades sociais se agravaram em quatro das cinco grandes regi\u00f5es do Brasil. Os dados fazem parte&#8230;<a class=\"more-link\" href=\"http:\/\/blogdalucianaoliveira.com.br\/blog\/2018\/04\/12\/desigualdade-se-agravou-no-nordeste-em-2017\/\">Continue a leitura <span class=\"meta-nav\">&raquo;<\/span><\/a><\/p>\n","protected":false},"author":1,"featured_media":0,"comment_status":"closed","ping_status":"open","sticky":false,"template":"","format":"standard","meta":{"_exactmetrics_skip_tracking":false,"_exactmetrics_sitenote_active":false,"_exactmetrics_sitenote_note":"","_exactmetrics_sitenote_category":0,"jetpack_post_was_ever_published":false,"_jetpack_newsletter_access":"","_jetpack_dont_email_post_to_subs":false,"_jetpack_newsletter_tier_id":0,"_jetpack_memberships_contains_paywalled_content":false,"_jetpack_memberships_contains_paid_content":false,"footnotes":"","jetpack_publicize_message":"","jetpack_publicize_feature_enabled":true,"jetpack_social_post_already_shared":true,"jetpack_social_options":{"image_generator_settings":{"template":"highway","enabled":false},"version":2}},"categories":[1],"tags":[],"class_list":["post-17488","post","type-post","status-publish","format-standard","hentry","category-notas"],"jetpack_publicize_connections":[],"jetpack_sharing_enabled":true,"jetpack_featured_media_url":"","jetpack_shortlink":"https:\/\/wp.me\/p7wKYW-4y4","jetpack-related-posts":[],"_links":{"self":[{"href":"http:\/\/blogdalucianaoliveira.com.br\/blog\/wp-json\/wp\/v2\/posts\/17488","targetHints":{"allow":["GET"]}}],"collection":[{"href":"http:\/\/blogdalucianaoliveira.com.br\/blog\/wp-json\/wp\/v2\/posts"}],"about":[{"href":"http:\/\/blogdalucianaoliveira.com.br\/blog\/wp-json\/wp\/v2\/types\/post"}],"author":[{"embeddable":true,"href":"http:\/\/blogdalucianaoliveira.com.br\/blog\/wp-json\/wp\/v2\/users\/1"}],"replies":[{"embeddable":true,"href":"http:\/\/blogdalucianaoliveira.com.br\/blog\/wp-json\/wp\/v2\/comments?post=17488"}],"version-history":[{"count":2,"href":"http:\/\/blogdalucianaoliveira.com.br\/blog\/wp-json\/wp\/v2\/posts\/17488\/revisions"}],"predecessor-version":[{"id":17491,"href":"http:\/\/blogdalucianaoliveira.com.br\/blog\/wp-json\/wp\/v2\/posts\/17488\/revisions\/17491"}],"wp:attachment":[{"href":"http:\/\/blogdalucianaoliveira.com.br\/blog\/wp-json\/wp\/v2\/media?parent=17488"}],"wp:term":[{"taxonomy":"category","embeddable":true,"href":"http:\/\/blogdalucianaoliveira.com.br\/blog\/wp-json\/wp\/v2\/categories?post=17488"},{"taxonomy":"post_tag","embeddable":true,"href":"http:\/\/blogdalucianaoliveira.com.br\/blog\/wp-json\/wp\/v2\/tags?post=17488"}],"curies":[{"name":"wp","href":"https:\/\/api.w.org\/{rel}","templated":true}]}}