{"id":17492,"date":"2018-04-12T10:31:50","date_gmt":"2018-04-12T14:31:50","guid":{"rendered":"http:\/\/blogdalucianaoliveira.com.br\/blog\/?p=17492"},"modified":"2018-04-12T10:31:50","modified_gmt":"2018-04-12T14:31:50","slug":"os-6-dias-de-tensao-em-que-alckmin-perdeu-foro-privilegiado-mas-conseguiu-escapar-da-lava-jato","status":"publish","type":"post","link":"http:\/\/blogdalucianaoliveira.com.br\/blog\/2018\/04\/12\/os-6-dias-de-tensao-em-que-alckmin-perdeu-foro-privilegiado-mas-conseguiu-escapar-da-lava-jato\/","title":{"rendered":"Os 6 dias de tens\u00e3o em que Alckmin perdeu foro privilegiado, mas conseguiu escapar da Lava Jato"},"content":{"rendered":"<p class=\"story-body__introduction\"><img data-recalc-dims=\"1\" loading=\"lazy\" decoding=\"async\" data-attachment-id=\"17493\" data-permalink=\"http:\/\/blogdalucianaoliveira.com.br\/blog\/2018\/04\/12\/os-6-dias-de-tensao-em-que-alckmin-perdeu-foro-privilegiado-mas-conseguiu-escapar-da-lava-jato\/alci\/\" data-orig-file=\"https:\/\/i0.wp.com\/blogdalucianaoliveira.com.br\/blog\/wp-content\/uploads\/2018\/04\/alci.jpg?fit=660%2C440\" data-orig-size=\"660,440\" data-comments-opened=\"0\" data-image-meta=\"{&quot;aperture&quot;:&quot;0&quot;,&quot;credit&quot;:&quot;&quot;,&quot;camera&quot;:&quot;&quot;,&quot;caption&quot;:&quot;&quot;,&quot;created_timestamp&quot;:&quot;0&quot;,&quot;copyright&quot;:&quot;&quot;,&quot;focal_length&quot;:&quot;0&quot;,&quot;iso&quot;:&quot;0&quot;,&quot;shutter_speed&quot;:&quot;0&quot;,&quot;title&quot;:&quot;&quot;,&quot;orientation&quot;:&quot;0&quot;}\" data-image-title=\"alci\" data-image-description=\"\" data-image-caption=\"\" data-medium-file=\"https:\/\/i0.wp.com\/blogdalucianaoliveira.com.br\/blog\/wp-content\/uploads\/2018\/04\/alci.jpg?fit=300%2C200\" data-large-file=\"https:\/\/i0.wp.com\/blogdalucianaoliveira.com.br\/blog\/wp-content\/uploads\/2018\/04\/alci.jpg?fit=600%2C400\" class=\"alignnone size-full wp-image-17493\" src=\"https:\/\/i0.wp.com\/blogdalucianaoliveira.com.br\/blog\/wp-content\/uploads\/2018\/04\/alci.jpg?resize=600%2C400\" alt=\"alci\" width=\"600\" height=\"400\" srcset=\"https:\/\/i0.wp.com\/blogdalucianaoliveira.com.br\/blog\/wp-content\/uploads\/2018\/04\/alci.jpg?w=660 660w, https:\/\/i0.wp.com\/blogdalucianaoliveira.com.br\/blog\/wp-content\/uploads\/2018\/04\/alci.jpg?resize=300%2C200 300w, https:\/\/i0.wp.com\/blogdalucianaoliveira.com.br\/blog\/wp-content\/uploads\/2018\/04\/alci.jpg?resize=450%2C300 450w\" sizes=\"auto, (max-width: 600px) 100vw, 600px\" \/><\/p>\n<p class=\"story-body__introduction\">BBC &#8211; Entre a \u00faltima sexta e quarta-feira, Geraldo Alckmin (PSDB-SP) perdeu o foro privilegiado, virou alvo &#8220;urgente&#8221; de investigadores da Lava Jato em S\u00e3o Paulo, criticou publicamente a velocidade dos procuradores da Rep\u00fablica do Estado e escapou da mira da opera\u00e7\u00e3o.<!--more--><\/p>\n<p>A sequ\u00eancia inclui ainda uma viagem breve a Bras\u00edlia e a pris\u00e3o de Paulo Vieira de Souza, conhecido como Paulo Preto, suposto operador do PSDB na arrecada\u00e7\u00e3o de dinheiro junto a empreiteiras para campanhas eleitorais, que, segundo a Justi\u00e7a paulista e o Minist\u00e9rio P\u00fablico da Su\u00ed\u00e7a, tinha R$ 113 milh\u00f5es em quatro contas no pa\u00eds europeu.<\/p>\n<p>Em dela\u00e7\u00e3o premiada homologada pelo Supremo TribunalFederal no ano passado, ex-executivos da Odebrecht afirmaram que Alckmin recebeu R$ 10,7 milh\u00f5es em caixa dois do chamado &#8220;departamento de propina&#8221; da empreiteira.<\/p>\n<p>Ainda segundo o despacho citando as dela\u00e7\u00f5es, assinado pelo ministro Luis Edson Fachin, relator da Lava Jato no Supremo Tribunal Federal (STF), um irm\u00e3o da primeira-dama paulista, Lu Alckmin, teria recebido R$ 2 milh\u00f5es com a aprova\u00e7\u00e3o do ent\u00e3o governador.<\/p>\n<div class=\"story-body\">\n<div class=\"story-body__inner\">\n<p>Governador reeleito de S\u00e3o Paulo rec\u00e9m-licenciado para disputar a Presid\u00eancia em outubro, Alckmin nega enfaticamente as acusa\u00e7\u00f5es. &#8220;Jamais pedi recursos irregulares em minha vida pol\u00edtica, nem autorizei que o fizessem em meu nome. Jamais recebi um centavo il\u00edcito&#8221;, respondeu pelo Twitter, ap\u00f3s a homologa\u00e7\u00e3o no ano passado.<\/p>\n<p>Na \u00faltima segunda-feira, procuradores do Minist\u00e9rio P\u00fablico Federal de S\u00e3o Paulo aproveitaram a sa\u00edda de Alckmin do governo e pediram \u00e0 Procuradoria-Geral da Rep\u00fablica (PGR) o envio &#8220;com urg\u00eancia&#8221; de todos &#8220;os feitos judiciais e extrajudiciais relativos \u00e0 opera\u00e7\u00e3o Lava Jato que envolvam o ex-governador&#8221;.<\/p>\n<p>A iniciativa do MPF paulista \u00e9, em parte, creditada \u00e0 amplia\u00e7\u00e3o do efetivo de procuradores dedicados a Lava Jato em S\u00e3o Paulo, que pulou de 3 para 11 membros. Ap\u00f3s a pris\u00e3o de Paulo Preto, eles decidiram assumir as investiga\u00e7\u00f5es sobre o presidenci\u00e1vel, que perdeu o direito a tratamento especial na Justi\u00e7a.<\/p>\n<p>A PGR, no entanto, recomendou que o pedido dos procuradores de S\u00e3o Paulo fosse feito \u00e0 Justi\u00e7a. Na quarta-feira, o Superior Tribunal de Justi\u00e7a (STJ) decidiu enviar a investiga\u00e7\u00e3o contra Alckmin ao Tribunal Regional Eleitoral de S\u00e3o Paulo.<\/p>\n<p>Na vis\u00e3o do STJ, as principais suspeitas que pesam sobre o ex-governador s\u00e3o de crimes eleitorais.<\/p>\n<p>Nos casos de condena\u00e7\u00e3o, a Justi\u00e7a Eleitoral tende a aplicar penas menores de restri\u00e7\u00e3o de liberdade porque os crimes t\u00eam penas menores se comparados com a Justi\u00e7a criminal comum.<\/p>\n<p>Alckmin disse concordar com a decis\u00e3o do STJ, mas negou qualquer crime. &#8220;A dela\u00e7\u00e3o \u00e9 de natureza eleitoral e sem nenhuma proced\u00eancia.&#8221;<\/p>\n<p>Confira, a seguir, os principais momentos desta semana decisiva para o pr\u00e9-candidato do PSDB \u00e0 Presid\u00eancia da Rep\u00fablica.<\/p>\n<figure class=\"media-landscape has-caption full-width\"><span class=\"image-and-copyright-container\"><img data-recalc-dims=\"1\" loading=\"lazy\" decoding=\"async\" class=\"responsive-image__img js-image-replace\" src=\"https:\/\/i0.wp.com\/ichef.bbci.co.uk\/news\/624\/cpsprodpb\/E6DE\/production\/_100820195_9546796983_76de07c988_o.jpg?resize=600%2C400&#038;ssl=1\" alt=\"trecho leste do Rodoanel, em S\u00e3o Paulo\" width=\"600\" height=\"400\" data-highest-encountered-width=\"624\" \/><span class=\"off-screen\">Direito de imagem<\/span><span class=\"story-image-copyright\">EDSON LOPES JR.\/A2 FOTOGRAFIA<\/span><\/span><figcaption class=\"media-caption\"><span class=\"off-screen\">Image caption<\/span><span class=\"media-caption__text\">Obras do trecho leste do Rodoanel, em S\u00e3o Paulo: Obra est\u00e1 envolta em den\u00fancias sobre desvio de verbas<\/span><\/figcaption><\/figure>\n<h2 class=\"story-body__crosshead\">Sexta-feira (6) &#8211; Suposto operador do PSDB \u00e9 preso pela Lava Jato em SP<\/h2>\n<p>Assim que o dia amanheceu, a Pol\u00edcia Federal cumpriu ordem solicitada pela for\u00e7a-tarefa paulista e prendeu Paulo Vieira de Souza, o Paulo Preto.<\/p>\n<p>Diretor da estatal paulista de rodovias Dersa, Preto foi citado por pelo menos sete delatores das empreiteiras Odebrecht e Andrade Gutierrez em den\u00fancias sobre desvios de R$ 7,7 milh\u00f5es na constru\u00e7\u00e3o do Rodoanel, durante o governo de Jos\u00e9 Serra (entre 2007 e 2010).<\/p>\n<p>O Rodoanel continuou em obras nos governos seguintes, comandados por Alckmin, em contratos com as mesmas empreiteiras.<\/p>\n<p>Com menos da metade da extens\u00e3o da Via Dutra (402 km), o Rodoanel (176 km) est\u00e1 em constru\u00e7\u00e3o desde 1998 e ainda n\u00e3o foi completado.<\/p>\n<p>Na \u00faltima segunda, durante o F\u00f3rum da Liberdade, em Porto Alegre, o tucano disse que n\u00e3o se preocupa em &#8220;absolutamente nada&#8221; com a pris\u00e3o de Preto.<\/p>\n<p>&#8220;Ele vai ter que prestar contas direitinho para a Justi\u00e7a&#8221;, afirmou.<\/p>\n<figure class=\"media-landscape has-caption full-width\"><span class=\"image-and-copyright-container\"><img data-recalc-dims=\"1\" loading=\"lazy\" decoding=\"async\" class=\"responsive-image__img js-image-replace\" src=\"https:\/\/i0.wp.com\/ichef-1.bbci.co.uk\/news\/624\/cpsprodpb\/10DEE\/production\/_100820196_26411489147_861466945b_o.jpg?resize=600%2C400&#038;ssl=1\" alt=\"Geraldo Alckmin e M\u00e1rcio Fran\u00e7a\" width=\"600\" height=\"400\" data-highest-encountered-width=\"624\" \/><span class=\"off-screen\">Direito de imagem<\/span><span class=\"story-image-copyright\">GOVERNO DO ESTADO DE S\u00c3O PAULO<\/span><\/span><figcaption class=\"media-caption\"><span class=\"off-screen\">Image caption<\/span><span class=\"media-caption__text\">Alckmin perdeu o foro privilegiado ao transferir o governo para o seu ent\u00e3o vice e secret\u00e1rio de Desenvolvimento Econ\u00f4mico M\u00e1rcio Fran\u00e7a<\/span><\/figcaption><\/figure>\n<h2 class=\"story-body__crosshead\">Sexta-feira (6) &#8211; Alckmin deixa o governo e perde foro privilegiado<\/h2>\n<p>Em cerim\u00f4nia na Assembleia Legislativa de S\u00e3o Paulo, Alckmin passou o comando do governo para M\u00e1rcio Fran\u00e7a (PSB), seu vice-governador e secret\u00e1rio de Desenvolvimento Econ\u00f4mico, Ci\u00eancia, Tecnologia e Inova\u00e7\u00e3o.<\/p>\n<p>Ao abrir m\u00e3o do cargo para concorrer ao Planalto, Alckmin perdeu o foro especial por prerrogativa de fun\u00e7\u00e3o, que garante a determinadas autoridades o direito de n\u00e3o serem investigados nem julgados na primeira inst\u00e2ncia, como cidad\u00e3os comuns.<\/p>\n<p>Segundo a lei, casos envolvendo governadores devem ser investigados pelo Supremo Tribunal de Justi\u00e7a (STJ), cuja corte especial \u00e9 composta pelos 15 ministros mais antigos no tribunal.<\/p>\n<p>Alckmin acaba de perder novamente esta prerrogativa. H\u00e1 12 anos, ele deixou pela primeira vez o governo do Estado para tentar a Presid\u00eancia, mas foi derrotado pelo ent\u00e3o presidente Luiz In\u00e1cio Lula da Silva.<\/p>\n<h2 class=\"story-body__crosshead\">Ter\u00e7a-feira (10) &#8211; Lava Jato de SP diz \u00e0 PGR que quer investigar Alckmin &#8216;o mais r\u00e1pido poss\u00edvel&#8217;<\/h2>\n<p>Em of\u00edcio enviado ao vice-procurador-geral da Rep\u00fablica, Luciano Mariz Maia, a for\u00e7a-tarefa da Lava Jato em S\u00e3o Paulo solicitou \u00e0 PGR que todas as informa\u00e7\u00f5es relacionadas a Alckmin no STJ fossem enviadas ao Minist\u00e9rio P\u00fablico paulista.<\/p>\n<p>Os procuradores da Rep\u00fablica em SP argumentaram que, ap\u00f3s a sa\u00edda de Alckmin do cargo, a Lava Jato deveria investig\u00e1-lo em primeira inst\u00e2ncia, como um cidad\u00e3o comum.<\/p>\n<p>&#8220;Os signat\u00e1rios foram designados para atuar em conjunto nos feitos conexos, correlatos e\/ou decorrentes da opera\u00e7\u00e3o Lava Jato em S\u00e3o Paulo, sendo necess\u00e1rio, assim, que as investiga\u00e7\u00f5es sob atribui\u00e7\u00e3o de Vossa Excel\u00eancia sejam encaminhadas a esta for\u00e7a-tarefa com urg\u00eancia, tendo em vista o andamento avan\u00e7ado de outras apura\u00e7\u00f5es correlatas sob nossa responsabilidade&#8221;, aponta o of\u00edcio.<\/p>\n<p>&#8220;Pelo exposto, solicitamos a Vossa Excel\u00eancia digne-se de encaminhar a esta for\u00e7a-tarefa, com a maior brevidade poss\u00edvel, todos os feitos judiciais e extrajudiciais relativos \u00e0 opera\u00e7\u00e3o Lava Jato que envolvam o ex-governador do Estado de S\u00e3o Paulo Geraldo Alckmin, providenciando-se, se necess\u00e1rio, os competentes requerimentos de decl\u00ednio de foro perante o Superior Tribunal de Justi\u00e7a.&#8221;<\/p>\n<figure class=\"media-landscape has-caption full-width\"><span class=\"image-and-copyright-container\"><img data-recalc-dims=\"1\" loading=\"lazy\" decoding=\"async\" class=\"responsive-image__img js-image-replace\" src=\"https:\/\/i0.wp.com\/ichef-1.bbci.co.uk\/news\/624\/cpsprodpb\/1831E\/production\/_100820199_14290614772_fe65ec8563_o.jpg?resize=600%2C400&#038;ssl=1\" alt=\"Alckmin\" width=\"600\" height=\"400\" data-highest-encountered-width=\"624\" \/><span class=\"off-screen\">Direito de imagem<\/span><span class=\"story-image-copyright\">EDSON LOPES JR\/A2 FOTOGRAFIA<\/span><\/span><figcaption class=\"media-caption\"><span class=\"off-screen\">Image caption<\/span><span class=\"media-caption__text\">O interesse principal dos investigadores s\u00e3o dela\u00e7\u00f5es segundo as quais campanhas de Alckmin ao governo receberam R$ 10,7 milh\u00f5es da Odebrecht<\/span><\/figcaption><\/figure>\n<p>O interesse principal dos investigadores est\u00e1 nas dela\u00e7\u00f5es que apontam que as campanhas de Alckmin ao governo do Estado em 2010 e 2014 teriam recebido R$ 10,7 milh\u00f5es da Odebrecht, e um poss\u00edvel v\u00ednculo com Paulo Preto, preso a pedido da mesma for\u00e7a-tarefa.<\/p>\n<p>Religioso, Alckmin seria apontado pelo apelido &#8220;Santo&#8221; nas planilhas da empreiteira, segundo os investigadores.<\/p>\n<h2 class=\"story-body__crosshead\">Quarta-feira (11) &#8211; Alckmin reage a pedido e publica nota contra &#8220;a\u00e7odamento&#8221; dos procuradores<\/h2>\n<p>Novamente pelo Twitter, o ex-governador de S\u00e3o Paulo publicou nota assinada por seu primo e advogado Jos\u00e9 Eduardo Rangel de Alckmin.<\/p>\n<p>&#8220;A defesa de Geraldo Alckmin se surpreendeu com a not\u00edcia do a\u00e7odamento de setores do Minist\u00e9rio P\u00fablico Federal, j\u00e1 que o processo est\u00e1 tramitando normalmente e ser\u00e1 remetido, em termo oportuno, para inst\u00e2ncia competente. Espera-se que a apura\u00e7\u00e3o dos fatos continue a ser feita de forma isenta e equilibrada, sem contamina\u00e7\u00e3o pol\u00edtica&#8221;, diz a nota divulgada por Alckmin.<\/p>\n<p>A defesa de Alckmin diz ainda que &#8220;repele a ideia que o inqu\u00e9rito, enquanto tramitou no STJ e na PGR, tenha servido de &#8216;blindagem&#8217; para o ex-governador&#8221;.<\/p>\n<p>Durante o dia, o tucano pegou um jatinho para Bras\u00edlia, onde se reuniu com caciques do partido em almo\u00e7o organizado pelo senador Tasso Jereissati (PSDB-CE).<\/p>\n<p>Na ocasi\u00e3o, Alckmin disse a jornalistas que sua inoc\u00eancia seria provada &#8220;rapidamente&#8221;.<\/p>\n<figure class=\"media-landscape has-caption full-width\"><span class=\"image-and-copyright-container\"><img data-recalc-dims=\"1\" loading=\"lazy\" decoding=\"async\" class=\"responsive-image__img js-image-replace\" src=\"https:\/\/i0.wp.com\/ichef-1.bbci.co.uk\/news\/624\/cpsprodpb\/15C0E\/production\/_100820198_5311933813_f3cf23245f_o-1.jpg?resize=600%2C412&#038;ssl=1\" alt=\"Geraldo e Lu Alckmin\" width=\"600\" height=\"412\" data-highest-encountered-width=\"624\" \/><span class=\"off-screen\">Direito de imagem<\/span><span class=\"story-image-copyright\">GOVERNO DO ESTADO DE S\u00c3O PAULO<\/span><\/span><figcaption class=\"media-caption\"><span class=\"off-screen\">Image caption<\/span><span class=\"media-caption__text\">Geraldo e Lu Alckmin: Um irm\u00e3o da primeira-dama \u00e9 suspeito de ter recebido R$ 2 milh\u00f5es com a aprova\u00e7\u00e3o do ent\u00e3o governador<\/span><\/figcaption><\/figure>\n<h2 class=\"story-body__crosshead\">Quarta-feira (11) &#8211; STJ decide tirar investiga\u00e7\u00e3o de Alckmin da al\u00e7ada da Lava Jato<\/h2>\n<p>Ap\u00f3s recomenda\u00e7\u00e3o do vice de Raquel Dodge na PGR, Luciano Mariz Maia, o STJ decidiu contrariar os promotores federais de S\u00e3o Paulo e encaminhar o inqu\u00e9rito contra Alckmin para a Justi\u00e7a Eleitoral paulista.<\/p>\n<p>Segundo Mariz Maia, a investiga\u00e7\u00e3o aponta para suspeitas de crimes eleitorais, que n\u00e3o estariam na al\u00e7ada dos procuradores do Minist\u00e9rio P\u00fablico Federal em S\u00e3o Paulo.<\/p>\n<p>Com a decis\u00e3o, a Lava Jato deixa de investigar as den\u00fancias contra Alckmin, seu ex-secret\u00e1rio de Planejamento, Marcos Monteiro, e o irm\u00e3o da primeira-dama, Adhemar Cesar Ribeiro, que teria recebido R$ 2 milh\u00f5es do executivo da Odebrecht Carlos Armando Paschoal, em uma negocia\u00e7\u00e3o que teria envolvido o ex-governador.<\/p>\n<p>Em investiga\u00e7\u00e3o que veio a p\u00fablico em abril do ano passado (e s\u00f3 come\u00e7ou a ser investigada em novembro), Paschoal disse \u00e0 PGR que Alckmin teria lhe dado um cart\u00e3o com contatos do cunhado para o acerto dos pagamentos de caixa dois.<\/p>\n<p>&#8220;O doutor Alckmin pediu para a secret\u00e1ria um cart\u00e3o que tinha um nome, os contatos, me entregou aquilo l\u00e1&#8221;, afirmou Paschoal \u00e0 Lava Jato, segundo os autos. &#8220;Ele disse s\u00f3 &#8216;esse aqui \u00e9 meu cunhado&#8217;.&#8221;<\/p>\n<p>O governador nega veementemente as acusa\u00e7\u00f5es. Ao tomar conhecimento da decis\u00e3o do STJ, de passagem pelo Senado, em Bras\u00edlia, pareceu mais satisfeito.<\/p>\n<p>&#8220;A dela\u00e7\u00e3o \u00e9 de natureza eleitoral e sem nenhuma proced\u00eancia&#8221;, disse.<\/p>\n<\/div>\n<\/div>\n<div class=\"tags-container\"><\/div>\n","protected":false},"excerpt":{"rendered":"<p>BBC &#8211; Entre a \u00faltima sexta e quarta-feira, Geraldo Alckmin (PSDB-SP) perdeu o foro privilegiado, virou alvo &#8220;urgente&#8221; de investigadores da Lava Jato em S\u00e3o Paulo, criticou publicamente a velocidade dos procuradores da Rep\u00fablica do Estado e escapou da mira da opera\u00e7\u00e3o.<\/p>\n","protected":false},"author":1,"featured_media":0,"comment_status":"closed","ping_status":"open","sticky":false,"template":"","format":"standard","meta":{"_exactmetrics_skip_tracking":false,"_exactmetrics_sitenote_active":false,"_exactmetrics_sitenote_note":"","_exactmetrics_sitenote_category":0,"jetpack_post_was_ever_published":false,"_jetpack_newsletter_access":"","_jetpack_dont_email_post_to_subs":false,"_jetpack_newsletter_tier_id":0,"_jetpack_memberships_contains_paywalled_content":false,"_jetpack_memberships_contains_paid_content":false,"footnotes":"","jetpack_publicize_message":"","jetpack_publicize_feature_enabled":true,"jetpack_social_post_already_shared":true,"jetpack_social_options":{"image_generator_settings":{"template":"highway","enabled":false},"version":2}},"categories":[1],"tags":[],"class_list":["post-17492","post","type-post","status-publish","format-standard","hentry","category-notas"],"jetpack_publicize_connections":[],"jetpack_sharing_enabled":true,"jetpack_featured_media_url":"","jetpack_shortlink":"https:\/\/wp.me\/p7wKYW-4y8","jetpack-related-posts":[],"_links":{"self":[{"href":"http:\/\/blogdalucianaoliveira.com.br\/blog\/wp-json\/wp\/v2\/posts\/17492","targetHints":{"allow":["GET"]}}],"collection":[{"href":"http:\/\/blogdalucianaoliveira.com.br\/blog\/wp-json\/wp\/v2\/posts"}],"about":[{"href":"http:\/\/blogdalucianaoliveira.com.br\/blog\/wp-json\/wp\/v2\/types\/post"}],"author":[{"embeddable":true,"href":"http:\/\/blogdalucianaoliveira.com.br\/blog\/wp-json\/wp\/v2\/users\/1"}],"replies":[{"embeddable":true,"href":"http:\/\/blogdalucianaoliveira.com.br\/blog\/wp-json\/wp\/v2\/comments?post=17492"}],"version-history":[{"count":1,"href":"http:\/\/blogdalucianaoliveira.com.br\/blog\/wp-json\/wp\/v2\/posts\/17492\/revisions"}],"predecessor-version":[{"id":17494,"href":"http:\/\/blogdalucianaoliveira.com.br\/blog\/wp-json\/wp\/v2\/posts\/17492\/revisions\/17494"}],"wp:attachment":[{"href":"http:\/\/blogdalucianaoliveira.com.br\/blog\/wp-json\/wp\/v2\/media?parent=17492"}],"wp:term":[{"taxonomy":"category","embeddable":true,"href":"http:\/\/blogdalucianaoliveira.com.br\/blog\/wp-json\/wp\/v2\/categories?post=17492"},{"taxonomy":"post_tag","embeddable":true,"href":"http:\/\/blogdalucianaoliveira.com.br\/blog\/wp-json\/wp\/v2\/tags?post=17492"}],"curies":[{"name":"wp","href":"https:\/\/api.w.org\/{rel}","templated":true}]}}