{"id":1750,"date":"2016-06-18T10:57:20","date_gmt":"2016-06-18T14:57:20","guid":{"rendered":"http:\/\/blogdalucianaoliveira.com.br\/blog\/?p=1750"},"modified":"2016-06-18T10:57:20","modified_gmt":"2016-06-18T14:57:20","slug":"quem-olha-a-cena-politico-social-economica-atual-se-pergunta-sinceramenteo-brasil-tem-jeito","status":"publish","type":"post","link":"http:\/\/blogdalucianaoliveira.com.br\/blog\/2016\/06\/18\/quem-olha-a-cena-politico-social-economica-atual-se-pergunta-sinceramenteo-brasil-tem-jeito\/","title":{"rendered":"Quem olha a cena pol\u00edtico-social-econ\u00f4mica atual se pergunta sinceramente:o Brasil tem jeito?"},"content":{"rendered":"<p>Uma reflex\u00e3o do Frei Leonardo Boff<\/p>\n<p><img data-recalc-dims=\"1\" loading=\"lazy\" decoding=\"async\" data-attachment-id=\"1751\" data-permalink=\"http:\/\/blogdalucianaoliveira.com.br\/blog\/2016\/06\/18\/quem-olha-a-cena-politico-social-economica-atual-se-pergunta-sinceramenteo-brasil-tem-jeito\/image-381\/\" data-orig-file=\"https:\/\/i0.wp.com\/blogdalucianaoliveira.com.br\/blog\/wp-content\/uploads\/2016\/06\/image-75.jpeg?fit=484%2C304\" data-orig-size=\"484,304\" data-comments-opened=\"0\" data-image-meta=\"{&quot;aperture&quot;:&quot;0&quot;,&quot;credit&quot;:&quot;&quot;,&quot;camera&quot;:&quot;&quot;,&quot;caption&quot;:&quot;&quot;,&quot;created_timestamp&quot;:&quot;0&quot;,&quot;copyright&quot;:&quot;&quot;,&quot;focal_length&quot;:&quot;0&quot;,&quot;iso&quot;:&quot;0&quot;,&quot;shutter_speed&quot;:&quot;0&quot;,&quot;title&quot;:&quot;&quot;,&quot;orientation&quot;:&quot;0&quot;}\" data-image-title=\"image\" data-image-description=\"\" data-image-caption=\"\" data-medium-file=\"https:\/\/i0.wp.com\/blogdalucianaoliveira.com.br\/blog\/wp-content\/uploads\/2016\/06\/image-75.jpeg?fit=300%2C188\" data-large-file=\"https:\/\/i0.wp.com\/blogdalucianaoliveira.com.br\/blog\/wp-content\/uploads\/2016\/06\/image-75.jpeg?fit=484%2C304\" src=\"https:\/\/i0.wp.com\/blogdalucianaoliveira.com.br\/blog\/wp-content\/uploads\/2016\/06\/image-75.jpeg?resize=484%2C304\" alt=\"image\" width=\"484\" height=\"304\" class=\"alignnone size-full wp-image-1751\" srcset=\"https:\/\/i0.wp.com\/blogdalucianaoliveira.com.br\/blog\/wp-content\/uploads\/2016\/06\/image-75.jpeg?w=484 484w, https:\/\/i0.wp.com\/blogdalucianaoliveira.com.br\/blog\/wp-content\/uploads\/2016\/06\/image-75.jpeg?resize=300%2C188 300w, https:\/\/i0.wp.com\/blogdalucianaoliveira.com.br\/blog\/wp-content\/uploads\/2016\/06\/image-75.jpeg?resize=478%2C300 478w\" sizes=\"auto, (max-width: 484px) 100vw, 484px\" \/><\/p>\n<p>Um bando de ladr\u00f5es, travestidos de senadores-ju\u00edzes tenta, contra todos os argumentos em contr\u00e1rio, condenar uma mulher inocente, a Presidenta Dilma Rousseff, contra a qual n\u00e3o se acusa de nenhuma apropria\u00e7\u00e3o de bem p\u00fablico e de corrup\u00e7\u00e3o pessoal.<!--more--><\/p>\n<p>Com as recentes dela\u00e7\u00f5es premiadas, ficou claro que o problema n\u00e3o \u00e9 a Presidenta, \u00c9 a Lava Jato que, para al\u00e9m das acusa\u00e7\u00f5es seletivas contra o PT, est\u00e1 chegando \u00e0 maioria dos l\u00edderes da oposi\u00e7\u00e3o. Todos, de uma forma ou outra, se beneficiaram das propinas da Petrobr\u00e1s para garantir a sua vit\u00f3ria eleitoral. \u201cPrecisamos estancar essa sangria\u201d diz um dos not\u00f3rios corruptos; \u201cdo contr\u00e1rio seremos todos comidos; h\u00e1 que afastar a Dilma\u201d.<\/p>\n<p>Ningu\u00e9m aliena nada de seus bens para financiar sua campanha. Nem precisa: existe a mina do caixa 2 abastecida pelas empresas corruptoras que criam corruptos a troco de vantagens posteriores em termos de grandes projetos, geralmente superfaturados, donde adquirem grande parte de suas fortunas.<\/p>\n<p>Chegamos a um ponto rid\u00edculo, aos olhos do mundo: dois presidentes, um usurpador, fraco e sem nenhuma lideran\u00e7a e outro leg\u00edtimo mas afastado e feito prisioneiro em seu pal\u00e1cio; dois ministros do planejamento, um retirado e outro substituto: um governo monstruoso, antipopular e reacion\u00e1rio.    Estamos efetivamente num voo cego. Ningu\u00e9m sabe para onde vai esta na\u00e7\u00e3o, a s\u00e9tima economia do mundo, com jazidas de petr\u00f3leo e g\u00e1s das maiores do mundo e com uma riqueza ecol\u00f3gica sem compara\u00e7\u00e3o, base da futura economia. Assim como se delineia a correla\u00e7\u00e3o de for\u00e7as, n\u00e3o vamos a lugar nenhum, sen\u00e3o a um eventual conflito social.<\/p>\n<p>O pobre, a maioria da popula\u00e7\u00e3o, se acostumou a sofrer e a encontrar sa\u00eddas como pode. Mas chega a um ponto em que o sofrimento se torna insuport\u00e1vel. Ningu\u00e9m aguenta, indiferente, vendo um filho morrer de fome ou de absoluta falta de assist\u00eancia m\u00e9dica. E diz: assim n\u00e3o pode ser; temos que rebelar-nos.<\/p>\n<p>Isso me faz lembrar um bispo franciscano do s\u00e9culo XIII da Esc\u00f3cia que recusando os altos impostos cobrados pelo Papa, respondeu: non accepto, recuso et rebello\u201d (\u201cn\u00e3o aceito, me recuso e me rebelo\u201d). E o Papa retrocedeu. N\u00e3o poder\u00e1 ocorrer algo semelhante entre n\u00f3s?<\/p>\n<p>Quando, nas palestras, fazendo um esfor\u00e7o imenso para deixar um laivo de esperan\u00e7a, me dizem: \u201dmas voc\u00ea \u00e9 pessimista\u201d! Respondo com Saramago: \u201cn\u00e3o sou pessimista; a realidade \u00e9 que \u00e9 p\u00e9ssima\u201d. Efetivamente, a realidade est\u00e1 sendo p\u00e9ssima para todos, menos para aquelas elites endinheiradas, acostumadas \u00e0 rapinagem, ganhando com a desgra\u00e7a de todo um povo. Elas t\u00eam o seu templo de profana\u00e7\u00e3o na Avenida Paulista em S\u00e3o Paulo, onde se concentra grande parte do PIB brasileiro.<\/p>\n<p>O grave \u00e9 que estamos faltos de lideran\u00e7as. Abstraindo o ex-presidente Lula, cujo carisma \u00e9 inconteste, apontam dois, Ciro Gomes e Roberto Requi\u00e3o, para mim, os \u00fanicas lideran\u00e7as fortes, que t\u00eam a coragem de dizer a verdade e pensam no Brasil mais que nas disputas partid\u00e1rias.<\/p>\n<p>Essa crise tem um pano de fundo nunca resolvido em nossa hist\u00f3ria, desmascarado recentemente por Jess\u00e9 Souza. (A tolice da intelig\u00eancia brasileira, 2015). Somos herdeiros de s\u00e9culos de colonialismo que nos deixaram a marca  de \u201cvira-latas\u201d sempre dependendo dos outros de fora. Pior ainda \u00e9 a heran\u00e7a secular do escravismo que fez com que os herdeiros da Casa Grande se sintam senhores da vida e da morte dos negros e pobres. N\u00e3o basta lan\u00e7\u00e1-los nas periferias; h\u00e1 que desprez\u00e1-los e humilh\u00e1-los. E a classe m\u00e9dia que imita os de cima, tolamente se deixa manipular por eles e inocentemente se fazem c\u00famplices da horrorosa desigualdade social.<\/p>\n<p>Essas elites de super-endinheirados (71.440 pessoas lucram 600 mil d\u00f3lares por m\u00eas nos diz o IPEA) conquistaram os meios de comunica\u00e7\u00e3o de massa, golpistas e reacion\u00e1rios, que funcionam como azeite para a sua maquinaria de domina\u00e7\u00e3o. Essas elites nunca quiseram a democracia, apenas aquela de baix\u00edssima intensidade, que a podem comprar e manipular; preferem os golpes e a ditadura.<\/p>\n<p>Hoje j\u00e1 n\u00e3o \u00e9 mais poss\u00edvel pelas baionetas. Excogitou-se outro expediente: o golpe vem por uma artificiosa articula\u00e7\u00e3o entre  pol\u00edticos corruptos, o judici\u00e1rio politizado e a repress\u00e3o policial. Tr\u00eas tipos de golpe, portanto: o pol\u00edtico, o jur\u00eddico e o policial.<\/p>\n<p>Termino com as palavras pertinentes de Jess\u00e9 Souza: \u201cencontramo-nos num mundo comandado por um sindicato de ladr\u00f5es na pol\u00edtica, uma justi\u00e7a de &#8220;justiceiros&#8221; que os protege, uma elite de vampiros e uma sociedade condenada \u00e0 mis\u00e9ria material e \u00e0 pobreza espiritual. Esse golpe precisa ser compreendido por todos. Ele \u00e9 o espelho do que nos tornamos\u201d. <\/p>\n<p>Direi como Martin Heidegger:\u201cs\u00f3 um Deus nos poder\u00e1 salvar\u201d? Marx talvez seja mais modesto e verdadeiro:\u201dpara cada problema h\u00e1 sempre uma solu\u00e7\u00e3o\u201d. Dever\u00e1 surgir uma para n\u00f3s.<\/p>\n","protected":false},"excerpt":{"rendered":"<p>Uma reflex\u00e3o do Frei Leonardo Boff Um bando de ladr\u00f5es, travestidos de senadores-ju\u00edzes tenta, contra todos os argumentos em contr\u00e1rio, condenar uma mulher inocente, a Presidenta Dilma Rousseff, contra a qual n\u00e3o se acusa de nenhuma apropria\u00e7\u00e3o de bem p\u00fablico e de corrup\u00e7\u00e3o pessoal.<\/p>\n","protected":false},"author":1,"featured_media":0,"comment_status":"closed","ping_status":"open","sticky":false,"template":"","format":"standard","meta":{"_exactmetrics_skip_tracking":false,"_exactmetrics_sitenote_active":false,"_exactmetrics_sitenote_note":"","_exactmetrics_sitenote_category":0,"jetpack_post_was_ever_published":false,"_jetpack_newsletter_access":"","_jetpack_dont_email_post_to_subs":false,"_jetpack_newsletter_tier_id":0,"_jetpack_memberships_contains_paywalled_content":false,"_jetpack_memberships_contains_paid_content":false,"footnotes":"","jetpack_publicize_message":"","jetpack_publicize_feature_enabled":true,"jetpack_social_post_already_shared":true,"jetpack_social_options":{"image_generator_settings":{"template":"highway","enabled":false},"version":2}},"categories":[1],"tags":[21,110,136],"class_list":["post-1750","post","type-post","status-publish","format-standard","hentry","category-notas","tag-corrupcao","tag-crise","tag-leonardo-boff"],"jetpack_publicize_connections":[],"jetpack_sharing_enabled":true,"jetpack_featured_media_url":"","jetpack_shortlink":"https:\/\/wp.me\/p7wKYW-se","jetpack-related-posts":[],"_links":{"self":[{"href":"http:\/\/blogdalucianaoliveira.com.br\/blog\/wp-json\/wp\/v2\/posts\/1750","targetHints":{"allow":["GET"]}}],"collection":[{"href":"http:\/\/blogdalucianaoliveira.com.br\/blog\/wp-json\/wp\/v2\/posts"}],"about":[{"href":"http:\/\/blogdalucianaoliveira.com.br\/blog\/wp-json\/wp\/v2\/types\/post"}],"author":[{"embeddable":true,"href":"http:\/\/blogdalucianaoliveira.com.br\/blog\/wp-json\/wp\/v2\/users\/1"}],"replies":[{"embeddable":true,"href":"http:\/\/blogdalucianaoliveira.com.br\/blog\/wp-json\/wp\/v2\/comments?post=1750"}],"version-history":[{"count":1,"href":"http:\/\/blogdalucianaoliveira.com.br\/blog\/wp-json\/wp\/v2\/posts\/1750\/revisions"}],"predecessor-version":[{"id":1752,"href":"http:\/\/blogdalucianaoliveira.com.br\/blog\/wp-json\/wp\/v2\/posts\/1750\/revisions\/1752"}],"wp:attachment":[{"href":"http:\/\/blogdalucianaoliveira.com.br\/blog\/wp-json\/wp\/v2\/media?parent=1750"}],"wp:term":[{"taxonomy":"category","embeddable":true,"href":"http:\/\/blogdalucianaoliveira.com.br\/blog\/wp-json\/wp\/v2\/categories?post=1750"},{"taxonomy":"post_tag","embeddable":true,"href":"http:\/\/blogdalucianaoliveira.com.br\/blog\/wp-json\/wp\/v2\/tags?post=1750"}],"curies":[{"name":"wp","href":"https:\/\/api.w.org\/{rel}","templated":true}]}}