{"id":17501,"date":"2018-04-12T13:57:39","date_gmt":"2018-04-12T17:57:39","guid":{"rendered":"http:\/\/blogdalucianaoliveira.com.br\/blog\/?p=17501"},"modified":"2018-04-12T15:34:07","modified_gmt":"2018-04-12T19:34:07","slug":"nao-perdoe-eles-sabem-o-que-fazem","status":"publish","type":"post","link":"http:\/\/blogdalucianaoliveira.com.br\/blog\/2018\/04\/12\/nao-perdoe-eles-sabem-o-que-fazem\/","title":{"rendered":"N\u00c3O PERDOE, ELES SABEM O QUE FAZEM"},"content":{"rendered":"<p><img data-recalc-dims=\"1\" loading=\"lazy\" decoding=\"async\" data-attachment-id=\"17497\" data-permalink=\"http:\/\/blogdalucianaoliveira.com.br\/blog\/baca\/\" data-orig-file=\"https:\/\/i0.wp.com\/blogdalucianaoliveira.com.br\/blog\/wp-content\/uploads\/2018\/04\/baca.jpg?fit=1575%2C1050\" data-orig-size=\"1575,1050\" data-comments-opened=\"0\" data-image-meta=\"{&quot;aperture&quot;:&quot;4&quot;,&quot;credit&quot;:&quot;&quot;,&quot;camera&quot;:&quot;Canon EOS 5D Mark III&quot;,&quot;caption&quot;:&quot;&quot;,&quot;created_timestamp&quot;:&quot;1523455939&quot;,&quot;copyright&quot;:&quot;&quot;,&quot;focal_length&quot;:&quot;15&quot;,&quot;iso&quot;:&quot;4000&quot;,&quot;shutter_speed&quot;:&quot;0.008&quot;,&quot;title&quot;:&quot;&quot;,&quot;orientation&quot;:&quot;1&quot;}\" data-image-title=\"baca\" data-image-description=\"\" data-image-caption=\"\" data-medium-file=\"https:\/\/i0.wp.com\/blogdalucianaoliveira.com.br\/blog\/wp-content\/uploads\/2018\/04\/baca.jpg?fit=300%2C200\" data-large-file=\"https:\/\/i0.wp.com\/blogdalucianaoliveira.com.br\/blog\/wp-content\/uploads\/2018\/04\/baca.jpg?fit=600%2C400\" class=\"alignnone size-full wp-image-17497\" src=\"https:\/\/i0.wp.com\/blogdalucianaoliveira.com.br\/blog\/wp-content\/uploads\/2018\/04\/baca.jpg?resize=600%2C400\" alt=\"baca\" width=\"600\" height=\"400\" srcset=\"https:\/\/i0.wp.com\/blogdalucianaoliveira.com.br\/blog\/wp-content\/uploads\/2018\/04\/baca.jpg?w=1575 1575w, https:\/\/i0.wp.com\/blogdalucianaoliveira.com.br\/blog\/wp-content\/uploads\/2018\/04\/baca.jpg?resize=300%2C200 300w, https:\/\/i0.wp.com\/blogdalucianaoliveira.com.br\/blog\/wp-content\/uploads\/2018\/04\/baca.jpg?resize=768%2C512 768w, https:\/\/i0.wp.com\/blogdalucianaoliveira.com.br\/blog\/wp-content\/uploads\/2018\/04\/baca.jpg?resize=1024%2C683 1024w, https:\/\/i0.wp.com\/blogdalucianaoliveira.com.br\/blog\/wp-content\/uploads\/2018\/04\/baca.jpg?resize=450%2C300 450w, https:\/\/i0.wp.com\/blogdalucianaoliveira.com.br\/blog\/wp-content\/uploads\/2018\/04\/baca.jpg?w=1200 1200w\" sizes=\"auto, (max-width: 600px) 100vw, 600px\" \/><\/p>\n<p><strong>Foto: Gilmar de Jesus<\/strong><\/p>\n<p>\u201cN\u00f3s sabemos e temos a consci\u00eancia e foi muito dif\u00edcil pra mim definir meu voto, das pessoas que foram afetadas, do sofrimento, de todas essas quest\u00f5es\u201d, disse o deputado Laerte Gomes (PSBD-RO), ao votar favoravelmente ao projeto que permitir\u00e1 a amplia\u00e7\u00e3o do reservat\u00f3rio da hidrel\u00e9trica de Santo Ant\u00f4nio em 80 cent\u00edmetros.<!--more--><\/p>\n<p>Votou sabendo dos riscos ao meio ambiente e \u00e0 vida das pessoas e disse sem nenhuma vergonha na cara que n\u00e3o foi em nome do interesse p\u00fablico, de um modo geral.<\/p>\n<p>\u201cEu estive reunido com v\u00e1rios prefeitos hoje, prefeitos que s\u00e3o parceiros, amigos da nossa base e tamb\u00e9m com o prefeito de Porto Velho que \u00e9 do meu partido, do PSBD. Conversei muito com eles e disse que hoje eu iria dar n\u00e3o um voto t\u00e9cnico, mas um voto pol\u00edtico. Nos fizeram um apelo para que n\u00f3s vot\u00e1ssemos de forma favor\u00e1vel a esse projeto. N\u00f3s vamos votar conhecendo todas essas hist\u00f3rias, dos erros dessas usinas.\u201d<\/p>\n<p>O voto de Laerte foi um dos 14 favor\u00e1veis ao Projeto de Lei 102\/16, de autoria do executivo, sob promessa de R$ 1 milh\u00e3o para cada munic\u00edpio, R$ 30 milh\u00f5es para o distrito de Jaci-Paran\u00e1 e igual valor para a capital, Porto Velho. 9 deputados votaram contra.<\/p>\n<p>A mim, \u00e9 evidente a m\u00e1 f\u00e9 dos que se engajam numa ilus\u00e3o e perigo que a sociedade rondoniense sequer conhece.<\/p>\n<p>Todos lembram que em fun\u00e7\u00e3o de falha no projeto de escoamento de eletricidade de Jirau e Santo Ant\u00f4nio, o Operador Nacional do Sistema El\u00e9trico (ONS) restringiu a produ\u00e7\u00e3o de energia no Complexo Madeira em at\u00e9 4.700 MW, ao inv\u00e9s dos 6.300 MW pretendidos.<\/p>\n<p>Relembre aqui:\u00a0<a href=\"https:\/\/g1.globo.com\/economia\/noticia\/falha-em-projeto-vai-limitar-escoamento-de-energia-de-jirau-e-santo-antonio.ghtml\">https:\/\/g1.globo.com\/economia\/noticia\/falha-em-projeto-vai-limitar-escoamento-de-energia-de-jirau-e-santo-antonio.ghtml<\/a><\/p>\n<p>Por que elevar o reservat\u00f3rio se n\u00e3o ser\u00e1 produzida mais energia e consequentemente, Rond\u00f4nia n\u00e3o se beneficiar\u00e1 com mais royalties?<\/p>\n<p>O MAB, o Movimento dos Atingidos Por Barragens, explica:<\/p>\n<p>&#8220;A aprova\u00e7\u00e3o da amplia\u00e7\u00e3o do lago de Santo Ant\u00f4nio nesse momento \u00e9 uma imposi\u00e7\u00e3o das empresas chinesas que est\u00e3o negociando a usina com a Odebrecht e a Cemig e, por outro lado, \u00e9 uma trai\u00e7\u00e3o dos deputados estaduais que votaram favor\u00e1veis. \u00c9 certo que a maior press\u00e3o exercida contra os deputados foi do pr\u00f3prio governo do Estado que foi chamado a intervir pelo Minist\u00e9rio de Minas e Energia, em of\u00edcio encaminhado diretamente pelo ministro ao governador Conf\u00facio Moura. Conseguiram a maioria dos votos da aprova\u00e7\u00e3o oferecendo a compensa\u00e7\u00e3o social para os prefeitos dos munic\u00edpios, para que estes pressionassem os deputados. Colocaram os problemas financeiros dos munic\u00edpios para serem discutidos em um espa\u00e7o completamente inadequado. O Estado recebe royalties todos os anos, todos os meses, poderia repassar sempre esse dinheiro para ajudar esses munic\u00edpios, mas n\u00e3o, prefere tentar convencer que a solu\u00e7\u00e3o para a crise dos munic\u00edpios \u00e9 aumentar o lago da usina. Pior ainda que a participa\u00e7\u00e3o oportunista do governo nesse conflito, foi a atua\u00e7\u00e3o do Prefeito de Porto Velho. Enquanto os demais prefeitos faziam uma torcida organizada na assembleia, o \u00fanico que realmente \u00e9 respons\u00e1vel por um munic\u00edpio realmente atingido n\u00e3o compareceu em nenhuma audi\u00eancia p\u00fablica sobre o projeto.&#8221;<\/p>\n<p>Hildon Chaves, o prefeito que se elegeu prometendo cuidar da cidade, sequer dialogou com a popula\u00e7\u00e3o sobre isso.<\/p>\n<p>Que tipo de deputado estadual, consciente de que as empresas devem compensa\u00e7\u00f5es sociais e condicionantes ao licenciamento ambiental, acredita que sem perspectiva de novos lucros as empresas ir\u00e3o manter compromissos futuros?<\/p>\n<p>Os deputados que votaram irresponsavelmente a favor da eleva\u00e7\u00e3o da cota, sabem o que fazem e n\u00e3o devem ser perdoados na tentativa de se manterem no cargo ou concorrer a outro.<\/p>\n<p>Eles sabem que at\u00e9 hoje n\u00e3o foi cumprida a determina\u00e7\u00e3o de eleva\u00e7\u00e3o da BR-364 e a retirada de moradores em \u00e1reas de risco em Jaci-Paran\u00e1.<\/p>\n<p>Pior, sabem que at\u00e9 hoje \u00e9 devido o Plano de Seguran\u00e7a de Barragens, estabelecido pela Lei n\u00ba 12.334\/2010, que garante padr\u00f5es para reduzir a possibilidade de acidentes e suas consequ\u00eancias, al\u00e9m de regulamentar a\u00e7\u00f5es e os padr\u00f5es de seguran\u00e7a.<\/p>\n<p>\u00c9 um instrumento de pol\u00edtica de estado, obrigat\u00f3rio ao empreendedor, agente privado ou governamental, \u201ccom direito real sobre as terras onde se localizam a barragem e o reservat\u00f3rio ou que explore o barramento para benef\u00edcio pr\u00f3prio ou da coletividade.\u201d<\/p>\n<p>Est\u00e1 l\u00e1 no site da Ag\u00eancia Nacional de \u00c1guas que \u201cO Plano deve conter dados t\u00e9cnicos da barragem, como os de: constru\u00e7\u00e3o, opera\u00e7\u00e3o, manuten\u00e7\u00e3o e o panorama do estado atual da seguran\u00e7a, obtido por meio das inspe\u00e7\u00f5es realizadas.\u201d<\/p>\n<p><img data-recalc-dims=\"1\" loading=\"lazy\" decoding=\"async\" data-attachment-id=\"17498\" data-permalink=\"http:\/\/blogdalucianaoliveira.com.br\/blog\/usina-2\/\" data-orig-file=\"https:\/\/i0.wp.com\/blogdalucianaoliveira.com.br\/blog\/wp-content\/uploads\/2018\/04\/usina.jpeg?fit=635%2C423\" data-orig-size=\"635,423\" data-comments-opened=\"0\" data-image-meta=\"{&quot;aperture&quot;:&quot;0&quot;,&quot;credit&quot;:&quot;&quot;,&quot;camera&quot;:&quot;&quot;,&quot;caption&quot;:&quot;&quot;,&quot;created_timestamp&quot;:&quot;0&quot;,&quot;copyright&quot;:&quot;&quot;,&quot;focal_length&quot;:&quot;0&quot;,&quot;iso&quot;:&quot;0&quot;,&quot;shutter_speed&quot;:&quot;0&quot;,&quot;title&quot;:&quot;&quot;,&quot;orientation&quot;:&quot;0&quot;}\" data-image-title=\"usina\" data-image-description=\"\" data-image-caption=\"\" data-medium-file=\"https:\/\/i0.wp.com\/blogdalucianaoliveira.com.br\/blog\/wp-content\/uploads\/2018\/04\/usina.jpeg?fit=300%2C200\" data-large-file=\"https:\/\/i0.wp.com\/blogdalucianaoliveira.com.br\/blog\/wp-content\/uploads\/2018\/04\/usina.jpeg?fit=600%2C400\" class=\"alignnone size-full wp-image-17498\" src=\"https:\/\/i0.wp.com\/blogdalucianaoliveira.com.br\/blog\/wp-content\/uploads\/2018\/04\/usina.jpeg?resize=600%2C400\" alt=\"usina\" width=\"600\" height=\"400\" srcset=\"https:\/\/i0.wp.com\/blogdalucianaoliveira.com.br\/blog\/wp-content\/uploads\/2018\/04\/usina.jpeg?w=635 635w, https:\/\/i0.wp.com\/blogdalucianaoliveira.com.br\/blog\/wp-content\/uploads\/2018\/04\/usina.jpeg?resize=300%2C200 300w, https:\/\/i0.wp.com\/blogdalucianaoliveira.com.br\/blog\/wp-content\/uploads\/2018\/04\/usina.jpeg?resize=450%2C300 450w\" sizes=\"auto, (max-width: 600px) 100vw, 600px\" \/><\/p>\n<p>Ser\u00e1 poss\u00edvel que n\u00e3o lembrem da enchente de 2014 com o rastro de destrui\u00e7\u00e3o que at\u00e9 hoje nos humilha e exp\u00f5e a culpa dos politiqueiros?<\/p>\n<p>Veja de novo:\u00a0<a href=\"http:\/\/g1.globo.com\/ro\/rondonia\/rondonia-tv\/videos\/t\/edicoes\/v\/enchente-trouxe-prejuizos-para-saude-educacao-e-economia-do-estado-de-rondonia\/3285873\/\">http:\/\/g1.globo.com\/ro\/rondonia\/rondonia-tv\/videos\/t\/edicoes\/v\/enchente-trouxe-prejuizos-para-saude-educacao-e-economia-do-estado-de-rondonia\/3285873\/<\/a><\/p>\n<p>Os rondonienses n\u00e3o sabem nada sobre os riscos a que est\u00e3o expostos com essa autoriza\u00e7\u00e3o dada \u00e0 Santo Ant\u00f4nio Energia, sem di\u00e1logo adequado com a sociedade e com flagrante cunho eleitoreiro de deputados e prefeitos.<\/p>\n<p>Um dos mais entusiasmados com o aumento do lago \u00e9 o presidente da Assembleia, deputado Maur\u00e3o de Carvalho, que sonha ser eleito governador no pr\u00f3ximo pleito. Digo n\u00e3o e pe\u00e7o coro.<\/p>\n<p>A mat\u00e9ria no site da ALE-RO mostra os deputados\u00a0em festa pela aprova\u00e7\u00e3o do projeto, sem mencionar absolutamente nada sobre a pol\u00eamica que envolveu a vota\u00e7\u00e3o. \u00c9 uma trag\u00e9dia ver deputados comemorando um projeto perigoso que beneficia empresas que n\u00e3o participaram de nenhuma audi\u00eancia p\u00fablica na Assembleia.<\/p>\n<p><a href=\"http:\/\/www.al.ro.leg.br\/institucional\/noticias\/maurao-agradece-deputados-por-aprovar-projeto-que-beneficia-municipios-e-distrito-de-porto-velho\">http:\/\/www.al.ro.leg.br\/institucional\/noticias\/maurao-agradece-deputados-por-aprovar-projeto-que-beneficia-municipios-e-distrito-de-porto-velho<\/a><\/p>\n<p>Da lend\u00e1ria pra\u00e7a da EFMM d\u00e1 pra ver a barragem de Santo Ant\u00f4nio, a garganta de um drag\u00e3o que se cuspir \u00e1gua como fosse fogo destruir\u00e1 o centro da cidade, comunidades inteiras e um valioso patrim\u00f4nio hist\u00f3rico.<\/p>\n<p>O crime da Samarco e da Vale contra o Rio Doce, chocou o pa\u00eds.<\/p>\n<p>\u00c9 fundamental lembrar que ocorreu com processos de licenciamento e outorga de concess\u00f5es marcados por fraudes e irregularidades e com a coniv\u00eancia dos governos locais. As usinas est\u00e3o a\u00ed, com a realidade de seus estragos que n\u00e3o precisam aumentar. O que indigna \u00e9 a irresponsabilidade com que tratam o futuro.<\/p>\n<p><img data-recalc-dims=\"1\" loading=\"lazy\" decoding=\"async\" data-attachment-id=\"17499\" data-permalink=\"http:\/\/blogdalucianaoliveira.com.br\/blog\/vale-2\/\" data-orig-file=\"https:\/\/i0.wp.com\/blogdalucianaoliveira.com.br\/blog\/wp-content\/uploads\/2018\/04\/vale.jpg?fit=1000%2C357\" data-orig-size=\"1000,357\" data-comments-opened=\"0\" data-image-meta=\"{&quot;aperture&quot;:&quot;0&quot;,&quot;credit&quot;:&quot;&quot;,&quot;camera&quot;:&quot;&quot;,&quot;caption&quot;:&quot;&quot;,&quot;created_timestamp&quot;:&quot;0&quot;,&quot;copyright&quot;:&quot;&quot;,&quot;focal_length&quot;:&quot;0&quot;,&quot;iso&quot;:&quot;0&quot;,&quot;shutter_speed&quot;:&quot;0&quot;,&quot;title&quot;:&quot;&quot;,&quot;orientation&quot;:&quot;0&quot;}\" data-image-title=\"vale\" data-image-description=\"\" data-image-caption=\"\" data-medium-file=\"https:\/\/i0.wp.com\/blogdalucianaoliveira.com.br\/blog\/wp-content\/uploads\/2018\/04\/vale.jpg?fit=300%2C107\" data-large-file=\"https:\/\/i0.wp.com\/blogdalucianaoliveira.com.br\/blog\/wp-content\/uploads\/2018\/04\/vale.jpg?fit=600%2C214\" class=\"alignnone size-full wp-image-17499\" src=\"https:\/\/i0.wp.com\/blogdalucianaoliveira.com.br\/blog\/wp-content\/uploads\/2018\/04\/vale.jpg?resize=600%2C214\" alt=\"vale\" width=\"600\" height=\"214\" srcset=\"https:\/\/i0.wp.com\/blogdalucianaoliveira.com.br\/blog\/wp-content\/uploads\/2018\/04\/vale.jpg?w=1000 1000w, https:\/\/i0.wp.com\/blogdalucianaoliveira.com.br\/blog\/wp-content\/uploads\/2018\/04\/vale.jpg?resize=300%2C107 300w, https:\/\/i0.wp.com\/blogdalucianaoliveira.com.br\/blog\/wp-content\/uploads\/2018\/04\/vale.jpg?resize=768%2C274 768w, https:\/\/i0.wp.com\/blogdalucianaoliveira.com.br\/blog\/wp-content\/uploads\/2018\/04\/vale.jpg?resize=800%2C286 800w\" sizes=\"auto, (max-width: 600px) 100vw, 600px\" \/><\/p>\n<p>Registro, portanto, o grito dos atingidos por barragens abafado pela classe pol\u00edtica que foca no desenvolvimento de forma irrespons\u00e1vel e meu pr\u00f3prio grito, pois aqui nasci e terei o sono derradeiro sem culpa.<\/p>\n<p>&nbsp;<\/p>\n<p><em>&#8220;regi\u00e3o norte, periferia do Brasil<\/em><br \/>\n<em>a Amaz\u00f4nia do teu cart\u00e3o postal j\u00e1 se destruiu<\/em><br \/>\n<em>felizmente por aqui ainda existem guerreiros e guerreiras que lutam<\/em><br \/>\n<em>e s\u00e3o tantos quantos os dan\u00e7arinos de boi bumb\u00e1&#8221;<\/em><\/p>\n<p>Elizeu Braga<\/p>\n","protected":false},"excerpt":{"rendered":"<p>Foto: Gilmar de Jesus \u201cN\u00f3s sabemos e temos a consci\u00eancia e foi muito dif\u00edcil pra mim definir meu voto, das pessoas que foram afetadas, do sofrimento, de todas essas quest\u00f5es\u201d, disse o deputado Laerte Gomes (PSBD-RO), ao votar favoravelmente ao projeto que permitir\u00e1 a amplia\u00e7\u00e3o do reservat\u00f3rio da hidrel\u00e9trica de Santo Ant\u00f4nio em 80 cent\u00edmetros.<\/p>\n","protected":false},"author":1,"featured_media":0,"comment_status":"closed","ping_status":"open","sticky":false,"template":"","format":"standard","meta":{"_exactmetrics_skip_tracking":false,"_exactmetrics_sitenote_active":false,"_exactmetrics_sitenote_note":"","_exactmetrics_sitenote_category":0,"jetpack_post_was_ever_published":false,"_jetpack_newsletter_access":"","_jetpack_dont_email_post_to_subs":false,"_jetpack_newsletter_tier_id":0,"_jetpack_memberships_contains_paywalled_content":false,"_jetpack_memberships_contains_paid_content":false,"footnotes":"","jetpack_publicize_message":"","jetpack_publicize_feature_enabled":true,"jetpack_social_post_already_shared":true,"jetpack_social_options":{"image_generator_settings":{"template":"highway","enabled":false},"version":2}},"categories":[1],"tags":[],"class_list":["post-17501","post","type-post","status-publish","format-standard","hentry","category-notas"],"jetpack_publicize_connections":[],"jetpack_sharing_enabled":true,"jetpack_featured_media_url":"","jetpack_shortlink":"https:\/\/wp.me\/p7wKYW-4yh","jetpack-related-posts":[],"_links":{"self":[{"href":"http:\/\/blogdalucianaoliveira.com.br\/blog\/wp-json\/wp\/v2\/posts\/17501","targetHints":{"allow":["GET"]}}],"collection":[{"href":"http:\/\/blogdalucianaoliveira.com.br\/blog\/wp-json\/wp\/v2\/posts"}],"about":[{"href":"http:\/\/blogdalucianaoliveira.com.br\/blog\/wp-json\/wp\/v2\/types\/post"}],"author":[{"embeddable":true,"href":"http:\/\/blogdalucianaoliveira.com.br\/blog\/wp-json\/wp\/v2\/users\/1"}],"replies":[{"embeddable":true,"href":"http:\/\/blogdalucianaoliveira.com.br\/blog\/wp-json\/wp\/v2\/comments?post=17501"}],"version-history":[{"count":11,"href":"http:\/\/blogdalucianaoliveira.com.br\/blog\/wp-json\/wp\/v2\/posts\/17501\/revisions"}],"predecessor-version":[{"id":17513,"href":"http:\/\/blogdalucianaoliveira.com.br\/blog\/wp-json\/wp\/v2\/posts\/17501\/revisions\/17513"}],"wp:attachment":[{"href":"http:\/\/blogdalucianaoliveira.com.br\/blog\/wp-json\/wp\/v2\/media?parent=17501"}],"wp:term":[{"taxonomy":"category","embeddable":true,"href":"http:\/\/blogdalucianaoliveira.com.br\/blog\/wp-json\/wp\/v2\/categories?post=17501"},{"taxonomy":"post_tag","embeddable":true,"href":"http:\/\/blogdalucianaoliveira.com.br\/blog\/wp-json\/wp\/v2\/tags?post=17501"}],"curies":[{"name":"wp","href":"https:\/\/api.w.org\/{rel}","templated":true}]}}