{"id":17521,"date":"2018-04-12T16:11:11","date_gmt":"2018-04-12T20:11:11","guid":{"rendered":"http:\/\/blogdalucianaoliveira.com.br\/blog\/?p=17521"},"modified":"2018-04-12T16:11:11","modified_gmt":"2018-04-12T20:11:11","slug":"internautas-ironizam-nas-redes-e-os-atos-contra-alckmin","status":"publish","type":"post","link":"http:\/\/blogdalucianaoliveira.com.br\/blog\/2018\/04\/12\/internautas-ironizam-nas-redes-e-os-atos-contra-alckmin\/","title":{"rendered":"INTERNAUTAS IRONIZAM NAS REDES: E OS ATOS CONTRA ALCKMIN?"},"content":{"rendered":"<p><img data-recalc-dims=\"1\" loading=\"lazy\" decoding=\"async\" data-attachment-id=\"17515\" data-permalink=\"http:\/\/blogdalucianaoliveira.com.br\/blog\/ridi-3\/\" data-orig-file=\"https:\/\/i0.wp.com\/blogdalucianaoliveira.com.br\/blog\/wp-content\/uploads\/2018\/04\/ridi.jpg?fit=1000%2C357\" data-orig-size=\"1000,357\" data-comments-opened=\"0\" data-image-meta=\"{&quot;aperture&quot;:&quot;0&quot;,&quot;credit&quot;:&quot;&quot;,&quot;camera&quot;:&quot;&quot;,&quot;caption&quot;:&quot;&quot;,&quot;created_timestamp&quot;:&quot;0&quot;,&quot;copyright&quot;:&quot;&quot;,&quot;focal_length&quot;:&quot;0&quot;,&quot;iso&quot;:&quot;0&quot;,&quot;shutter_speed&quot;:&quot;0&quot;,&quot;title&quot;:&quot;&quot;,&quot;orientation&quot;:&quot;0&quot;}\" data-image-title=\"ridi\" data-image-description=\"\" data-image-caption=\"\" data-medium-file=\"https:\/\/i0.wp.com\/blogdalucianaoliveira.com.br\/blog\/wp-content\/uploads\/2018\/04\/ridi.jpg?fit=300%2C107\" data-large-file=\"https:\/\/i0.wp.com\/blogdalucianaoliveira.com.br\/blog\/wp-content\/uploads\/2018\/04\/ridi.jpg?fit=600%2C214\" class=\"alignnone size-full wp-image-17515\" src=\"https:\/\/i0.wp.com\/blogdalucianaoliveira.com.br\/blog\/wp-content\/uploads\/2018\/04\/ridi.jpg?resize=600%2C214\" alt=\"ridi\" width=\"600\" height=\"214\" srcset=\"https:\/\/i0.wp.com\/blogdalucianaoliveira.com.br\/blog\/wp-content\/uploads\/2018\/04\/ridi.jpg?w=1000 1000w, https:\/\/i0.wp.com\/blogdalucianaoliveira.com.br\/blog\/wp-content\/uploads\/2018\/04\/ridi.jpg?resize=300%2C107 300w, https:\/\/i0.wp.com\/blogdalucianaoliveira.com.br\/blog\/wp-content\/uploads\/2018\/04\/ridi.jpg?resize=768%2C274 768w, https:\/\/i0.wp.com\/blogdalucianaoliveira.com.br\/blog\/wp-content\/uploads\/2018\/04\/ridi.jpg?resize=800%2C286 800w\" sizes=\"auto, (max-width: 600px) 100vw, 600px\" \/><\/p>\n<p><strong>SP 247 &#8211;\u00a0<\/strong>Diversos internautas t\u00eam questionado ironicamente nas redes sociais, desde esta quarta-feira 11, onde ocorrer\u00e3o os protestos contra o ex-governador de S\u00e3o Paulo Geraldo Alckmin (PSDB). A revolta e as piadas acontecem depois que o Superior Tribunal de Justi\u00e7a (STJ) liberou o inqu\u00e9rito contra o tucano para a Justi\u00e7a Eleitoral, em 24 horas que Alckmin ficou sem foro privilegiado, quando renunciou ao cargo para se candidatar \u00e0 presid\u00eancia.<!--more--><\/p>\n<p>&#8220;Algu\u00e9m pode me mandar a programa\u00e7\u00e3o das manifesta\u00e7\u00f5es pela pris\u00e3o de Alckmin?&#8221;, questionou o perfil\u00a0Rosa de Nagasaki (@anacronices) no Twitter. O m\u00fasico Tico Santa Cruz postou no Facebook: &#8220;Entre na p\u00e1gina de todos os seus amigos que estavam &#8216;lutando contra a corrup\u00e7\u00e3o&#8217; e pergunte a eles:\u00a0&#8216;N\u00e3o vai falar nada sobre o Alckmin ter escapado da Lava Jato?&#8221;.<\/p>\n<p>&#8220;Quando o @MBLivre vai convocar manifesta\u00e7\u00f5es pela pris\u00e3o de Alckmin, Temer e Moreira Franco? Ah, esqueci! O MBL tem corruptos de estima\u00e7\u00e3o! #MBL\u00e9fraude&#8221;, perguntou tamb\u00e9m pelo Twitter o presidente nacional do PSOL, Juliano Medeiros.<\/p>\n<p>&#8220;Estou ansioso pra participar junto aos PATOS PANELEIROS nas manifesta\u00e7\u00f5es contra ALCKMIN e A\u00c9BRIO, at\u00e9 agora n\u00e3o recebi o convite&#8221;, perguntou outro internauta. &#8220;O MBL e VPR est\u00e3o marcando manifesta\u00e7\u00f5es pela condena\u00e7\u00e3o do Alckmin. At\u00e9 o menino do PowerPoint j\u00e1 vai recome\u00e7ar seu jejum (#sqn)&#8221;, postou outro.<\/p>\n<p>Alckmin foi blindado numa a\u00e7\u00e3o conjunta entre a Procuradoria Geral da Rep\u00fablica (PGR) e o STJ. Depois que ele deixou o governo do Estado, a for\u00e7a-tarefa da Lava Jato em S\u00e3o Paulo pediu que o STJ enviasse com &#8220;urg\u00eancia&#8221; seu inqu\u00e9rito para que fosse investigado pelos procuradores da opera\u00e7\u00e3o. A PGR solicitou ao STJ que o caso fosse para a Justi\u00e7a Eleitoral, onde as puni\u00e7\u00f5es s\u00e3o incomparavelmente menores. A ministra Nancy Andrighi, do STJ, aceitou o pedido.<\/p>\n","protected":false},"excerpt":{"rendered":"<p>SP 247 &#8211;\u00a0Diversos internautas t\u00eam questionado ironicamente nas redes sociais, desde esta quarta-feira 11, onde ocorrer\u00e3o os protestos contra o ex-governador de S\u00e3o Paulo Geraldo Alckmin (PSDB). A revolta e as piadas acontecem depois que o Superior Tribunal de Justi\u00e7a (STJ) liberou o inqu\u00e9rito contra o tucano para a Justi\u00e7a Eleitoral, em 24 horas que&#8230;<a class=\"more-link\" href=\"http:\/\/blogdalucianaoliveira.com.br\/blog\/2018\/04\/12\/internautas-ironizam-nas-redes-e-os-atos-contra-alckmin\/\">Continue a leitura <span class=\"meta-nav\">&raquo;<\/span><\/a><\/p>\n","protected":false},"author":1,"featured_media":0,"comment_status":"closed","ping_status":"open","sticky":false,"template":"","format":"standard","meta":{"_exactmetrics_skip_tracking":false,"_exactmetrics_sitenote_active":false,"_exactmetrics_sitenote_note":"","_exactmetrics_sitenote_category":0,"jetpack_post_was_ever_published":false,"_jetpack_newsletter_access":"","_jetpack_dont_email_post_to_subs":false,"_jetpack_newsletter_tier_id":0,"_jetpack_memberships_contains_paywalled_content":false,"_jetpack_memberships_contains_paid_content":false,"footnotes":"","jetpack_publicize_message":"","jetpack_publicize_feature_enabled":true,"jetpack_social_post_already_shared":true,"jetpack_social_options":{"image_generator_settings":{"template":"highway","enabled":false},"version":2}},"categories":[1],"tags":[],"class_list":["post-17521","post","type-post","status-publish","format-standard","hentry","category-notas"],"jetpack_publicize_connections":[],"jetpack_sharing_enabled":true,"jetpack_featured_media_url":"","jetpack_shortlink":"https:\/\/wp.me\/p7wKYW-4yB","jetpack-related-posts":[],"_links":{"self":[{"href":"http:\/\/blogdalucianaoliveira.com.br\/blog\/wp-json\/wp\/v2\/posts\/17521","targetHints":{"allow":["GET"]}}],"collection":[{"href":"http:\/\/blogdalucianaoliveira.com.br\/blog\/wp-json\/wp\/v2\/posts"}],"about":[{"href":"http:\/\/blogdalucianaoliveira.com.br\/blog\/wp-json\/wp\/v2\/types\/post"}],"author":[{"embeddable":true,"href":"http:\/\/blogdalucianaoliveira.com.br\/blog\/wp-json\/wp\/v2\/users\/1"}],"replies":[{"embeddable":true,"href":"http:\/\/blogdalucianaoliveira.com.br\/blog\/wp-json\/wp\/v2\/comments?post=17521"}],"version-history":[{"count":1,"href":"http:\/\/blogdalucianaoliveira.com.br\/blog\/wp-json\/wp\/v2\/posts\/17521\/revisions"}],"predecessor-version":[{"id":17522,"href":"http:\/\/blogdalucianaoliveira.com.br\/blog\/wp-json\/wp\/v2\/posts\/17521\/revisions\/17522"}],"wp:attachment":[{"href":"http:\/\/blogdalucianaoliveira.com.br\/blog\/wp-json\/wp\/v2\/media?parent=17521"}],"wp:term":[{"taxonomy":"category","embeddable":true,"href":"http:\/\/blogdalucianaoliveira.com.br\/blog\/wp-json\/wp\/v2\/categories?post=17521"},{"taxonomy":"post_tag","embeddable":true,"href":"http:\/\/blogdalucianaoliveira.com.br\/blog\/wp-json\/wp\/v2\/tags?post=17521"}],"curies":[{"name":"wp","href":"https:\/\/api.w.org\/{rel}","templated":true}]}}