{"id":17523,"date":"2018-04-12T16:32:50","date_gmt":"2018-04-12T20:32:50","guid":{"rendered":"http:\/\/blogdalucianaoliveira.com.br\/blog\/?p=17523"},"modified":"2018-04-12T16:50:06","modified_gmt":"2018-04-12T20:50:06","slug":"dialogo-da-peca-leite-de-rodrigo-vrech","status":"publish","type":"post","link":"http:\/\/blogdalucianaoliveira.com.br\/blog\/2018\/04\/12\/dialogo-da-peca-leite-de-rodrigo-vrech\/","title":{"rendered":"Di\u00e1logo da pe\u00e7a Lete, de Rodrigo Vrech"},"content":{"rendered":"<p style=\"text-align: left;\"><img data-recalc-dims=\"1\" loading=\"lazy\" decoding=\"async\" data-attachment-id=\"17524\" data-permalink=\"http:\/\/blogdalucianaoliveira.com.br\/blog\/2018\/04\/12\/dialogo-da-peca-leite-de-rodrigo-vrech\/15609f62-9199-4a29-9598-7395ecfdd848\/\" data-orig-file=\"https:\/\/i0.wp.com\/blogdalucianaoliveira.com.br\/blog\/wp-content\/uploads\/2018\/04\/15609F62-9199-4A29-9598-7395ECFDD848.jpeg?fit=750%2C845\" data-orig-size=\"750,845\" data-comments-opened=\"0\" data-image-meta=\"{&quot;aperture&quot;:&quot;0&quot;,&quot;credit&quot;:&quot;&quot;,&quot;camera&quot;:&quot;&quot;,&quot;caption&quot;:&quot;&quot;,&quot;created_timestamp&quot;:&quot;0&quot;,&quot;copyright&quot;:&quot;&quot;,&quot;focal_length&quot;:&quot;0&quot;,&quot;iso&quot;:&quot;0&quot;,&quot;shutter_speed&quot;:&quot;0&quot;,&quot;title&quot;:&quot;&quot;,&quot;orientation&quot;:&quot;0&quot;}\" data-image-title=\"15609F62-9199-4A29-9598-7395ECFDD848\" data-image-description=\"\" data-image-caption=\"\" data-medium-file=\"https:\/\/i0.wp.com\/blogdalucianaoliveira.com.br\/blog\/wp-content\/uploads\/2018\/04\/15609F62-9199-4A29-9598-7395ECFDD848.jpeg?fit=266%2C300\" data-large-file=\"https:\/\/i0.wp.com\/blogdalucianaoliveira.com.br\/blog\/wp-content\/uploads\/2018\/04\/15609F62-9199-4A29-9598-7395ECFDD848.jpeg?fit=600%2C676\" class=\"alignnone size-full wp-image-17524\" src=\"https:\/\/i0.wp.com\/blogdalucianaoliveira.com.br\/blog\/wp-content\/uploads\/2018\/04\/15609F62-9199-4A29-9598-7395ECFDD848.jpeg?resize=600%2C676\" alt=\"15609F62-9199-4A29-9598-7395ECFDD848\" width=\"600\" height=\"676\" srcset=\"https:\/\/i0.wp.com\/blogdalucianaoliveira.com.br\/blog\/wp-content\/uploads\/2018\/04\/15609F62-9199-4A29-9598-7395ECFDD848.jpeg?w=750 750w, https:\/\/i0.wp.com\/blogdalucianaoliveira.com.br\/blog\/wp-content\/uploads\/2018\/04\/15609F62-9199-4A29-9598-7395ECFDD848.jpeg?resize=266%2C300 266w\" sizes=\"auto, (max-width: 600px) 100vw, 600px\" \/><\/p>\n<p>&nbsp;<\/p>\n<p>&nbsp;<\/p>\n<p>A hist\u00f3ria n\u00e3o contada sobre as usinas do Madeira. No ato, Elizeu Braga e Andressa Silva<!--more--><\/p>\n<p>ELIZEU<br \/>\nEu n\u00e3o aguento ficar te ouvindo falar de benef\u00edcio de usina. Todo mundo sabe onde isso tudo vai parar.<\/p>\n<p>ANDRESSA<br \/>\nMas ainda n\u00e3o chegamos l\u00e1. Nesse momento da hist\u00f3ria est\u00e3o as promessas. \u00c9 aqui que a gente ouve a voz da usina. N\u00e3o d\u00e1 pra fazer um trabalho panflet\u00e1rio, uma ca\u00e7a \u00e0s bruxas. Sai desse teu ponto de vista limitado e entende que a coisa \u00e9 bem maior e mais complexa. Ficar sentada criticando n\u00e3o vai nos levar a lugar nenhum. Se falar resolvesse alguma coisa essas promessas todas estariam se cumprindo.<\/p>\n<p>ELIZEU<br \/>\nE o que a gente faz? Fica elogiando a usina no meio da pe\u00e7a?<\/p>\n<p>ANDRESSA<br \/>\nA gente reproduz o processo hist\u00f3rico. \u00c9 isso que a gente faz. Esse empreendimento \u00e9 de extrema relev\u00e2ncia pra hist\u00f3ria da cidade. Assim como foram todos os outros fluxos de migra\u00e7\u00f5es que tivemos. Nossa hist\u00f3ria \u00e9 moldada de gente que vem pra c\u00e1, extrai o que temos de melhor e nos deixa espoliados. Mas tamb\u00e9m \u00e9 feita de gente que vem pra c\u00e1 e soma \u00e0 nossa identidade. Essa usina j\u00e1 faz parte da nossa hist\u00f3ria, quer a gente queira, quer n\u00e3o. Isso n\u00e3o pode ser mudado.<\/p>\n","protected":false},"excerpt":{"rendered":"<p>&nbsp; &nbsp; A hist\u00f3ria n\u00e3o contada sobre as usinas do Madeira. No ato, Elizeu Braga e Andressa Silva<\/p>\n","protected":false},"author":1,"featured_media":0,"comment_status":"closed","ping_status":"open","sticky":false,"template":"","format":"standard","meta":{"_exactmetrics_skip_tracking":false,"_exactmetrics_sitenote_active":false,"_exactmetrics_sitenote_note":"","_exactmetrics_sitenote_category":0,"jetpack_post_was_ever_published":false,"_jetpack_newsletter_access":"","_jetpack_dont_email_post_to_subs":false,"_jetpack_newsletter_tier_id":0,"_jetpack_memberships_contains_paywalled_content":false,"_jetpack_memberships_contains_paid_content":false,"footnotes":"","jetpack_publicize_message":"","jetpack_publicize_feature_enabled":true,"jetpack_social_post_already_shared":true,"jetpack_social_options":{"image_generator_settings":{"template":"highway","enabled":false},"version":2}},"categories":[1],"tags":[],"class_list":["post-17523","post","type-post","status-publish","format-standard","hentry","category-notas"],"jetpack_publicize_connections":[],"jetpack_sharing_enabled":true,"jetpack_featured_media_url":"","jetpack_shortlink":"https:\/\/wp.me\/p7wKYW-4yD","jetpack-related-posts":[],"_links":{"self":[{"href":"http:\/\/blogdalucianaoliveira.com.br\/blog\/wp-json\/wp\/v2\/posts\/17523","targetHints":{"allow":["GET"]}}],"collection":[{"href":"http:\/\/blogdalucianaoliveira.com.br\/blog\/wp-json\/wp\/v2\/posts"}],"about":[{"href":"http:\/\/blogdalucianaoliveira.com.br\/blog\/wp-json\/wp\/v2\/types\/post"}],"author":[{"embeddable":true,"href":"http:\/\/blogdalucianaoliveira.com.br\/blog\/wp-json\/wp\/v2\/users\/1"}],"replies":[{"embeddable":true,"href":"http:\/\/blogdalucianaoliveira.com.br\/blog\/wp-json\/wp\/v2\/comments?post=17523"}],"version-history":[{"count":2,"href":"http:\/\/blogdalucianaoliveira.com.br\/blog\/wp-json\/wp\/v2\/posts\/17523\/revisions"}],"predecessor-version":[{"id":17526,"href":"http:\/\/blogdalucianaoliveira.com.br\/blog\/wp-json\/wp\/v2\/posts\/17523\/revisions\/17526"}],"wp:attachment":[{"href":"http:\/\/blogdalucianaoliveira.com.br\/blog\/wp-json\/wp\/v2\/media?parent=17523"}],"wp:term":[{"taxonomy":"category","embeddable":true,"href":"http:\/\/blogdalucianaoliveira.com.br\/blog\/wp-json\/wp\/v2\/categories?post=17523"},{"taxonomy":"post_tag","embeddable":true,"href":"http:\/\/blogdalucianaoliveira.com.br\/blog\/wp-json\/wp\/v2\/tags?post=17523"}],"curies":[{"name":"wp","href":"https:\/\/api.w.org\/{rel}","templated":true}]}}