{"id":17527,"date":"2018-04-12T17:56:45","date_gmt":"2018-04-12T21:56:45","guid":{"rendered":"http:\/\/blogdalucianaoliveira.com.br\/blog\/?p=17527"},"modified":"2018-04-12T18:26:08","modified_gmt":"2018-04-12T22:26:08","slug":"doutores-sem-fronteiras-confirmam-atendimentos-de-saude-a-ribeirinhos-e-indigenas-de-ro","status":"publish","type":"post","link":"http:\/\/blogdalucianaoliveira.com.br\/blog\/2018\/04\/12\/doutores-sem-fronteiras-confirmam-atendimentos-de-saude-a-ribeirinhos-e-indigenas-de-ro\/","title":{"rendered":"Doutores sem Fronteiras confirmam atendimentos de sa\u00fade a ribeirinhos e ind\u00edgenas de RO"},"content":{"rendered":"<div class=\"content-feed\">\n<p><img data-recalc-dims=\"1\" loading=\"lazy\" decoding=\"async\" data-attachment-id=\"17528\" data-permalink=\"http:\/\/blogdalucianaoliveira.com.br\/blog\/2018\/04\/12\/doutores-sem-fronteiras-confirmam-atendimentos-de-saude-a-ribeirinhos-e-indigenas-de-ro\/tup\/\" data-orig-file=\"https:\/\/i0.wp.com\/blogdalucianaoliveira.com.br\/blog\/wp-content\/uploads\/2018\/04\/tup.jpg?fit=642%2C642\" data-orig-size=\"642,642\" data-comments-opened=\"0\" data-image-meta=\"{&quot;aperture&quot;:&quot;0&quot;,&quot;credit&quot;:&quot;&quot;,&quot;camera&quot;:&quot;&quot;,&quot;caption&quot;:&quot;&quot;,&quot;created_timestamp&quot;:&quot;0&quot;,&quot;copyright&quot;:&quot;&quot;,&quot;focal_length&quot;:&quot;0&quot;,&quot;iso&quot;:&quot;0&quot;,&quot;shutter_speed&quot;:&quot;0&quot;,&quot;title&quot;:&quot;&quot;,&quot;orientation&quot;:&quot;0&quot;}\" data-image-title=\"tup\" data-image-description=\"\" data-image-caption=\"\" data-medium-file=\"https:\/\/i0.wp.com\/blogdalucianaoliveira.com.br\/blog\/wp-content\/uploads\/2018\/04\/tup.jpg?fit=300%2C300\" data-large-file=\"https:\/\/i0.wp.com\/blogdalucianaoliveira.com.br\/blog\/wp-content\/uploads\/2018\/04\/tup.jpg?fit=600%2C600\" class=\"alignnone size-full wp-image-17528\" src=\"https:\/\/i0.wp.com\/blogdalucianaoliveira.com.br\/blog\/wp-content\/uploads\/2018\/04\/tup.jpg?resize=600%2C600\" alt=\"tup\" width=\"600\" height=\"600\" srcset=\"https:\/\/i0.wp.com\/blogdalucianaoliveira.com.br\/blog\/wp-content\/uploads\/2018\/04\/tup.jpg?w=642 642w, https:\/\/i0.wp.com\/blogdalucianaoliveira.com.br\/blog\/wp-content\/uploads\/2018\/04\/tup.jpg?resize=150%2C150 150w, https:\/\/i0.wp.com\/blogdalucianaoliveira.com.br\/blog\/wp-content\/uploads\/2018\/04\/tup.jpg?resize=300%2C300 300w\" sizes=\"auto, (max-width: 600px) 100vw, 600px\" \/><\/p>\n<p>A ONG Doutores sem Fronteiras confirmou a retorno do projeto para Rond\u00f4nia em 2018. Os atendimentos ser\u00e3o realizados entre os dias 26 de junho a 31 de julho, em tr\u00eas etapas: Rio Guapor\u00e9 &#8211; Barco Hospital Walter B\u00e1rtolo &#8211; entre os dias 26 de junho a 8 de julho, terras ind\u00edgenas Paiter Surui e Uru-eu-wau-wau, entre os dias 9 a 19 de julho e Baixo Madeira \u2013 Distrito de Nazar\u00e9, Lago do Cuni\u00e3 e comunidades vizinhas, de 20 a 31 de julho. O projeto visa realizar mais cinco mil procedimentos em 30 dias de atendimentos.<!--more--><\/p>\n<p><img data-recalc-dims=\"1\" loading=\"lazy\" decoding=\"async\" data-attachment-id=\"17535\" data-permalink=\"http:\/\/blogdalucianaoliveira.com.br\/blog\/2018\/04\/12\/doutores-sem-fronteiras-confirmam-atendimentos-de-saude-a-ribeirinhos-e-indigenas-de-ro\/dca5e88e-716f-4364-b351-1894ec1a4267\/\" data-orig-file=\"https:\/\/i0.wp.com\/blogdalucianaoliveira.com.br\/blog\/wp-content\/uploads\/2018\/04\/DCA5E88E-716F-4364-B351-1894EC1A4267.jpeg?fit=640%2C622\" data-orig-size=\"640,622\" data-comments-opened=\"0\" data-image-meta=\"{&quot;aperture&quot;:&quot;0&quot;,&quot;credit&quot;:&quot;&quot;,&quot;camera&quot;:&quot;&quot;,&quot;caption&quot;:&quot;&quot;,&quot;created_timestamp&quot;:&quot;0&quot;,&quot;copyright&quot;:&quot;&quot;,&quot;focal_length&quot;:&quot;0&quot;,&quot;iso&quot;:&quot;0&quot;,&quot;shutter_speed&quot;:&quot;0&quot;,&quot;title&quot;:&quot;&quot;,&quot;orientation&quot;:&quot;0&quot;}\" data-image-title=\"DCA5E88E-716F-4364-B351-1894EC1A4267\" data-image-description=\"\" data-image-caption=\"\" data-medium-file=\"https:\/\/i0.wp.com\/blogdalucianaoliveira.com.br\/blog\/wp-content\/uploads\/2018\/04\/DCA5E88E-716F-4364-B351-1894EC1A4267.jpeg?fit=300%2C292\" data-large-file=\"https:\/\/i0.wp.com\/blogdalucianaoliveira.com.br\/blog\/wp-content\/uploads\/2018\/04\/DCA5E88E-716F-4364-B351-1894EC1A4267.jpeg?fit=600%2C583\" src=\"https:\/\/i0.wp.com\/blogdalucianaoliveira.com.br\/blog\/wp-content\/uploads\/2018\/04\/DCA5E88E-716F-4364-B351-1894EC1A4267.jpeg?resize=600%2C583\" alt=\"DCA5E88E-716F-4364-B351-1894EC1A4267\" width=\"600\" height=\"583\" class=\"alignnone size-full wp-image-17535\" srcset=\"https:\/\/i0.wp.com\/blogdalucianaoliveira.com.br\/blog\/wp-content\/uploads\/2018\/04\/DCA5E88E-716F-4364-B351-1894EC1A4267.jpeg?w=640 640w, https:\/\/i0.wp.com\/blogdalucianaoliveira.com.br\/blog\/wp-content\/uploads\/2018\/04\/DCA5E88E-716F-4364-B351-1894EC1A4267.jpeg?resize=300%2C292 300w, https:\/\/i0.wp.com\/blogdalucianaoliveira.com.br\/blog\/wp-content\/uploads\/2018\/04\/DCA5E88E-716F-4364-B351-1894EC1A4267.jpeg?resize=309%2C300 309w\" sizes=\"auto, (max-width: 600px) 100vw, 600px\" \/><\/p>\n<p>Em 2018, al\u00e9m da \u00e1rea odontol\u00f3gica, que \u00e9 a maior for\u00e7a do Doutores sem Fronteiras, ser\u00e3o levados m\u00e9dicos, biom\u00e9dicos, bi\u00f3logos e engenheiros ambientais promovendo mais a\u00e7\u00f5es e consequentemente mais benef\u00edcios a todos. O Doutores sem Fronteiras atuar\u00e3o em um grupo de 100 participantes em parceria com a Associa\u00e7\u00e3o Kanind\u00e9, Associa\u00e7\u00e3o Met\u00e0reila, Projeto 32, Dsei de Vilhena, Dsei de Porto Velho, Funai , Universidade S\u00e3o Lucas e Governo do Estado de Rond\u00f4nia.<\/p>\n<p><img data-recalc-dims=\"1\" loading=\"lazy\" decoding=\"async\" data-attachment-id=\"17531\" data-permalink=\"http:\/\/blogdalucianaoliveira.com.br\/blog\/2018\/04\/12\/doutores-sem-fronteiras-confirmam-atendimentos-de-saude-a-ribeirinhos-e-indigenas-de-ro\/948bef55-e262-4bf1-9028-1579608699ec\/\" data-orig-file=\"https:\/\/i0.wp.com\/blogdalucianaoliveira.com.br\/blog\/wp-content\/uploads\/2018\/04\/948BEF55-E262-4BF1-9028-1579608699EC.jpeg?fit=640%2C613\" data-orig-size=\"640,613\" data-comments-opened=\"0\" data-image-meta=\"{&quot;aperture&quot;:&quot;0&quot;,&quot;credit&quot;:&quot;&quot;,&quot;camera&quot;:&quot;&quot;,&quot;caption&quot;:&quot;&quot;,&quot;created_timestamp&quot;:&quot;0&quot;,&quot;copyright&quot;:&quot;&quot;,&quot;focal_length&quot;:&quot;0&quot;,&quot;iso&quot;:&quot;0&quot;,&quot;shutter_speed&quot;:&quot;0&quot;,&quot;title&quot;:&quot;&quot;,&quot;orientation&quot;:&quot;0&quot;}\" data-image-title=\"948BEF55-E262-4BF1-9028-1579608699EC\" data-image-description=\"\" data-image-caption=\"\" data-medium-file=\"https:\/\/i0.wp.com\/blogdalucianaoliveira.com.br\/blog\/wp-content\/uploads\/2018\/04\/948BEF55-E262-4BF1-9028-1579608699EC.jpeg?fit=300%2C287\" data-large-file=\"https:\/\/i0.wp.com\/blogdalucianaoliveira.com.br\/blog\/wp-content\/uploads\/2018\/04\/948BEF55-E262-4BF1-9028-1579608699EC.jpeg?fit=600%2C575\" src=\"https:\/\/i0.wp.com\/blogdalucianaoliveira.com.br\/blog\/wp-content\/uploads\/2018\/04\/948BEF55-E262-4BF1-9028-1579608699EC.jpeg?resize=600%2C575\" alt=\"948BEF55-E262-4BF1-9028-1579608699EC\" width=\"600\" height=\"575\" class=\"alignnone size-full wp-image-17531\" srcset=\"https:\/\/i0.wp.com\/blogdalucianaoliveira.com.br\/blog\/wp-content\/uploads\/2018\/04\/948BEF55-E262-4BF1-9028-1579608699EC.jpeg?w=640 640w, https:\/\/i0.wp.com\/blogdalucianaoliveira.com.br\/blog\/wp-content\/uploads\/2018\/04\/948BEF55-E262-4BF1-9028-1579608699EC.jpeg?resize=300%2C287 300w, https:\/\/i0.wp.com\/blogdalucianaoliveira.com.br\/blog\/wp-content\/uploads\/2018\/04\/948BEF55-E262-4BF1-9028-1579608699EC.jpeg?resize=313%2C300 313w\" sizes=\"auto, (max-width: 600px) 100vw, 600px\" \/><\/p>\n<p>O fundador do Doutores sem Fronteiras, cirurgi\u00e3o-dentista Caio Machado, destaca que a maioria da equipe \u00e9 formada por profissionais especialistas. \u201cDeixamos nossas fam\u00edlias, trabalho para se dedicar ao pr\u00f3ximo sem medir esfor\u00e7os por que acreditamos que essa \u00e9 a \u00fanica forma de mudar a sa\u00fade de nosso pa\u00eds\u201d, ressalta.<\/p>\n<p>Caio ainda afirma que a cada ano o Doutores sem Fronteiras vem crescendo com a filosofia de ajudar pessoas e chamar a aten\u00e7\u00e3o do Poder P\u00fablico. \u201cEu acredito que n\u00f3s profissionais da sa\u00fade temos, n\u00e3o s\u00f3 o dever, mas a obriga\u00e7\u00e3o de ajudar as pessoas que n\u00e3o tem acesso. Por isso, criamos o projeto que cresceu e cresce a cada ano, sempre visando ajudar a fazer um mundo melhor\u201d, pontua.<\/p>\n<p>Caio ainda ressalta que ser\u00e3o levados mais uma vez a melhor tecnologia do mundo na \u00e1rea odontol\u00f3gica com o sistema Cerec Cad Can, um scanner intra-oral qu\u00ea escaneia a boca do paciente em alguns minutos e a imagem vai para uma fresadora 3D confeccionando uma pr\u00f3tese dental em minutos. Tratamentos de canal, confec\u00e7\u00e3o de elementos dent\u00e1rios, restaura\u00e7\u00f5es, cirurgias simples e complexas, confec\u00e7\u00e3o de algumas pr\u00f3teses dent\u00e1rias distribui\u00e7\u00e3o de 2000 kits de escova\u00e7\u00e3o, atendimento infantil e uma grande novidade para 2018, instala\u00e7\u00e3o de implantes dent\u00e1rios imediatos em alguns casos. Frisando que estamos levando para terras ind\u00edgenas um equipamento que a maioria das cl\u00ednicas odontol\u00f3gicas de S\u00e3o Paulo n\u00e3o tem acesso.<br \/>\n<strong>Doutores sem Fronteira<\/strong><br \/>\nO Doutores sem Fronteiras \u00e9 uma entidade sem fins lucrativos que tem como objetivo fomentar a retribui\u00e7\u00e3o das conquistas profissionais, por meio da colabora\u00e7\u00e3o, utilizando o conhecimento<br \/>\nt\u00e9cnico de seus associados com o intuito de erradicar a falta de acesso de determinadas popula\u00e7\u00f5es \u00e0s premissas b\u00e1sicas de sa\u00fade, educa\u00e7\u00e3o e bem estar, sem interferir na cultura, religi\u00e3o e caracter\u00edsticas sociais das localidades atendidas.<\/p>\n<p><img data-recalc-dims=\"1\" loading=\"lazy\" decoding=\"async\" data-attachment-id=\"17537\" data-permalink=\"http:\/\/blogdalucianaoliveira.com.br\/blog\/2018\/04\/12\/doutores-sem-fronteiras-confirmam-atendimentos-de-saude-a-ribeirinhos-e-indigenas-de-ro\/cere\/\" data-orig-file=\"https:\/\/i0.wp.com\/blogdalucianaoliveira.com.br\/blog\/wp-content\/uploads\/2018\/04\/cere.jpg?fit=639%2C420\" data-orig-size=\"639,420\" data-comments-opened=\"0\" data-image-meta=\"{&quot;aperture&quot;:&quot;0&quot;,&quot;credit&quot;:&quot;&quot;,&quot;camera&quot;:&quot;&quot;,&quot;caption&quot;:&quot;&quot;,&quot;created_timestamp&quot;:&quot;0&quot;,&quot;copyright&quot;:&quot;&quot;,&quot;focal_length&quot;:&quot;0&quot;,&quot;iso&quot;:&quot;0&quot;,&quot;shutter_speed&quot;:&quot;0&quot;,&quot;title&quot;:&quot;&quot;,&quot;orientation&quot;:&quot;0&quot;}\" data-image-title=\"cere\" data-image-description=\"\" data-image-caption=\"\" data-medium-file=\"https:\/\/i0.wp.com\/blogdalucianaoliveira.com.br\/blog\/wp-content\/uploads\/2018\/04\/cere.jpg?fit=300%2C197\" data-large-file=\"https:\/\/i0.wp.com\/blogdalucianaoliveira.com.br\/blog\/wp-content\/uploads\/2018\/04\/cere.jpg?fit=600%2C394\" src=\"https:\/\/i0.wp.com\/blogdalucianaoliveira.com.br\/blog\/wp-content\/uploads\/2018\/04\/cere.jpg?resize=600%2C394\" alt=\"cere\" width=\"600\" height=\"394\" class=\"alignnone size-full wp-image-17537\" srcset=\"https:\/\/i0.wp.com\/blogdalucianaoliveira.com.br\/blog\/wp-content\/uploads\/2018\/04\/cere.jpg?w=639 639w, https:\/\/i0.wp.com\/blogdalucianaoliveira.com.br\/blog\/wp-content\/uploads\/2018\/04\/cere.jpg?resize=300%2C197 300w, https:\/\/i0.wp.com\/blogdalucianaoliveira.com.br\/blog\/wp-content\/uploads\/2018\/04\/cere.jpg?resize=456%2C300 456w\" sizes=\"auto, (max-width: 600px) 100vw, 600px\" \/><\/p>\n<p>SISTEMA CEREC<\/p>\n<p>Os Doutores Sem Fronteiras v\u00e3o trazer pra Rond\u00f4nia o sistema CAD\/CAM odontol\u00f3gico mais utilizado no mundo, o CEREC. Ali\u00e1s, que poucos consult\u00f3rios possuem.<\/p>\n<p>Ele permite restaura\u00e7\u00f5es individuais de cer\u00e2mica em apenas uma consulta.<br \/>\nRapidez e seguran\u00e7a aos resultados desejados pela equipe e pacientes.<\/p>\n<p>O CEREC tem mais de 30 anos de desenvolvimento cont\u00ednuo e mais de 28 milh\u00f5es de restaura\u00e7\u00f5es cimentadas em boca j\u00e1 foram realizadas.<br \/>\n\u00c9 um sistema que conta com mais de 250 estudos cient\u00edficos com durabilidade comprovada de 95%.<\/p>\n","protected":false},"excerpt":{"rendered":"<p>A ONG Doutores sem Fronteiras confirmou a retorno do projeto para Rond\u00f4nia em 2018. Os atendimentos ser\u00e3o realizados entre os dias 26 de junho a 31 de julho, em tr\u00eas etapas: Rio Guapor\u00e9 &#8211; Barco Hospital Walter B\u00e1rtolo &#8211; entre os dias 26 de junho a 8 de julho, terras ind\u00edgenas Paiter Surui e Uru-eu-wau-wau,&#8230;<a class=\"more-link\" href=\"http:\/\/blogdalucianaoliveira.com.br\/blog\/2018\/04\/12\/doutores-sem-fronteiras-confirmam-atendimentos-de-saude-a-ribeirinhos-e-indigenas-de-ro\/\">Continue a leitura <span class=\"meta-nav\">&raquo;<\/span><\/a><\/p>\n","protected":false},"author":1,"featured_media":0,"comment_status":"closed","ping_status":"open","sticky":false,"template":"","format":"standard","meta":{"_exactmetrics_skip_tracking":false,"_exactmetrics_sitenote_active":false,"_exactmetrics_sitenote_note":"","_exactmetrics_sitenote_category":0,"jetpack_post_was_ever_published":false,"_jetpack_newsletter_access":"","_jetpack_dont_email_post_to_subs":false,"_jetpack_newsletter_tier_id":0,"_jetpack_memberships_contains_paywalled_content":false,"_jetpack_memberships_contains_paid_content":false,"footnotes":"","jetpack_publicize_message":"","jetpack_publicize_feature_enabled":true,"jetpack_social_post_already_shared":true,"jetpack_social_options":{"image_generator_settings":{"template":"highway","enabled":false},"version":2}},"categories":[1],"tags":[],"class_list":["post-17527","post","type-post","status-publish","format-standard","hentry","category-notas"],"jetpack_publicize_connections":[],"jetpack_sharing_enabled":true,"jetpack_featured_media_url":"","jetpack_shortlink":"https:\/\/wp.me\/p7wKYW-4yH","jetpack-related-posts":[],"_links":{"self":[{"href":"http:\/\/blogdalucianaoliveira.com.br\/blog\/wp-json\/wp\/v2\/posts\/17527","targetHints":{"allow":["GET"]}}],"collection":[{"href":"http:\/\/blogdalucianaoliveira.com.br\/blog\/wp-json\/wp\/v2\/posts"}],"about":[{"href":"http:\/\/blogdalucianaoliveira.com.br\/blog\/wp-json\/wp\/v2\/types\/post"}],"author":[{"embeddable":true,"href":"http:\/\/blogdalucianaoliveira.com.br\/blog\/wp-json\/wp\/v2\/users\/1"}],"replies":[{"embeddable":true,"href":"http:\/\/blogdalucianaoliveira.com.br\/blog\/wp-json\/wp\/v2\/comments?post=17527"}],"version-history":[{"count":7,"href":"http:\/\/blogdalucianaoliveira.com.br\/blog\/wp-json\/wp\/v2\/posts\/17527\/revisions"}],"predecessor-version":[{"id":17539,"href":"http:\/\/blogdalucianaoliveira.com.br\/blog\/wp-json\/wp\/v2\/posts\/17527\/revisions\/17539"}],"wp:attachment":[{"href":"http:\/\/blogdalucianaoliveira.com.br\/blog\/wp-json\/wp\/v2\/media?parent=17527"}],"wp:term":[{"taxonomy":"category","embeddable":true,"href":"http:\/\/blogdalucianaoliveira.com.br\/blog\/wp-json\/wp\/v2\/categories?post=17527"},{"taxonomy":"post_tag","embeddable":true,"href":"http:\/\/blogdalucianaoliveira.com.br\/blog\/wp-json\/wp\/v2\/tags?post=17527"}],"curies":[{"name":"wp","href":"https:\/\/api.w.org\/{rel}","templated":true}]}}