{"id":17564,"date":"2018-04-14T11:37:22","date_gmt":"2018-04-14T15:37:22","guid":{"rendered":"http:\/\/blogdalucianaoliveira.com.br\/blog\/?p=17564"},"modified":"2018-04-14T11:37:23","modified_gmt":"2018-04-14T15:37:23","slug":"trump-mata-simbolicamente-a-humanidade-inteira","status":"publish","type":"post","link":"http:\/\/blogdalucianaoliveira.com.br\/blog\/2018\/04\/14\/trump-mata-simbolicamente-a-humanidade-inteira\/","title":{"rendered":"Trump mata simbolicamente a humanidade inteira"},"content":{"rendered":"<p><img data-recalc-dims=\"1\" loading=\"lazy\" decoding=\"async\" data-attachment-id=\"17565\" data-permalink=\"http:\/\/blogdalucianaoliveira.com.br\/blog\/2018\/04\/14\/trump-mata-simbolicamente-a-humanidade-inteira\/mata-2\/\" data-orig-file=\"https:\/\/i0.wp.com\/blogdalucianaoliveira.com.br\/blog\/wp-content\/uploads\/2018\/04\/mata.jpg?fit=490%2C280\" data-orig-size=\"490,280\" data-comments-opened=\"0\" data-image-meta=\"{&quot;aperture&quot;:&quot;0&quot;,&quot;credit&quot;:&quot;&quot;,&quot;camera&quot;:&quot;&quot;,&quot;caption&quot;:&quot;&quot;,&quot;created_timestamp&quot;:&quot;0&quot;,&quot;copyright&quot;:&quot;&quot;,&quot;focal_length&quot;:&quot;0&quot;,&quot;iso&quot;:&quot;0&quot;,&quot;shutter_speed&quot;:&quot;0&quot;,&quot;title&quot;:&quot;&quot;,&quot;orientation&quot;:&quot;0&quot;}\" data-image-title=\"mata\" data-image-description=\"\" data-image-caption=\"\" data-medium-file=\"https:\/\/i0.wp.com\/blogdalucianaoliveira.com.br\/blog\/wp-content\/uploads\/2018\/04\/mata.jpg?fit=300%2C171\" data-large-file=\"https:\/\/i0.wp.com\/blogdalucianaoliveira.com.br\/blog\/wp-content\/uploads\/2018\/04\/mata.jpg?fit=490%2C280\" src=\"https:\/\/i0.wp.com\/blogdalucianaoliveira.com.br\/blog\/wp-content\/uploads\/2018\/04\/mata.jpg?resize=490%2C280\" alt=\"mata\" width=\"490\" height=\"280\" class=\"alignnone size-full wp-image-17565\" srcset=\"https:\/\/i0.wp.com\/blogdalucianaoliveira.com.br\/blog\/wp-content\/uploads\/2018\/04\/mata.jpg?w=490 490w, https:\/\/i0.wp.com\/blogdalucianaoliveira.com.br\/blog\/wp-content\/uploads\/2018\/04\/mata.jpg?resize=300%2C171 300w\" sizes=\"auto, (max-width: 490px) 100vw, 490px\" \/><\/p>\n<p>L\u00daCIA HELENA ISSA &#8211; Jornalista, escritora e ativista pela paz. Foi colaboradora da Folha de S.Paulo em Roma. Autora do livro &#8220;Quando amanhece na Sic\u00edlia&#8221;<\/p>\n<p>Em toda a minha vida, nunca desejei tanto estar errada a respeito de uma an\u00e1lise internacional e de um artigo como desejaria estar hoje. Mas para a minha dor e imensa perplexidade eu estava certa quando escrevi que os EUA atacariam covardemente civis s\u00edrios porque estavam perdendo a guerra, com terroristas do ISIS, armados por eles sendo mortos, e que agora usariam a mentira de um arsenal qu\u00edmico s\u00edrio (lembram- se das armas de destrui\u00e7\u00e3o de massa que diziam que o Iraque possu\u00eda e que a ONU descobriu nunca terem existido??). <!--more--><\/p>\n<p>A Alemanha n\u00e3o se juntou ao ataque porque n\u00e3o acredita em Trump. Outros pa\u00edses n\u00e3o apoiaram os EUA ontem porque rejeitam seu \u00e1libi. <\/p>\n<p>Por que Assad, que estava, como eu testemunhei, e o mundo todo sabe, obtendo vit\u00f3rias imensas no front , com os terroristas armados por eles fugindo para as fronteiras ou sendo mortos, atacaria seu pr\u00f3prio povo? Por que, depois de mais de 450 mil mortos, de 10 milh\u00f5es de refugiados e de ver seu pa\u00eds destru\u00eddo pelos EUA e aliados, cometeria um erro estrat\u00e9gico t\u00e3o b\u00e1sico? <\/p>\n<p>Reflita, pense, n\u00e3o aceite a manipula\u00e7\u00e3o midi\u00e1tica desumana, n\u00e3o aceite ser manipulado e anestesiado por empresas brasileiras subservientes aos interesses econ\u00f4micos norte-americanos e por pessoas que est\u00e3o hoje, inacreditavelmente, alimentando falsos \u00e1libis, mais guerra e mais dor, alimentando uma guerra promovida falsamente por &#8220;democracia&#8221; e verdadeiramente por petr\u00f3leo e g\u00e1s, para dominar um territ\u00f3rio que tem hoje uma das maiores reservas de g\u00e1s natural do mundo. Leia, reflita, d\u00ea voz aos s\u00edrios. <\/p>\n<p>A dor das mulheres e crian\u00e7as s\u00edrias que eu conheci \u00e9 a minha dor. Quem mata os s\u00edrios nesse momento mata a humanidade inteira.<\/p>\n","protected":false},"excerpt":{"rendered":"<p>L\u00daCIA HELENA ISSA &#8211; Jornalista, escritora e ativista pela paz. Foi colaboradora da Folha de S.Paulo em Roma. Autora do livro &#8220;Quando amanhece na Sic\u00edlia&#8221; Em toda a minha vida, nunca desejei tanto estar errada a respeito de uma an\u00e1lise internacional e de um artigo como desejaria estar hoje. Mas para a minha dor e&#8230;<a class=\"more-link\" href=\"http:\/\/blogdalucianaoliveira.com.br\/blog\/2018\/04\/14\/trump-mata-simbolicamente-a-humanidade-inteira\/\">Continue a leitura <span class=\"meta-nav\">&raquo;<\/span><\/a><\/p>\n","protected":false},"author":1,"featured_media":0,"comment_status":"closed","ping_status":"open","sticky":false,"template":"","format":"standard","meta":{"_exactmetrics_skip_tracking":false,"_exactmetrics_sitenote_active":false,"_exactmetrics_sitenote_note":"","_exactmetrics_sitenote_category":0,"jetpack_post_was_ever_published":false,"_jetpack_newsletter_access":"","_jetpack_dont_email_post_to_subs":false,"_jetpack_newsletter_tier_id":0,"_jetpack_memberships_contains_paywalled_content":false,"_jetpack_memberships_contains_paid_content":false,"footnotes":"","jetpack_publicize_message":"","jetpack_publicize_feature_enabled":true,"jetpack_social_post_already_shared":true,"jetpack_social_options":{"image_generator_settings":{"template":"highway","enabled":false},"version":2}},"categories":[1],"tags":[],"class_list":["post-17564","post","type-post","status-publish","format-standard","hentry","category-notas"],"jetpack_publicize_connections":[],"jetpack_sharing_enabled":true,"jetpack_featured_media_url":"","jetpack_shortlink":"https:\/\/wp.me\/p7wKYW-4zi","jetpack-related-posts":[],"_links":{"self":[{"href":"http:\/\/blogdalucianaoliveira.com.br\/blog\/wp-json\/wp\/v2\/posts\/17564","targetHints":{"allow":["GET"]}}],"collection":[{"href":"http:\/\/blogdalucianaoliveira.com.br\/blog\/wp-json\/wp\/v2\/posts"}],"about":[{"href":"http:\/\/blogdalucianaoliveira.com.br\/blog\/wp-json\/wp\/v2\/types\/post"}],"author":[{"embeddable":true,"href":"http:\/\/blogdalucianaoliveira.com.br\/blog\/wp-json\/wp\/v2\/users\/1"}],"replies":[{"embeddable":true,"href":"http:\/\/blogdalucianaoliveira.com.br\/blog\/wp-json\/wp\/v2\/comments?post=17564"}],"version-history":[{"count":1,"href":"http:\/\/blogdalucianaoliveira.com.br\/blog\/wp-json\/wp\/v2\/posts\/17564\/revisions"}],"predecessor-version":[{"id":17566,"href":"http:\/\/blogdalucianaoliveira.com.br\/blog\/wp-json\/wp\/v2\/posts\/17564\/revisions\/17566"}],"wp:attachment":[{"href":"http:\/\/blogdalucianaoliveira.com.br\/blog\/wp-json\/wp\/v2\/media?parent=17564"}],"wp:term":[{"taxonomy":"category","embeddable":true,"href":"http:\/\/blogdalucianaoliveira.com.br\/blog\/wp-json\/wp\/v2\/categories?post=17564"},{"taxonomy":"post_tag","embeddable":true,"href":"http:\/\/blogdalucianaoliveira.com.br\/blog\/wp-json\/wp\/v2\/tags?post=17564"}],"curies":[{"name":"wp","href":"https:\/\/api.w.org\/{rel}","templated":true}]}}