{"id":17567,"date":"2018-04-14T11:41:44","date_gmt":"2018-04-14T15:41:44","guid":{"rendered":"http:\/\/blogdalucianaoliveira.com.br\/blog\/?p=17567"},"modified":"2018-04-14T11:42:14","modified_gmt":"2018-04-14T15:42:14","slug":"17567","status":"publish","type":"post","link":"http:\/\/blogdalucianaoliveira.com.br\/blog\/2018\/04\/14\/17567\/","title":{"rendered":"Deputados de oposi\u00e7\u00e3o apontam persegui\u00e7\u00e3o \u00e0 esquerda no Congresso"},"content":{"rendered":"<p><img data-recalc-dims=\"1\" loading=\"lazy\" decoding=\"async\" data-attachment-id=\"17568\" data-permalink=\"http:\/\/blogdalucianaoliveira.com.br\/blog\/2018\/04\/14\/17567\/tre-2\/\" data-orig-file=\"https:\/\/i0.wp.com\/blogdalucianaoliveira.com.br\/blog\/wp-content\/uploads\/2018\/04\/tre.jpg?fit=640%2C427\" data-orig-size=\"640,427\" data-comments-opened=\"0\" data-image-meta=\"{&quot;aperture&quot;:&quot;0&quot;,&quot;credit&quot;:&quot;&quot;,&quot;camera&quot;:&quot;&quot;,&quot;caption&quot;:&quot;&quot;,&quot;created_timestamp&quot;:&quot;0&quot;,&quot;copyright&quot;:&quot;&quot;,&quot;focal_length&quot;:&quot;0&quot;,&quot;iso&quot;:&quot;0&quot;,&quot;shutter_speed&quot;:&quot;0&quot;,&quot;title&quot;:&quot;&quot;,&quot;orientation&quot;:&quot;0&quot;}\" data-image-title=\"tre\" data-image-description=\"\" data-image-caption=\"\" data-medium-file=\"https:\/\/i0.wp.com\/blogdalucianaoliveira.com.br\/blog\/wp-content\/uploads\/2018\/04\/tre.jpg?fit=300%2C200\" data-large-file=\"https:\/\/i0.wp.com\/blogdalucianaoliveira.com.br\/blog\/wp-content\/uploads\/2018\/04\/tre.jpg?fit=600%2C400\" src=\"https:\/\/i0.wp.com\/blogdalucianaoliveira.com.br\/blog\/wp-content\/uploads\/2018\/04\/tre.jpg?resize=600%2C400\" alt=\"tre\" width=\"600\" height=\"400\" class=\"alignnone size-full wp-image-17568\" srcset=\"https:\/\/i0.wp.com\/blogdalucianaoliveira.com.br\/blog\/wp-content\/uploads\/2018\/04\/tre.jpg?w=640 640w, https:\/\/i0.wp.com\/blogdalucianaoliveira.com.br\/blog\/wp-content\/uploads\/2018\/04\/tre.jpg?resize=300%2C200 300w, https:\/\/i0.wp.com\/blogdalucianaoliveira.com.br\/blog\/wp-content\/uploads\/2018\/04\/tre.jpg?resize=450%2C300 450w\" sizes=\"auto, (max-width: 600px) 100vw, 600px\" \/><\/p>\n<p>Atualmente, tr\u00eas parlamentares s\u00e3o v\u00edtimas de processo no Conselho de \u00c9tica da C\u00e2mara<!--more--><\/p>\n<p>Cristiane Sampaio<br \/>\nBrasil de Fato | Bras\u00edlia (DF)<\/p>\n<p>Deputados progressistas de esquerda que atuam na C\u00e2mara Federal apontam que o parlamento vive um momento de criminaliza\u00e7\u00e3o das for\u00e7as de oposi\u00e7\u00e3o. Um processo movido, no \u00faltimo dia 27, pela bancada do Partido da Rep\u00fablica (PR) junto ao Conselho de \u00c9tica refor\u00e7a a tese de persegui\u00e7\u00e3o aos parlamentares de esquerda.<\/p>\n<p>Em tr\u00eas representa\u00e7\u00f5es protocoladas no colegiado, a sigla conservadora acusa os deputados Ivan Valente (PSOL\/SP), Erika Kokay (PT-DF) e Jean Wyllys (PSOL-RJ) de suposta quebra de decoro parlamentar. Os dois primeiros s\u00e3o acusados de inj\u00faria e difama\u00e7\u00e3o por terem criticado o presidente golpista Michel Temer (MDB) em discursos feitos no plen\u00e1rio da Casa.<\/p>\n<p>Para Valente, a iniciativa do PR se insere no contexto de tentativa de sufocamento das vozes dissonantes no \u00e2mbito do Congresso. Ele considera que a representa\u00e7\u00e3o no Conselho seria uma medida para intimidar a oposi\u00e7\u00e3o.  <\/p>\n<p>\u201cVisa, na verdade, criar um constrangimento. N\u00e3o tem nenhum sentido. \u00c9 muito mais uma provoca\u00e7\u00e3o do que um ato s\u00e9rio, mas certamente ele visa a uma intimida\u00e7\u00e3o\u201d, disse Valente.  <\/p>\n<p>Erika Kokay ressalta que as \u201cofensivas\u201d contra a esquerda se intensificaram nos \u00faltimos dois anos, ap\u00f3s o golpe de 2016. Ela aponta que o avan\u00e7o dos discursos fascistas e da cultura do \u00f3dio encontra forte resson\u00e2ncia dentro do parlamento, em especial entre grupos como a chamada bancada da bala.  <\/p>\n<p>\u201c\u00c9 uma l\u00f3gica fascista de eliminar o outro porque [ele] diverge na forma de ver o mundo e diverge politicamente. Ela cresce de forma muito n\u00edtida e muito desenvolta no atual est\u00e1gio do pa\u00eds porque n\u00f3s estamos em ruptura democr\u00e1tica\u201d, analisa.   <\/p>\n<p>Na mesma linha de racioc\u00ednio, o deputado Jean Wyllys destaca o \u00f3dio contra a popula\u00e7\u00e3o LGBT como um dos motivos para a representa\u00e7\u00e3o protocolada pelo PR. Esta \u00e9 a segunda vez que o parlamentar \u00e9 alvo de um processo no Conselho.<\/p>\n<p>Na primeira vez, ele foi acusado de quebra de decoro parlamentar contra Eduardo Bolsonaro (PSC-RJ), mas o parecer, que pedia a suspens\u00e3o do mandato do psolista, foi rejeitado pela maioria do colegiado.<\/p>\n<p>Desta vez, Wyllys \u00e9 acusado de suposta apologia ao uso de drogas e pervers\u00e3o sexual por ter declarado, durante uma entrevista, que, se o mundo acabasse, aproveitaria para consumir todas as drogas il\u00edcitas e fazer sexo com quem desejasse. Ele analisa representa\u00e7\u00e3o como uma iniciativa homof\u00f3bica.<\/p>\n<p>\u201cTem a ver claro, com meus posicionamentos \u00e0 esquerda, mas existem outros deputados \u00e0 esquerda. Mas nenhuma deputada e nenhum deputado \u00e9 gay assumido, pertence a essa comunidade e fala com orgulho acerca dessa quest\u00e3o, dessa identidade. Em qualquer lugar do mundo, numa democracia s\u00e9ria, forte, esse processo sequer chegaria ao Conselho de \u00c9tica\u201d, destaca.<\/p>\n<p>O Brasil de Fato procurou ouvir o Partido da Rep\u00fablica, mas a legenda informou que prefere n\u00e3o responder \u00e0s cr\u00edticas. Os tr\u00eas processos ainda ser\u00e3o analisados pelo colegiado.<\/p>\n<p>O Conselho n\u00e3o costuma punir os parlamentares por declara\u00e7\u00f5es relacionadas a discursos e manifesta\u00e7\u00f5es de opini\u00e3o porque a Constitui\u00e7\u00e3o Federal garante a chamada \u201cimunidade parlamentar\u201d.<\/p>\n<p>Edi\u00e7\u00e3o: Juca Guimar\u00e3es<\/p>\n","protected":false},"excerpt":{"rendered":"<p>Atualmente, tr\u00eas parlamentares s\u00e3o v\u00edtimas de processo no Conselho de \u00c9tica da C\u00e2mara<\/p>\n","protected":false},"author":1,"featured_media":0,"comment_status":"closed","ping_status":"open","sticky":false,"template":"","format":"standard","meta":{"_exactmetrics_skip_tracking":false,"_exactmetrics_sitenote_active":false,"_exactmetrics_sitenote_note":"","_exactmetrics_sitenote_category":0,"jetpack_post_was_ever_published":false,"_jetpack_newsletter_access":"","_jetpack_dont_email_post_to_subs":false,"_jetpack_newsletter_tier_id":0,"_jetpack_memberships_contains_paywalled_content":false,"_jetpack_memberships_contains_paid_content":false,"footnotes":"","jetpack_publicize_message":"","jetpack_publicize_feature_enabled":true,"jetpack_social_post_already_shared":true,"jetpack_social_options":{"image_generator_settings":{"template":"highway","enabled":false},"version":2}},"categories":[1],"tags":[],"class_list":["post-17567","post","type-post","status-publish","format-standard","hentry","category-notas"],"jetpack_publicize_connections":[],"jetpack_sharing_enabled":true,"jetpack_featured_media_url":"","jetpack_shortlink":"https:\/\/wp.me\/s7wKYW-17567","jetpack-related-posts":[],"_links":{"self":[{"href":"http:\/\/blogdalucianaoliveira.com.br\/blog\/wp-json\/wp\/v2\/posts\/17567","targetHints":{"allow":["GET"]}}],"collection":[{"href":"http:\/\/blogdalucianaoliveira.com.br\/blog\/wp-json\/wp\/v2\/posts"}],"about":[{"href":"http:\/\/blogdalucianaoliveira.com.br\/blog\/wp-json\/wp\/v2\/types\/post"}],"author":[{"embeddable":true,"href":"http:\/\/blogdalucianaoliveira.com.br\/blog\/wp-json\/wp\/v2\/users\/1"}],"replies":[{"embeddable":true,"href":"http:\/\/blogdalucianaoliveira.com.br\/blog\/wp-json\/wp\/v2\/comments?post=17567"}],"version-history":[{"count":2,"href":"http:\/\/blogdalucianaoliveira.com.br\/blog\/wp-json\/wp\/v2\/posts\/17567\/revisions"}],"predecessor-version":[{"id":17570,"href":"http:\/\/blogdalucianaoliveira.com.br\/blog\/wp-json\/wp\/v2\/posts\/17567\/revisions\/17570"}],"wp:attachment":[{"href":"http:\/\/blogdalucianaoliveira.com.br\/blog\/wp-json\/wp\/v2\/media?parent=17567"}],"wp:term":[{"taxonomy":"category","embeddable":true,"href":"http:\/\/blogdalucianaoliveira.com.br\/blog\/wp-json\/wp\/v2\/categories?post=17567"},{"taxonomy":"post_tag","embeddable":true,"href":"http:\/\/blogdalucianaoliveira.com.br\/blog\/wp-json\/wp\/v2\/tags?post=17567"}],"curies":[{"name":"wp","href":"https:\/\/api.w.org\/{rel}","templated":true}]}}