{"id":17571,"date":"2018-04-15T12:26:38","date_gmt":"2018-04-15T16:26:38","guid":{"rendered":"http:\/\/blogdalucianaoliveira.com.br\/blog\/?p=17571"},"modified":"2018-04-15T12:26:38","modified_gmt":"2018-04-15T16:26:38","slug":"como-as-brigas-dos-pais-podem-afetar-as-criancas","status":"publish","type":"post","link":"http:\/\/blogdalucianaoliveira.com.br\/blog\/2018\/04\/15\/como-as-brigas-dos-pais-podem-afetar-as-criancas\/","title":{"rendered":"Como as brigas dos pais podem afetar as crian\u00e7as"},"content":{"rendered":"<p><img data-recalc-dims=\"1\" loading=\"lazy\" decoding=\"async\" data-attachment-id=\"17572\" data-permalink=\"http:\/\/blogdalucianaoliveira.com.br\/blog\/2018\/04\/15\/como-as-brigas-dos-pais-podem-afetar-as-criancas\/tis\/\" data-orig-file=\"https:\/\/i0.wp.com\/blogdalucianaoliveira.com.br\/blog\/wp-content\/uploads\/2018\/04\/tis.jpg?fit=660%2C439\" data-orig-size=\"660,439\" data-comments-opened=\"0\" data-image-meta=\"{&quot;aperture&quot;:&quot;0&quot;,&quot;credit&quot;:&quot;&quot;,&quot;camera&quot;:&quot;&quot;,&quot;caption&quot;:&quot;&quot;,&quot;created_timestamp&quot;:&quot;0&quot;,&quot;copyright&quot;:&quot;&quot;,&quot;focal_length&quot;:&quot;0&quot;,&quot;iso&quot;:&quot;0&quot;,&quot;shutter_speed&quot;:&quot;0&quot;,&quot;title&quot;:&quot;&quot;,&quot;orientation&quot;:&quot;0&quot;}\" data-image-title=\"tis\" data-image-description=\"\" data-image-caption=\"\" data-medium-file=\"https:\/\/i0.wp.com\/blogdalucianaoliveira.com.br\/blog\/wp-content\/uploads\/2018\/04\/tis.jpg?fit=300%2C200\" data-large-file=\"https:\/\/i0.wp.com\/blogdalucianaoliveira.com.br\/blog\/wp-content\/uploads\/2018\/04\/tis.jpg?fit=600%2C399\" class=\"alignnone size-full wp-image-17572\" src=\"https:\/\/i0.wp.com\/blogdalucianaoliveira.com.br\/blog\/wp-content\/uploads\/2018\/04\/tis.jpg?resize=600%2C399\" alt=\"tis\" width=\"600\" height=\"399\" srcset=\"https:\/\/i0.wp.com\/blogdalucianaoliveira.com.br\/blog\/wp-content\/uploads\/2018\/04\/tis.jpg?w=660 660w, https:\/\/i0.wp.com\/blogdalucianaoliveira.com.br\/blog\/wp-content\/uploads\/2018\/04\/tis.jpg?resize=300%2C200 300w, https:\/\/i0.wp.com\/blogdalucianaoliveira.com.br\/blog\/wp-content\/uploads\/2018\/04\/tis.jpg?resize=451%2C300 451w\" sizes=\"auto, (max-width: 600px) 100vw, 600px\" \/><\/p>\n<p>O ambiente dom\u00e9stico tem um grande impacto sobre a sa\u00fade mental e o desenvolvimento de longo prazo das crian\u00e7as &#8211; e n\u00e3o apenas por causa da rela\u00e7\u00e3o entre pais e filhos.<!--more--><\/p>\n<p>Na BBC Brasil &#8211; A din\u00e2mica de relacionamento entre os pr\u00f3prios pais tamb\u00e9m desempenha um papel crucial no bem-estar das crian\u00e7as, em sua performance acad\u00eamica e at\u00e9 em seus relacionamentos futuros.<\/p>\n<p>Antes de mais nada, \u00e9 preciso destacar que, na maioria das vezes, pequenas discuss\u00f5es cotidianas s\u00e3o parte da vida e t\u00eam um impacto nulo ou muito pequeno nos pequenos. O que realmente afeta as crian\u00e7as s\u00e3o comportamentos como gritos e demonstra\u00e7\u00f5es m\u00fatuas de raiva diante dos filhos, ou quando um c\u00f4njuge ignora o outro constantemente.<\/p>\n<p>Uma recente revis\u00e3o de pesquisas internacionais, conduzidas ao longo de d\u00e9cadas e analisando comportamentos dom\u00e9sticos e o desempenho de crian\u00e7as ao longo da vida, sugere que, a partir dos seis meses de vida, crian\u00e7as expostas a conflitos tendem a ter batimentos card\u00edacos mais acelerados e n\u00edveis mais altos de estresse &#8211; o que, por sua vez, prejudica a forma\u00e7\u00e3o de conex\u00f5es neurais nos c\u00e9rebros infantis.<\/p>\n<p>Conflitos interparentais severos ou cr\u00f4nicos podem, portanto, provocar consequ\u00eancias como interrup\u00e7\u00f5es no desenvolvimento cerebral, dist\u00farbios do sono, ansiedade, depress\u00e3o, indisciplina e outros problemas graves em beb\u00eas, crian\u00e7as e adolescentes.<\/p>\n<figure class=\"media-landscape has-caption full-width\"><span class=\"image-and-copyright-container\"><img data-recalc-dims=\"1\" loading=\"lazy\" decoding=\"async\" class=\"responsive-image__img js-image-replace\" src=\"https:\/\/i0.wp.com\/ichef.bbci.co.uk\/news\/624\/cpsprodpb\/48F7\/production\/_100597681_hi044841464.jpg?resize=600%2C400&#038;ssl=1\" alt=\"Crian\u00e7as em sala de aula\" width=\"600\" height=\"400\" data-highest-encountered-width=\"624\" \/><span class=\"off-screen\">Direito de imagem<\/span><span class=\"story-image-copyright\">PA<\/span><\/span><figcaption class=\"media-caption\"><span class=\"off-screen\">Image caption<\/span><span class=\"media-caption__text\">Desempenho acad\u00eamico e disciplinar dos filhos pode ser afetado por brigas constantes entre os pais<\/span><\/figcaption><\/figure>\n<p>Efeitos similares s\u00e3o observados em crian\u00e7as expostas a brigas menos intensas, por\u00e9m cont\u00ednuas, em compara\u00e7\u00e3o com crian\u00e7as cujos pais resolvem seus conflitos e negociam entre si de modo construtivo.<\/p>\n<h2 class=\"story-body__crosshead\">Do div\u00f3rcio a trocas afetivas<\/h2>\n<p>O que realmente afeta as crian\u00e7as pode causar surpresa.<\/p>\n<p>Muitos adultos acreditam que o div\u00f3rcio &#8211; ou a decis\u00e3o dos pais de deixarem de morar juntos &#8211; tenha efeito duradouro e danoso nos filhos. No entanto, um estudo publicado em 2012 pela Universidade de Cardiff, no Pa\u00eds de Gales, constatou que s\u00e3o provavelmente as discuss\u00f5es ocorridas antes, durante e depois do div\u00f3rcio que causam danos \u00e0s crian\u00e7as, e n\u00e3o a separa\u00e7\u00e3o em si.<\/p>\n<p>Ao mesmo tempo, muitas vezes se atribui \u00e0 gen\u00e9tica a forma como as crian\u00e7as respondem a conflitos. Mas o ambiente dom\u00e9stico e a qualidade das trocas afetivas dentro de casa t\u00eam um papel central nessa equa\u00e7\u00e3o.<\/p>\n<figure class=\"media-landscape has-caption full-width\"><span class=\"image-and-copyright-container\"><img data-recalc-dims=\"1\" loading=\"lazy\" decoding=\"async\" class=\"responsive-image__img js-image-replace\" src=\"https:\/\/i0.wp.com\/ichef-1.bbci.co.uk\/news\/624\/cpsprodpb\/273A\/production\/_100624001_gettyimages-598098038.jpg?resize=600%2C400&#038;ssl=1\" alt=\"Crian\u00e7a brincando\" width=\"600\" height=\"400\" data-highest-encountered-width=\"624\" \/><span class=\"off-screen\">Direito de imagem<\/span><span class=\"story-image-copyright\">GETTY IMAGES<\/span><\/span><figcaption class=\"media-caption\"><span class=\"off-screen\">Image caption<\/span><span class=\"media-caption__text\">Quando os pais resolvem seus conflitos de modo saud\u00e1vel, d\u00e3o uma importante li\u00e7\u00e3o aos filhos<\/span><\/figcaption><\/figure>\n<p>Al\u00e9m disso, \u00e9 poss\u00edvel que riscos gen\u00e9ticos para problemas mentais sejam potencializados &#8211; para bem ou para mal &#8211; pelo cotidiano familiar.<\/p>\n<p>A qualidade do relacionamento entre os pais \u00e9 um elemento central, independentemente se os pais moram juntos ou n\u00e3o, se os filhos s\u00e3o biol\u00f3gicos ou adotivos.<\/p>\n<h2 class=\"story-body__crosshead\">Brigas sobre crian\u00e7as<\/h2>\n<p>Que li\u00e7\u00f5es os pais podem tirar disso tudo?<\/p>\n<p>Primeiro, \u00e9 preciso reiterar que \u00e9 perfeitamente normal que pais e cuidadores discutam ou discordem entre si. O problema \u00e9 quando eles mant\u00eam conflitos constantes, intensos e mal resolvidos.<\/p>\n<p>E isso se agrava quando as brigas ocorrem por causa das crian\u00e7as. Nesses, casos, elas costumam se sentir culpadas e achar que elas s\u00e3o respons\u00e1veis pela discuss\u00e3o interparental.<\/p>\n<p>Como resultado, elas desenvolvem dificuldades para dormir, t\u00eam o desenvolvimento cerebral impactado, maior risco de sofrer de ansiedade e depress\u00e3o, de desenvolver mau comportamento, de ir mal nos estudos e de se deparar com riscos bastante s\u00e9rios &#8211; como o de se automutilar.<\/p>\n<figure class=\"media-landscape has-caption full-width\"><span class=\"image-and-copyright-container\"><img data-recalc-dims=\"1\" loading=\"lazy\" decoding=\"async\" class=\"responsive-image__img js-image-replace\" src=\"https:\/\/i0.wp.com\/ichef-1.bbci.co.uk\/news\/624\/cpsprodpb\/EC04\/production\/_100602406_gettyimages-876279762.jpg?resize=600%2C400&#038;ssl=1\" alt=\"Crian\u00e7a sozinha no parquinho\" width=\"600\" height=\"400\" data-highest-encountered-width=\"624\" \/><span class=\"off-screen\">Direito de imagem<\/span><span class=\"story-image-copyright\">GETTY IMAGES<\/span><\/span><figcaption class=\"media-caption\"><span class=\"off-screen\">Image caption<\/span><span class=\"media-caption__text\">Crian\u00e7as criadas em ambientes emocionalmente fr\u00e1geis tendem a perpetuar esse comportamento, o que faz com que ele passe de gera\u00e7\u00e3o em gera\u00e7\u00e3o<\/span><\/figcaption><\/figure>\n<p>J\u00e1 se sabe h\u00e1 d\u00e9cadas que a viol\u00eancia no ambiente dom\u00e9stico \u00e9 bastante danosa para as crian\u00e7as envolvidas. O que se descobriu mais recentemente \u00e9 que, mesmo na aus\u00eancia de comportamento violento, quando os pais passam a se ignorar ou a deixar de demonstrar respeito m\u00fatuo, tamb\u00e9m colocam em risco o desenvolvimento emocional, comportamental e social dos filhos.<\/p>\n<p>E os problemas n\u00e3o param por a\u00ed: as crian\u00e7as criadas em ambientes emocionalmente fr\u00e1geis tendem a perpetuar esse comportamento, o que faz com que ele passe de gera\u00e7\u00e3o em gera\u00e7\u00e3o.<\/p>\n<p>\u00c9 um ciclo que precisa ser quebrado se queremos que a atual gera\u00e7\u00e3o de crian\u00e7as (e a futura gera\u00e7\u00e3o de adultos) tenha vidas felizes e relacionamentos positivos.<\/p>\n<h2 class=\"story-body__crosshead\">Como agir &#8211; e como discutir?<\/h2>\n<p>Pesquisas mostram que, com dois anos de idade e at\u00e9 antes disso, as crian\u00e7as s\u00e3o astutas observadoras do comportamento dos pais.<\/p>\n<p>Eles frequentemente percebem as discuss\u00f5es, mesmo quando os pais acham que est\u00e3o brigando &#8220;escondidos&#8221;.<\/p>\n<p>O que importa \u00e9 o modo como a crian\u00e7a interpreta e entende as causas e potenciais consequ\u00eancias desses conflitos dom\u00e9sticos.<\/p>\n<p>Vai ser com base nessas experi\u00eancias que as crian\u00e7as v\u00e3o avaliar se o conflito pode aumentar, envolv\u00ea-las ou colocar em risco a estabilidade familiar &#8211; algo que deixa os filhos pequenos especialmente preocupados.<\/p>\n<figure class=\"media-landscape has-caption full-width\"><span class=\"image-and-copyright-container\"><img data-recalc-dims=\"1\" loading=\"lazy\" decoding=\"async\" class=\"responsive-image__img js-image-replace\" src=\"https:\/\/i0.wp.com\/ichef.bbci.co.uk\/news\/624\/cpsprodpb\/13A24\/production\/_100602408_gettyimages-916637240.jpg?resize=600%2C400&#038;ssl=1\" alt=\"Menino e menina\" width=\"600\" height=\"400\" data-highest-encountered-width=\"624\" \/><span class=\"off-screen\">Direito de imagem<\/span><span class=\"story-image-copyright\">GETTY IMAGES<\/span><\/span><figcaption class=\"media-caption\"><span class=\"off-screen\">Image caption<\/span><span class=\"media-caption__text\">Meninos e meninas podem reagir de formas distintas aos conflitos interparentais<\/span><\/figcaption><\/figure>\n<p>Elas tamb\u00e9m podem ficar com medo de seu pr\u00f3prio relacionamento com o pai e a m\u00e3e piorarem por ausa das brigas.<\/p>\n<p>Pesquisas indicam que meninos e meninas podem reagir de modo distinto &#8211; sendo que as meninas t\u00eam risco maior de desenvolver problemas emocionais, enquanto os meninos tendem a desenvolver problemas disciplinares.<\/p>\n<p>Com frequ\u00eancia, projetos sociais voltados \u00e0 sa\u00fade mental juvenil focam em amparar as crian\u00e7as. Mas \u00e9 poss\u00edvel que amparar os pais na resolu\u00e7\u00e3o de seus conflitos tenha um grande impacto nessas crian\u00e7as no curto prazo, al\u00e9m de dar a elas mais ferramentas emocionais para formar relacionamentos saud\u00e1veis com outras pessoas no futuro.<\/p>\n<p>Pais que estejam preocupados quanto ao impacto de suas discuss\u00f5es nas crian\u00e7as precisam saber que as crian\u00e7as, na verdade, respondem bem quando os pais explicam e resolvem suas discuss\u00f5es de modo apropriado.<\/p>\n<p>Ao verem os pais solucionarem seus desentendimentos de maneira saud\u00e1vel, os filhos aprendem li\u00e7\u00f5es importantes que os ajudar\u00e3o a entender suas pr\u00f3prias emo\u00e7\u00f5es e a se relacionar para al\u00e9m do c\u00edrculo familiar.<\/p>\n<p>Ajudar os pais a entender como seu comportamento m\u00fatuo afeta o desenvolvimento dos filhos cria as bases para formarmos crian\u00e7as saud\u00e1veis hoje &#8211; e fam\u00edlias mais saud\u00e1veis no futuro.<\/p>\n<p><strong><i>*Gordon Harold \u00e9 professor de Psicologia da Universidade de Sussex (Reino Unido) e coautor do estudo sobre os impactos de conflitos interparentais nas crian\u00e7as, rec\u00e9m-publicado no peri\u00f3dico The Journal of Child Psychology and Psychiatry<\/i><\/strong><\/p>\n<p>&nbsp;<\/p>\n","protected":false},"excerpt":{"rendered":"<p>O ambiente dom\u00e9stico tem um grande impacto sobre a sa\u00fade mental e o desenvolvimento de longo prazo das crian\u00e7as &#8211; e n\u00e3o apenas por causa da rela\u00e7\u00e3o entre pais e filhos.<\/p>\n","protected":false},"author":1,"featured_media":0,"comment_status":"closed","ping_status":"open","sticky":false,"template":"","format":"standard","meta":{"_exactmetrics_skip_tracking":false,"_exactmetrics_sitenote_active":false,"_exactmetrics_sitenote_note":"","_exactmetrics_sitenote_category":0,"jetpack_post_was_ever_published":false,"_jetpack_newsletter_access":"","_jetpack_dont_email_post_to_subs":false,"_jetpack_newsletter_tier_id":0,"_jetpack_memberships_contains_paywalled_content":false,"_jetpack_memberships_contains_paid_content":false,"footnotes":"","jetpack_publicize_message":"","jetpack_publicize_feature_enabled":true,"jetpack_social_post_already_shared":true,"jetpack_social_options":{"image_generator_settings":{"template":"highway","enabled":false},"version":2}},"categories":[1],"tags":[],"class_list":["post-17571","post","type-post","status-publish","format-standard","hentry","category-notas"],"jetpack_publicize_connections":[],"jetpack_sharing_enabled":true,"jetpack_featured_media_url":"","jetpack_shortlink":"https:\/\/wp.me\/p7wKYW-4zp","jetpack-related-posts":[],"_links":{"self":[{"href":"http:\/\/blogdalucianaoliveira.com.br\/blog\/wp-json\/wp\/v2\/posts\/17571","targetHints":{"allow":["GET"]}}],"collection":[{"href":"http:\/\/blogdalucianaoliveira.com.br\/blog\/wp-json\/wp\/v2\/posts"}],"about":[{"href":"http:\/\/blogdalucianaoliveira.com.br\/blog\/wp-json\/wp\/v2\/types\/post"}],"author":[{"embeddable":true,"href":"http:\/\/blogdalucianaoliveira.com.br\/blog\/wp-json\/wp\/v2\/users\/1"}],"replies":[{"embeddable":true,"href":"http:\/\/blogdalucianaoliveira.com.br\/blog\/wp-json\/wp\/v2\/comments?post=17571"}],"version-history":[{"count":1,"href":"http:\/\/blogdalucianaoliveira.com.br\/blog\/wp-json\/wp\/v2\/posts\/17571\/revisions"}],"predecessor-version":[{"id":17573,"href":"http:\/\/blogdalucianaoliveira.com.br\/blog\/wp-json\/wp\/v2\/posts\/17571\/revisions\/17573"}],"wp:attachment":[{"href":"http:\/\/blogdalucianaoliveira.com.br\/blog\/wp-json\/wp\/v2\/media?parent=17571"}],"wp:term":[{"taxonomy":"category","embeddable":true,"href":"http:\/\/blogdalucianaoliveira.com.br\/blog\/wp-json\/wp\/v2\/categories?post=17571"},{"taxonomy":"post_tag","embeddable":true,"href":"http:\/\/blogdalucianaoliveira.com.br\/blog\/wp-json\/wp\/v2\/tags?post=17571"}],"curies":[{"name":"wp","href":"https:\/\/api.w.org\/{rel}","templated":true}]}}