{"id":17597,"date":"2018-04-17T10:20:35","date_gmt":"2018-04-17T14:20:35","guid":{"rendered":"http:\/\/blogdalucianaoliveira.com.br\/blog\/?p=17597"},"modified":"2018-04-17T10:20:35","modified_gmt":"2018-04-17T14:20:35","slug":"morre-dona-ivone-lara-aos-97-anos","status":"publish","type":"post","link":"http:\/\/blogdalucianaoliveira.com.br\/blog\/2018\/04\/17\/morre-dona-ivone-lara-aos-97-anos\/","title":{"rendered":"Morre Dona Ivone Lara aos 97 anos"},"content":{"rendered":"<p><img data-recalc-dims=\"1\" loading=\"lazy\" decoding=\"async\" data-attachment-id=\"17598\" data-permalink=\"http:\/\/blogdalucianaoliveira.com.br\/blog\/2018\/04\/17\/morre-dona-ivone-lara-aos-97-anos\/ivo\/\" data-orig-file=\"https:\/\/i0.wp.com\/blogdalucianaoliveira.com.br\/blog\/wp-content\/uploads\/2018\/04\/ivo.jpg?fit=1960%2C1099\" data-orig-size=\"1960,1099\" data-comments-opened=\"0\" data-image-meta=\"{&quot;aperture&quot;:&quot;0&quot;,&quot;credit&quot;:&quot;&quot;,&quot;camera&quot;:&quot;&quot;,&quot;caption&quot;:&quot;&quot;,&quot;created_timestamp&quot;:&quot;0&quot;,&quot;copyright&quot;:&quot;&quot;,&quot;focal_length&quot;:&quot;0&quot;,&quot;iso&quot;:&quot;0&quot;,&quot;shutter_speed&quot;:&quot;0&quot;,&quot;title&quot;:&quot;&quot;,&quot;orientation&quot;:&quot;0&quot;}\" data-image-title=\"ivo\" data-image-description=\"\" data-image-caption=\"\" data-medium-file=\"https:\/\/i0.wp.com\/blogdalucianaoliveira.com.br\/blog\/wp-content\/uploads\/2018\/04\/ivo.jpg?fit=300%2C168\" data-large-file=\"https:\/\/i0.wp.com\/blogdalucianaoliveira.com.br\/blog\/wp-content\/uploads\/2018\/04\/ivo.jpg?fit=600%2C336\" class=\"alignnone size-full wp-image-17598\" src=\"https:\/\/i0.wp.com\/blogdalucianaoliveira.com.br\/blog\/wp-content\/uploads\/2018\/04\/ivo.jpg?resize=600%2C336\" alt=\"ivo\" width=\"600\" height=\"336\" srcset=\"https:\/\/i0.wp.com\/blogdalucianaoliveira.com.br\/blog\/wp-content\/uploads\/2018\/04\/ivo.jpg?w=1960 1960w, https:\/\/i0.wp.com\/blogdalucianaoliveira.com.br\/blog\/wp-content\/uploads\/2018\/04\/ivo.jpg?resize=300%2C168 300w, https:\/\/i0.wp.com\/blogdalucianaoliveira.com.br\/blog\/wp-content\/uploads\/2018\/04\/ivo.jpg?resize=768%2C431 768w, https:\/\/i0.wp.com\/blogdalucianaoliveira.com.br\/blog\/wp-content\/uploads\/2018\/04\/ivo.jpg?resize=1024%2C574 1024w, https:\/\/i0.wp.com\/blogdalucianaoliveira.com.br\/blog\/wp-content\/uploads\/2018\/04\/ivo.jpg?resize=535%2C300 535w, https:\/\/i0.wp.com\/blogdalucianaoliveira.com.br\/blog\/wp-content\/uploads\/2018\/04\/ivo.jpg?w=1200 1200w, https:\/\/i0.wp.com\/blogdalucianaoliveira.com.br\/blog\/wp-content\/uploads\/2018\/04\/ivo.jpg?w=1800 1800w\" sizes=\"auto, (max-width: 600px) 100vw, 600px\" \/><\/p>\n<div id=\"articulo-titulares\" class=\"articulo-titulares\">\n<div class=\"articulo-subtitulos\">\n<h2 class=\"articulo-subtitulo\">Primeira mulher a fazer samba-enredo numa escola, cantora \u00e9 \u00edcone na hist\u00f3ria da m\u00fasica brasileira<\/h2>\n<\/div>\n<\/div>\n<p><!--more--><\/p>\n<aside id=\"compartir_superior\" class=\"compartir\">\n<div class=\"compartir__interior\">\u00a0No El Pa\u00eds &#8211; Morreu na noite desta segunda-feira, dia 16 de abril,\u00a0<a href=\"https:\/\/pt.wikipedia.org\/wiki\/Dona_Ivone_Lara\" target=\"_blank\">Dona Ivone Lara<\/a>, um dos principais nomes do samba no Brasil, aos 97 anos, em decorr\u00eancia de um quadro de insufici\u00eancia cardiorrespirat\u00f3ria. A cantora estava internada em um hospital na zona sul do\u00a0<a href=\"https:\/\/brasil.elpais.com\/tag\/rio_de_janeiro\/a\">Rio de Janeiro<\/a>\u00a0desde a \u00faltima sexta-feira, data de seu anivers\u00e1rio. De acordo com o site de not\u00edcias G1, ela j\u00e1 vinha apresentando um quadro de anemia e precisou receber doa\u00e7\u00f5es de sangue.<\/p>\n<div id=\"elpais_gpt-INTEXT\" data-google-query-id=\"CPn57qfAwdoCFUQcHwodPqQJWg\"><\/div>\n<p>Dona Ivone nasceu em 13 de abril de 1921, em Botafogo, no Rio. Perdeu os pais cedo, de quem recebeu as primeiras influ\u00eancias musicais. Foi criada pelos tios, per\u00edodo em que aprendeu a tocar cavaquinho e desenvolveu seu amor pelo\u00a0<a href=\"https:\/\/brasil.elpais.com\/tag\/samba\/a\"><strong>samba<\/strong><\/a>. Formou-se em Enfermagem e atuou como assistente social at\u00e9 1977, quando passou a dedicar-se somente \u00e0 m\u00fasica. Casou-se com Oscar Costa, presidente da escola de samba Prazer da Serrinha, com quem teve dois filhos, Alfredo e Odir, este \u00faltimo morto em 2008.<\/p>\n<p>Considerada a &#8216;Dama do Samba&#8217;, Dona Ivone foi a primeira mulher a fazer um samba-enredo numa escola, o\u00a0<a href=\"https:\/\/www.youtube.com\/watch?v=6UN60j2z7qY\" target=\"_blank\"><em>Cinco Bailes da Hist\u00f3ria do Rio<\/em><\/a>, em 1965. Suas composi\u00e7\u00f5es foram gravadas por int\u00e9rpretes como Clara Nunes, Roberto Ribeiro, Maria Beth\u00e2nia, Caetano Veloso, Gilberto Gil, Paula Toller, Paulinho da Viola, Beth Carvalho, Mariene de Castro e Roberta S\u00e1 e Dorina. Entres suas composi\u00e7\u00f5es de sucesso est\u00e3o\u00a0<em>Sonho Meu<\/em>,\u00a0<em>Sorriso Negro<\/em>\u00a0e\u00a0<em>Algu\u00e9m me avisou<\/em>.<\/p>\n<\/div>\n<\/aside>\n","protected":false},"excerpt":{"rendered":"<p>Primeira mulher a fazer samba-enredo numa escola, cantora \u00e9 \u00edcone na hist\u00f3ria da m\u00fasica brasileira<\/p>\n","protected":false},"author":1,"featured_media":0,"comment_status":"closed","ping_status":"open","sticky":false,"template":"","format":"standard","meta":{"_exactmetrics_skip_tracking":false,"_exactmetrics_sitenote_active":false,"_exactmetrics_sitenote_note":"","_exactmetrics_sitenote_category":0,"jetpack_post_was_ever_published":false,"_jetpack_newsletter_access":"","_jetpack_dont_email_post_to_subs":false,"_jetpack_newsletter_tier_id":0,"_jetpack_memberships_contains_paywalled_content":false,"_jetpack_memberships_contains_paid_content":false,"footnotes":"","jetpack_publicize_message":"","jetpack_publicize_feature_enabled":true,"jetpack_social_post_already_shared":true,"jetpack_social_options":{"image_generator_settings":{"template":"highway","enabled":false},"version":2}},"categories":[1],"tags":[],"class_list":["post-17597","post","type-post","status-publish","format-standard","hentry","category-notas"],"jetpack_publicize_connections":[],"jetpack_sharing_enabled":true,"jetpack_featured_media_url":"","jetpack_shortlink":"https:\/\/wp.me\/p7wKYW-4zP","jetpack-related-posts":[],"_links":{"self":[{"href":"http:\/\/blogdalucianaoliveira.com.br\/blog\/wp-json\/wp\/v2\/posts\/17597","targetHints":{"allow":["GET"]}}],"collection":[{"href":"http:\/\/blogdalucianaoliveira.com.br\/blog\/wp-json\/wp\/v2\/posts"}],"about":[{"href":"http:\/\/blogdalucianaoliveira.com.br\/blog\/wp-json\/wp\/v2\/types\/post"}],"author":[{"embeddable":true,"href":"http:\/\/blogdalucianaoliveira.com.br\/blog\/wp-json\/wp\/v2\/users\/1"}],"replies":[{"embeddable":true,"href":"http:\/\/blogdalucianaoliveira.com.br\/blog\/wp-json\/wp\/v2\/comments?post=17597"}],"version-history":[{"count":1,"href":"http:\/\/blogdalucianaoliveira.com.br\/blog\/wp-json\/wp\/v2\/posts\/17597\/revisions"}],"predecessor-version":[{"id":17599,"href":"http:\/\/blogdalucianaoliveira.com.br\/blog\/wp-json\/wp\/v2\/posts\/17597\/revisions\/17599"}],"wp:attachment":[{"href":"http:\/\/blogdalucianaoliveira.com.br\/blog\/wp-json\/wp\/v2\/media?parent=17597"}],"wp:term":[{"taxonomy":"category","embeddable":true,"href":"http:\/\/blogdalucianaoliveira.com.br\/blog\/wp-json\/wp\/v2\/categories?post=17597"},{"taxonomy":"post_tag","embeddable":true,"href":"http:\/\/blogdalucianaoliveira.com.br\/blog\/wp-json\/wp\/v2\/tags?post=17597"}],"curies":[{"name":"wp","href":"https:\/\/api.w.org\/{rel}","templated":true}]}}