{"id":17600,"date":"2018-04-17T10:26:43","date_gmt":"2018-04-17T14:26:43","guid":{"rendered":"http:\/\/blogdalucianaoliveira.com.br\/blog\/?p=17600"},"modified":"2018-04-17T10:26:43","modified_gmt":"2018-04-17T14:26:43","slug":"a-desigualdade-e-boa-ou-ruim-para-a-economia","status":"publish","type":"post","link":"http:\/\/blogdalucianaoliveira.com.br\/blog\/2018\/04\/17\/a-desigualdade-e-boa-ou-ruim-para-a-economia\/","title":{"rendered":"A desigualdade \u00e9 boa ou ruim para a economia?"},"content":{"rendered":"<p><img data-recalc-dims=\"1\" loading=\"lazy\" decoding=\"async\" data-attachment-id=\"17601\" data-permalink=\"http:\/\/blogdalucianaoliveira.com.br\/blog\/2018\/04\/17\/a-desigualdade-e-boa-ou-ruim-para-a-economia\/eco-2\/\" data-orig-file=\"https:\/\/i0.wp.com\/blogdalucianaoliveira.com.br\/blog\/wp-content\/uploads\/2018\/04\/eco.jpeg?fit=768%2C512\" data-orig-size=\"768,512\" data-comments-opened=\"0\" data-image-meta=\"{&quot;aperture&quot;:&quot;0&quot;,&quot;credit&quot;:&quot;&quot;,&quot;camera&quot;:&quot;&quot;,&quot;caption&quot;:&quot;&quot;,&quot;created_timestamp&quot;:&quot;0&quot;,&quot;copyright&quot;:&quot;&quot;,&quot;focal_length&quot;:&quot;0&quot;,&quot;iso&quot;:&quot;0&quot;,&quot;shutter_speed&quot;:&quot;0&quot;,&quot;title&quot;:&quot;&quot;,&quot;orientation&quot;:&quot;0&quot;}\" data-image-title=\"eco\" data-image-description=\"\" data-image-caption=\"\" data-medium-file=\"https:\/\/i0.wp.com\/blogdalucianaoliveira.com.br\/blog\/wp-content\/uploads\/2018\/04\/eco.jpeg?fit=300%2C200\" data-large-file=\"https:\/\/i0.wp.com\/blogdalucianaoliveira.com.br\/blog\/wp-content\/uploads\/2018\/04\/eco.jpeg?fit=600%2C400\" class=\"alignnone size-full wp-image-17601\" src=\"https:\/\/i0.wp.com\/blogdalucianaoliveira.com.br\/blog\/wp-content\/uploads\/2018\/04\/eco.jpeg?resize=600%2C400\" alt=\"eco\" width=\"600\" height=\"400\" srcset=\"https:\/\/i0.wp.com\/blogdalucianaoliveira.com.br\/blog\/wp-content\/uploads\/2018\/04\/eco.jpeg?w=768 768w, https:\/\/i0.wp.com\/blogdalucianaoliveira.com.br\/blog\/wp-content\/uploads\/2018\/04\/eco.jpeg?resize=300%2C200 300w, https:\/\/i0.wp.com\/blogdalucianaoliveira.com.br\/blog\/wp-content\/uploads\/2018\/04\/eco.jpeg?resize=450%2C300 450w\" sizes=\"auto, (max-width: 600px) 100vw, 600px\" \/><\/p>\n<div id=\"viewlet-below-content-title\">\n<div id=\"parent-fieldname-description\" class=\"documentDescription\">Estudos do FMI e da OCDE afirmam que aumento da dist\u00e2ncia ente ricos e pobres prejudica o crescimento econ\u00f4mico, mas alguns economistas discordam<\/div>\n<\/div>\n<p><!--more--><\/p>\n<div id=\"viewlet-social-like\" class=\"horizontal\">\n<p><em>Por\u00a0Andreas Becker, na Carta Capital<\/em><\/p>\n<p>Economistas n\u00e3o t\u00eam a reputa\u00e7\u00e3o de terem compaix\u00e3o: seus olhos est\u00e3o voltados para n\u00fameros, e n\u00e3o para destinos humanos. Assim, a\u00a0<a class=\"external-link\" title=\"\" href=\"https:\/\/cartacapital.com.br\/politica\/o-emprego-formal-desaparece-a-pobreza-e-a-desigualdade-avancam\" target=\"_blank\">maioria n\u00e3o v\u00ea problemas na desigualdade de renda<\/a>\u00a0ou de propriedade. Muito pelo contr\u00e1rio: as pessoas tendem a trabalhar mais se precisam subir na vida, argumentam. J\u00e1 programas sociais e de redistribui\u00e7\u00e3o de renda custam caro e reduzem a motiva\u00e7\u00e3o.<\/p>\n<div id=\"sc-ava-22577636\">Nos \u00faltimos anos, contudo, houve sinais de uma mudan\u00e7a de atitude. O Fundo Monet\u00e1rio Internacional (FMI) \u2013 que n\u00e3o \u00e9 exatamente conhecido pelas suas\u00a0tend\u00eancias esquerdistas \u2013 alertou que a desigualdade prejudica\u00a0o crescimento. A Organiza\u00e7\u00e3o para Coopera\u00e7\u00e3o e Desenvolvimento Econ\u00f4mico (OCDE), um clube formado principalmente por pa\u00edses ricos, concordou.<\/div>\n<div>\n<p>&#8220;Quando a desigualdade de renda aumenta, o crescimento econ\u00f4mico cai&#8221;, afirma o economista Federico Cingano num estudo para a OCDE. Pesquisadores do FMI chegaram a conclus\u00f5es semelhantes: &#8220;Se a fatia de renda dos 20% mais ricos\u00a0aumenta, o crescimento do PIB cai em m\u00e9dio prazo&#8221;. Nos pa\u00edses da OCDE, a queda no crescimento foi de impressionantes 8,5% do PIB nos \u00faltimos 25 anos, segundo o estudo.<\/p>\n<p>Os resultados agradaram os\u00a0defensores da redistribui\u00e7\u00e3o de renda, de programas de assist\u00eancia social e de impostos mais altos para os ricos. Para eles, finalmente h\u00e1\u00a0provas de que a luta contra a desigualdade \u00e9\u00a0uma causa digna \u2013 n\u00e3o somente por raz\u00f5es morais e\u00a0pol\u00edticas, mas tamb\u00e9m financeiras.<\/p>\n<p>Para o pesquisador Holger Stichnoth, do Centro de Pesquisa Econ\u00f4mica Europeia (ZEW, na sigla em alem\u00e3o), os resultados das pesquisas s\u00e3o simplesmente &#8220;bons demais para serem verdade.&#8221; Ele argumenta que os dois estudos n\u00e3o foram capazes de provar uma rela\u00e7\u00e3o causal entre a desigualdade e o menor crescimento econ\u00f4mico. Outros economistas, igualmente desconfiados, criticaram a metodologia e os dados usados nas pesquisas.<\/p>\n<p>&#8220;Continua incerto se a liga\u00e7\u00e3o [entre desigualdade e crescimento econ\u00f4mico] \u00e9 positiva, negativa ou simplesmente n\u00e3o existe&#8221;, explica Stichnoth. &#8220;Este \u00e9 o dilema das ci\u00eancias sociais: \u00e9 muito dif\u00edcil provar uma rela\u00e7\u00e3o causal.&#8221; Pesquisadores do FMI publicaram recentemente novas descobertas, na tentativa de determinar o ponto exato em que a desigualdade come\u00e7a a prejudicar o crescimento. O debate, portanto, ainda n\u00e3o acabou.<\/p>\n<p><img data-recalc-dims=\"1\" decoding=\"async\" class=\"image-inline lazyloaded\" title=\"grafico 1.png\" src=\"https:\/\/i0.wp.com\/www.cartacapital.com.br\/economia\/a-desigualdade-e-boa-ou-ruim-para-a-economia\/grafico%25201.png?w=600&#038;ssl=1\" alt=\"grafico 1.png\" data-src=\"https:\/\/www.cartacapital.com.br\/economia\/a-desigualdade-e-boa-ou-ruim-para-a-economia\/grafico%201.png\" \/><\/p>\n<p><strong>Desigualdade em alta \u2013 ou em baixa?<\/strong><\/p>\n<p>Os economistas concordam, contudo, em alguns pontos. Por exemplo: fam\u00edlias de baixa renda podem investir menos em educa\u00e7\u00e3o, o que reduz suas chances de encontrar empregos bem remunerados.<\/p>\n<p>Tamb\u00e9m n\u00e3o h\u00e1 como duvidar que a desigualdade aumentou na maioria dos pa\u00edses. Segundo a OCDE, a lacuna entre ricos e pobres alcan\u00e7ou o n\u00edvel mais alto em 30 anos na maioria de seus pa\u00edses-membros.\u00a0O FMI descreve essa situa\u00e7\u00e3o como &#8220;um dos grandes desafios da nossa \u00e9poca&#8221;.<\/p>\n<p>&#8220;A desigualdade de renda aumentou em quase todas as regi\u00f5es do mundo nas \u00faltimas d\u00e9cadas&#8221;, aponta o\u00a0<em>Relat\u00f3rio Mundial sobre a Desigualdade<\/em>\u00a0de 2018. As exce\u00e7\u00f5es s\u00e3o poucas: no Oriente M\u00e9dio, na \u00c1frica subsaariana e no Brasil. Ou seja, onde a desigualdade j\u00e1 era extremamente alta, ela permaneceu est\u00e1vel.<\/p>\n<p>Tudo isso parece se resumir ao velho ditado de que os ricos ficam cada vez mais ricos, e os pobres cada vez mais pobres. No entanto, segundo Stichnoth, a situa\u00e7\u00e3o n\u00e3o \u00e9 bem assim. &#8220;Alguns pa\u00edses que costumavam ser muito pobres recuperaram terreno nos \u00faltimos 30 anos&#8221;, afirma. &#8220;Os principais beneficiados dessa situa\u00e7\u00e3o s\u00e3o os ricos e a classe m\u00e9dia na China e em outros pa\u00edses asi\u00e1ticos.&#8221;<\/p>\n<p>A desigualdade continua sendo muito alta na China e na \u00cdndia, mas a diferen\u00e7a de renda que existia entre esses pa\u00edses e a Europa ou os Estados Unidos \u00e9 menor hoje do que costumava ser. Na compara\u00e7\u00e3o entre os pa\u00edses, portanto, a desigualdade caiu.<\/p>\n<p><img data-recalc-dims=\"1\" decoding=\"async\" class=\"image-inline lazyloaded\" title=\"grafico 2.png\" src=\"https:\/\/i0.wp.com\/www.cartacapital.com.br\/economia\/a-desigualdade-e-boa-ou-ruim-para-a-economia\/grafico%25202.png?w=600&#038;ssl=1\" alt=\"grafico 2.png\" data-src=\"https:\/\/www.cartacapital.com.br\/economia\/a-desigualdade-e-boa-ou-ruim-para-a-economia\/grafico%202.png\" \/><\/p>\n<p>Isso se reflete no\u00a0<a class=\"external-link\" title=\"\" href=\"https:\/\/cartacapital.com.br\/revista\/981\/peregrinacoes-da-desigualdade\" target=\"_blank\">coeficiente de Gini<\/a>, que vai de 0 (igualdade total) a 100 (desigualdade total). O\u00a0\u00edndice global caiu para 65, segundo um estudo do Instituto Peterson de Economia Internacional. Essa queda se deve\u00a0ao r\u00e1pido desenvolvimento econ\u00f4mico registrado em muitos pa\u00edses da \u00c1sia.\u00a0Os pesquisadores esperam que o \u00edndice caia ainda mais e atinja 61 em 2035.<\/p>\n<p>Mesmo se isso ocorrer, o coeficiente global de Gini seguir\u00e1 sendo muito mais alto do que o de alguns pa\u00edses, como Alemanha (29) e Estados Unidos (39).<\/p>\n<p><strong>Efeitos nas sociedades<\/strong><\/p>\n<p>Mas, mesmo que a desigualdade global tenha diminu\u00eddo nos \u00faltimos anos, isso n\u00e3o serve de consolo para quem ficou de fora desse desenvolvimento. Esse grupo inclui, por exemplo, os americanos e europeus de baixa e m\u00e9dia renda. De uma perspectiva global, eles podem\u00a0ser considerados ricos, mas suas rendas estagnaram ou mesmo diminu\u00edram, segundo v\u00e1rios\u00a0estudos.<\/p>\n<p>A queda na desigualdade global aliada ao aumento da desigualdade dentro da maioria dos\u00a0pa\u00edses pode ajudar\u00a0a explicar o crescimento do populismo, do nacionalismo e do protecionismo em muitas partes do mundo. &#8220;Os cidad\u00e3os podem perder a confian\u00e7a nas institui\u00e7\u00f5es, o que diminui a coes\u00e3o social e a confian\u00e7a no futuro&#8221;, afirma o estudo do FMI.<\/p>\n<p><img data-recalc-dims=\"1\" decoding=\"async\" class=\"image-inline lazyloaded\" title=\"grafico 3.png\" src=\"https:\/\/i0.wp.com\/www.cartacapital.com.br\/economia\/a-desigualdade-e-boa-ou-ruim-para-a-economia\/grafico%25203.png?w=600&#038;ssl=1\" alt=\"grafico 3.png\" data-src=\"https:\/\/www.cartacapital.com.br\/economia\/a-desigualdade-e-boa-ou-ruim-para-a-economia\/grafico%203.png\" \/><\/p>\n<p>Nem sempre os governos s\u00e3o capazes de reverter essas tend\u00eancias, pois muitas vezes eles n\u00e3o t\u00eam os recursos financeiros necess\u00e1rios. Quase todos os pa\u00edses\u00a0privatizaram grande parte de seu patrim\u00f4nio nos anos 1980, afirma o\u00a0<em>Relat\u00f3rio Mundial sobre a Desigualdade<\/em>. &#8220;Os pa\u00edses ficaram mais ricos, mas os governos ficaram pobres&#8221;, conclui o estudo. &#8220;Isso limita a capacidade dos governos de combater a desigualdade.&#8221;<\/p>\n<\/div>\n<\/div>\n","protected":false},"excerpt":{"rendered":"<p>Estudos do FMI e da OCDE afirmam que aumento da dist\u00e2ncia ente ricos e pobres prejudica o crescimento econ\u00f4mico, mas alguns economistas discordam<\/p>\n","protected":false},"author":1,"featured_media":0,"comment_status":"closed","ping_status":"open","sticky":false,"template":"","format":"standard","meta":{"_exactmetrics_skip_tracking":false,"_exactmetrics_sitenote_active":false,"_exactmetrics_sitenote_note":"","_exactmetrics_sitenote_category":0,"jetpack_post_was_ever_published":false,"_jetpack_newsletter_access":"","_jetpack_dont_email_post_to_subs":false,"_jetpack_newsletter_tier_id":0,"_jetpack_memberships_contains_paywalled_content":false,"_jetpack_memberships_contains_paid_content":false,"footnotes":"","jetpack_publicize_message":"","jetpack_publicize_feature_enabled":true,"jetpack_social_post_already_shared":true,"jetpack_social_options":{"image_generator_settings":{"template":"highway","enabled":false},"version":2}},"categories":[1],"tags":[],"class_list":["post-17600","post","type-post","status-publish","format-standard","hentry","category-notas"],"jetpack_publicize_connections":[],"jetpack_sharing_enabled":true,"jetpack_featured_media_url":"","jetpack_shortlink":"https:\/\/wp.me\/p7wKYW-4zS","jetpack-related-posts":[],"_links":{"self":[{"href":"http:\/\/blogdalucianaoliveira.com.br\/blog\/wp-json\/wp\/v2\/posts\/17600","targetHints":{"allow":["GET"]}}],"collection":[{"href":"http:\/\/blogdalucianaoliveira.com.br\/blog\/wp-json\/wp\/v2\/posts"}],"about":[{"href":"http:\/\/blogdalucianaoliveira.com.br\/blog\/wp-json\/wp\/v2\/types\/post"}],"author":[{"embeddable":true,"href":"http:\/\/blogdalucianaoliveira.com.br\/blog\/wp-json\/wp\/v2\/users\/1"}],"replies":[{"embeddable":true,"href":"http:\/\/blogdalucianaoliveira.com.br\/blog\/wp-json\/wp\/v2\/comments?post=17600"}],"version-history":[{"count":1,"href":"http:\/\/blogdalucianaoliveira.com.br\/blog\/wp-json\/wp\/v2\/posts\/17600\/revisions"}],"predecessor-version":[{"id":17602,"href":"http:\/\/blogdalucianaoliveira.com.br\/blog\/wp-json\/wp\/v2\/posts\/17600\/revisions\/17602"}],"wp:attachment":[{"href":"http:\/\/blogdalucianaoliveira.com.br\/blog\/wp-json\/wp\/v2\/media?parent=17600"}],"wp:term":[{"taxonomy":"category","embeddable":true,"href":"http:\/\/blogdalucianaoliveira.com.br\/blog\/wp-json\/wp\/v2\/categories?post=17600"},{"taxonomy":"post_tag","embeddable":true,"href":"http:\/\/blogdalucianaoliveira.com.br\/blog\/wp-json\/wp\/v2\/tags?post=17600"}],"curies":[{"name":"wp","href":"https:\/\/api.w.org\/{rel}","templated":true}]}}