{"id":17613,"date":"2018-04-17T10:51:28","date_gmt":"2018-04-17T14:51:28","guid":{"rendered":"http:\/\/blogdalucianaoliveira.com.br\/blog\/?p=17613"},"modified":"2018-04-17T10:52:05","modified_gmt":"2018-04-17T14:52:05","slug":"17613","status":"publish","type":"post","link":"http:\/\/blogdalucianaoliveira.com.br\/blog\/2018\/04\/17\/17613\/","title":{"rendered":"H\u00c1 2 ANOS, C\u00c2MARA DIZIA SIM AO GOLPE E AO IMPEACHMENT"},"content":{"rendered":"<p><img data-recalc-dims=\"1\" loading=\"lazy\" decoding=\"async\" data-attachment-id=\"17611\" data-permalink=\"http:\/\/blogdalucianaoliveira.com.br\/blog\/ma-3\/\" data-orig-file=\"https:\/\/i0.wp.com\/blogdalucianaoliveira.com.br\/blog\/wp-content\/uploads\/2018\/04\/ma.jpg?fit=600%2C432\" data-orig-size=\"600,432\" data-comments-opened=\"0\" data-image-meta=\"{&quot;aperture&quot;:&quot;0&quot;,&quot;credit&quot;:&quot;&quot;,&quot;camera&quot;:&quot;&quot;,&quot;caption&quot;:&quot;&quot;,&quot;created_timestamp&quot;:&quot;0&quot;,&quot;copyright&quot;:&quot;&quot;,&quot;focal_length&quot;:&quot;0&quot;,&quot;iso&quot;:&quot;0&quot;,&quot;shutter_speed&quot;:&quot;0&quot;,&quot;title&quot;:&quot;&quot;,&quot;orientation&quot;:&quot;1&quot;}\" data-image-title=\"ma\" data-image-description=\"\" data-image-caption=\"\" data-medium-file=\"https:\/\/i0.wp.com\/blogdalucianaoliveira.com.br\/blog\/wp-content\/uploads\/2018\/04\/ma.jpg?fit=300%2C216\" data-large-file=\"https:\/\/i0.wp.com\/blogdalucianaoliveira.com.br\/blog\/wp-content\/uploads\/2018\/04\/ma.jpg?fit=600%2C432\" class=\"alignnone size-full wp-image-17611\" src=\"https:\/\/i0.wp.com\/blogdalucianaoliveira.com.br\/blog\/wp-content\/uploads\/2018\/04\/ma.jpg?resize=600%2C432\" alt=\"ma\" width=\"600\" height=\"432\" srcset=\"https:\/\/i0.wp.com\/blogdalucianaoliveira.com.br\/blog\/wp-content\/uploads\/2018\/04\/ma.jpg?w=600 600w, https:\/\/i0.wp.com\/blogdalucianaoliveira.com.br\/blog\/wp-content\/uploads\/2018\/04\/ma.jpg?resize=300%2C216 300w, https:\/\/i0.wp.com\/blogdalucianaoliveira.com.br\/blog\/wp-content\/uploads\/2018\/04\/ma.jpg?resize=417%2C300 417w\" sizes=\"auto, (max-width: 600px) 100vw, 600px\" \/><\/p>\n<p>Marco Aur\u00e9lio Ruy, do Portal CTB \u2013 O dia 17 de abril de 2016 entrou para a hist\u00f3ria como o Dia da Vergonha para o Brasil. Por 367 votos favor\u00e1veis e 137 contr\u00e1rios, a C\u00e2mara dos Deputados, presidida por Eduardo Cunha, atualmente preso por corrup\u00e7\u00e3o, disse sim com \u00eanfase ao processo de impeachment contra a presidenta Dilma Rousseff.<!--more--><span id=\"more-17607\"><\/span><\/p>\n<p>\u201cFoi vergonhoso assistir \u00e0quele espet\u00e1culo dantesco com deputados federais mandando tchauzinhos e beijinhos para o papai e a mam\u00e3e, al\u00e9m de outras pirotecnias que fizeram a imprensa mundial rir do Brasil\u201d, diz V\u00e2nia Marques Pinto, secret\u00e1ria de Pol\u00edticas Sociais da CTB.<\/p>\n<div class=\"jetpack-video-wrapper\"><span class=\"embed-youtube\"><iframe loading=\"lazy\" class=\"youtube-player\" src=\"http:\/\/www.youtube.com\/embed\/aKbyMe0HSpA?version=3&amp;rel=1&amp;fs=1&amp;autohide=2&amp;showsearch=0&amp;showinfo=1&amp;iv_load_policy=1&amp;wmode=transparent\" width=\"300\" height=\"150\" allowfullscreen=\"allowfullscreen\" data-ratio=\"0.624\" data-width=\"500\" data-height=\"312\" data-mce-fragment=\"1\"><\/iframe><\/span><\/div>\n<p>Pior ainda, mesmo sem provas, \u201cdiscursaram em nome de Deus, homenagearam torturadores, gritaram e saltitaram contra a corrup\u00e7\u00e3o e poucos dias depois se viam envolvidos em il\u00edcitos\u201d, conta Iv\u00e2nia Pereira, vice-presidenta da CTB.<\/p>\n<p>As pessoas que querem entender melhor os acontecimentos, podem se inscrever em cursos sobre o golpe em diversas universidades federais e estaduais em todo o pa\u00eds. Vale lembrar tamb\u00e9m que j\u00e1 est\u00e1 em cartaz no Brasil, inclusive o premiado document\u00e1rio \u201cO Processo\u201d, de Maria Augusta Ramos, que retrata os bastidores do processo de impeachment em todas as suas nuances.<\/p>\n<p>Exatos dois anos depois, \u201cv\u00ea-se que o Brasil andou para tr\u00e1s. A reforma do ensino m\u00e9dio pretende a privatiza\u00e7\u00e3o desse n\u00edvel escolar. O governo projeta acabar com as universidades federais p\u00fablicas, prop\u00f5e liquidar com o SUS (Sistema \u00danico de Sa\u00fade) e massacra a classe trabalhadora com a reforma trabalhista e tem a inten\u00e7\u00e3o de liquidar com a aposentadoria\u201d, ressalta Iv\u00e2nia.<\/p>\n<div class=\"jetpack-video-wrapper\"><span class=\"embed-youtube\"><iframe loading=\"lazy\" class=\"youtube-player\" src=\"http:\/\/www.youtube.com\/embed\/SLZaDBJFm54?version=3&amp;rel=1&amp;fs=1&amp;autohide=2&amp;showsearch=0&amp;showinfo=1&amp;iv_load_policy=1&amp;wmode=transparent\" width=\"300\" height=\"150\" allowfullscreen=\"allowfullscreen\" data-ratio=\"0.624\" data-width=\"500\" data-height=\"312\" data-mce-fragment=\"1\"><\/iframe><\/span><\/div>\n<p>A presidenta Dilma foi afastada do cargo no dia 12 de maio de 2016, assumindo o seu vice, Michel Temer. O processo foi instaurado no Senado, presidido por Ricardo Lewandowski, ent\u00e3o presidente do Supremo Tribunal Federal (STF).<\/p>\n<p>Temer assumiu e imediatamente come\u00e7ou o desmonte do Estado. V\u00e2nia lembra que \u201cmesmo como interino montou a sua equipe de trabalho com um minist\u00e9rio composto somente por homens brancos e velhos\u201d.<\/p>\n<p>Extinguiu num primeiro momento o Minist\u00e9rio da Cultura. Atacou as conquistas das mulheres, dos negros, dos LGBTs , da juventude e dos direitos humanos numa tacada s\u00f3. \u201cFoi logo mostrando o real objetivo do golpe: acabar com as conquistas da classe trabalhadora\u201d, diz Iv\u00e2nia.<\/p>\n<p>Alimentados pela m\u00eddia burguesa, milhares de pessoas sa\u00edram \u00e0s ruas de todo o pa\u00eds com camisas da Confedera\u00e7\u00e3o Brasileira de Futebol pedindo o afastamento da presidenta. A campanha foi infame.<\/p>\n<p>\u201cSucessivos ataques mis\u00f3ginos eram estampados nos jornais e nas revistas, sem nenhuma comprova\u00e7\u00e3o ou preocupa\u00e7\u00e3o com os fatos\u201d, afirma V\u00e2nia. Quatro meses depois o golpe era consumado com o afastamento definitivo da presidenta eleita constitucionalmente por mais de 54 milh\u00f5es de eleitoras e eleitores. O Brasil ficou dividido. \u201cSomente as elei\u00e7\u00f5es deste ano podem apaziguar o pa\u00eds\u201d, refor\u00e7a.<\/p>\n<p>\u201cMuito importante lembrar-se desse fat\u00eddico dia, para entendermos porque n\u00e3o tivemos a capacidade de defender a nossa presidenta\u201d, assinala Iv\u00e2nia. \u201cTudo o que vem ocorrendo mostra que o golpe veio para perpetuar a corrup\u00e7\u00e3o, os desmandos e o aniquilamento dos sonhos de um futuro digno para o pa\u00eds e seu povo\u201d.<\/p>\n","protected":false},"excerpt":{"rendered":"<p>Marco Aur\u00e9lio Ruy, do Portal CTB \u2013 O dia 17 de abril de 2016 entrou para a hist\u00f3ria como o Dia da Vergonha para o Brasil. Por 367 votos favor\u00e1veis e 137 contr\u00e1rios, a C\u00e2mara dos Deputados, presidida por Eduardo Cunha, atualmente preso por corrup\u00e7\u00e3o, disse sim com \u00eanfase ao processo de impeachment contra a&#8230;<a class=\"more-link\" href=\"http:\/\/blogdalucianaoliveira.com.br\/blog\/2018\/04\/17\/17613\/\">Continue a leitura <span class=\"meta-nav\">&raquo;<\/span><\/a><\/p>\n","protected":false},"author":1,"featured_media":0,"comment_status":"closed","ping_status":"open","sticky":false,"template":"","format":"standard","meta":{"_exactmetrics_skip_tracking":false,"_exactmetrics_sitenote_active":false,"_exactmetrics_sitenote_note":"","_exactmetrics_sitenote_category":0,"jetpack_post_was_ever_published":false,"_jetpack_newsletter_access":"","_jetpack_dont_email_post_to_subs":false,"_jetpack_newsletter_tier_id":0,"_jetpack_memberships_contains_paywalled_content":false,"_jetpack_memberships_contains_paid_content":false,"footnotes":"","jetpack_publicize_message":"","jetpack_publicize_feature_enabled":true,"jetpack_social_post_already_shared":true,"jetpack_social_options":{"image_generator_settings":{"template":"highway","enabled":false},"version":2}},"categories":[1],"tags":[],"class_list":["post-17613","post","type-post","status-publish","format-standard","hentry","category-notas"],"jetpack_publicize_connections":[],"jetpack_sharing_enabled":true,"jetpack_featured_media_url":"","jetpack_shortlink":"https:\/\/wp.me\/s7wKYW-17613","jetpack-related-posts":[],"_links":{"self":[{"href":"http:\/\/blogdalucianaoliveira.com.br\/blog\/wp-json\/wp\/v2\/posts\/17613","targetHints":{"allow":["GET"]}}],"collection":[{"href":"http:\/\/blogdalucianaoliveira.com.br\/blog\/wp-json\/wp\/v2\/posts"}],"about":[{"href":"http:\/\/blogdalucianaoliveira.com.br\/blog\/wp-json\/wp\/v2\/types\/post"}],"author":[{"embeddable":true,"href":"http:\/\/blogdalucianaoliveira.com.br\/blog\/wp-json\/wp\/v2\/users\/1"}],"replies":[{"embeddable":true,"href":"http:\/\/blogdalucianaoliveira.com.br\/blog\/wp-json\/wp\/v2\/comments?post=17613"}],"version-history":[{"count":2,"href":"http:\/\/blogdalucianaoliveira.com.br\/blog\/wp-json\/wp\/v2\/posts\/17613\/revisions"}],"predecessor-version":[{"id":17615,"href":"http:\/\/blogdalucianaoliveira.com.br\/blog\/wp-json\/wp\/v2\/posts\/17613\/revisions\/17615"}],"wp:attachment":[{"href":"http:\/\/blogdalucianaoliveira.com.br\/blog\/wp-json\/wp\/v2\/media?parent=17613"}],"wp:term":[{"taxonomy":"category","embeddable":true,"href":"http:\/\/blogdalucianaoliveira.com.br\/blog\/wp-json\/wp\/v2\/categories?post=17613"},{"taxonomy":"post_tag","embeddable":true,"href":"http:\/\/blogdalucianaoliveira.com.br\/blog\/wp-json\/wp\/v2\/tags?post=17613"}],"curies":[{"name":"wp","href":"https:\/\/api.w.org\/{rel}","templated":true}]}}