{"id":17616,"date":"2018-04-17T12:00:13","date_gmt":"2018-04-17T16:00:13","guid":{"rendered":"http:\/\/blogdalucianaoliveira.com.br\/blog\/?p=17616"},"modified":"2018-04-17T12:37:23","modified_gmt":"2018-04-17T16:37:23","slug":"refins-reduz-divida-de-73-parlamentares-com-uniao","status":"publish","type":"post","link":"http:\/\/blogdalucianaoliveira.com.br\/blog\/2018\/04\/17\/refins-reduz-divida-de-73-parlamentares-com-uniao\/","title":{"rendered":"Refis  reduz d\u00edvida de 73 parlamentares com Uni\u00e3o"},"content":{"rendered":"<hr \/>\n<p><img data-recalc-dims=\"1\" loading=\"lazy\" decoding=\"async\" data-attachment-id=\"17617\" data-permalink=\"http:\/\/blogdalucianaoliveira.com.br\/blog\/2018\/04\/17\/refins-reduz-divida-de-73-parlamentares-com-uniao\/caca-3\/\" data-orig-file=\"https:\/\/i0.wp.com\/blogdalucianaoliveira.com.br\/blog\/wp-content\/uploads\/2018\/04\/caca.jpg?fit=620%2C330\" data-orig-size=\"620,330\" data-comments-opened=\"0\" data-image-meta=\"{&quot;aperture&quot;:&quot;0&quot;,&quot;credit&quot;:&quot;&quot;,&quot;camera&quot;:&quot;&quot;,&quot;caption&quot;:&quot;&quot;,&quot;created_timestamp&quot;:&quot;0&quot;,&quot;copyright&quot;:&quot;&quot;,&quot;focal_length&quot;:&quot;0&quot;,&quot;iso&quot;:&quot;0&quot;,&quot;shutter_speed&quot;:&quot;0&quot;,&quot;title&quot;:&quot;&quot;,&quot;orientation&quot;:&quot;0&quot;}\" data-image-title=\"caca\" data-image-description=\"\" data-image-caption=\"\" data-medium-file=\"https:\/\/i0.wp.com\/blogdalucianaoliveira.com.br\/blog\/wp-content\/uploads\/2018\/04\/caca.jpg?fit=300%2C160\" data-large-file=\"https:\/\/i0.wp.com\/blogdalucianaoliveira.com.br\/blog\/wp-content\/uploads\/2018\/04\/caca.jpg?fit=600%2C319\" class=\"alignnone size-full wp-image-17617\" src=\"https:\/\/i0.wp.com\/blogdalucianaoliveira.com.br\/blog\/wp-content\/uploads\/2018\/04\/caca.jpg?resize=600%2C319\" alt=\"caca\" width=\"600\" height=\"319\" srcset=\"https:\/\/i0.wp.com\/blogdalucianaoliveira.com.br\/blog\/wp-content\/uploads\/2018\/04\/caca.jpg?w=620 620w, https:\/\/i0.wp.com\/blogdalucianaoliveira.com.br\/blog\/wp-content\/uploads\/2018\/04\/caca.jpg?resize=300%2C160 300w, https:\/\/i0.wp.com\/blogdalucianaoliveira.com.br\/blog\/wp-content\/uploads\/2018\/04\/caca.jpg?resize=564%2C300 564w\" sizes=\"auto, (max-width: 600px) 100vw, 600px\" \/><\/p>\n<p>A Hora do Povo &#8211; A aprova\u00e7\u00e3o do generoso programa de refinanciamento de d\u00edvidas (Refis) pela C\u00e2mara dos Deputados e pelo Senado Federal beneficiou especialmente os parlamentares que o aprovaram. A ades\u00e3o \u00e0s regras \u2013 criadas por eles pr\u00f3prios \u2013 beneficiou 73 deputados e senadores e chegou a abater 95% das d\u00edvidas de alguns dos pol\u00edticos-empres\u00e1rios, conforme compila\u00e7\u00e3o de dados da Procuradoria-Geral da Fazenda feita pelo jornal Valor Econ\u00f4mico.<!--more--><\/p>\n<p>Enquanto o povo \u00e9 onerado com uma carga tribut\u00e1ria alt\u00edssima e amea\u00e7ado pelo governo com uma brutal reforma da previd\u00eancia, milion\u00e1rios e sonegadores s\u00e3o beneficiados com perd\u00f5es de d\u00edvidas, anistias de multas e condi\u00e7\u00f5es bondosas de parcelamentos de d\u00e9bitos com a Receita. Os 73 parlamentares em quest\u00e3o deviam juntos mais de R$ 217 milh\u00f5es \u00e0 Uni\u00e3o. Ap\u00f3s a ades\u00e3o ao Refis, suas d\u00edvidas passaram para apenas a metade: R$ 108 milh\u00f5es parcelados em condi\u00e7\u00f5es extraordin\u00e1rias.<\/p>\n<p>Presidente da Companhia Sider\u00fargica Pitangui, diretor da Rio Rancho Agropecu\u00e1ria e, n\u00e3o por acaso, relator do Refis na C\u00e2mara, o deputado Newton Cardoso J\u00fanior (MDB-MG) pagar\u00e1 no fim das contas apenas 8% dos R$ 12,4 milh\u00f5es devidos. Ele usou cr\u00e9ditos tribut\u00e1rios para reduzir sua d\u00edvida para apenas R$ 972 mil \u2013 que ainda ser\u00e3o parcelados em 34 vezes.<\/p>\n<p>A Limeira Agropecu\u00e1ria, empresa da fam\u00edlia do senador mineiro Zez\u00e9 Perrella (MDB), conhecida pelo carregamento de 445 kg de coca\u00edna em 2013, teve sua d\u00edvida e de um grupo de frigor\u00edficos afiliados reduzida em 83% (mais de R$ 38 milh\u00f5es) ap\u00f3s a ades\u00e3o ao Refis. O grupo familiar de Perrella \u00e9 acusado por sonega\u00e7\u00e3o fiscal pela Receita. O ex-assessor de Perrella Mendherson Souza Lima foi filmado conduzindo os R$ 500 mil dos dois milh\u00f5es acertados pelo senador A\u00e9cio Neves com\u00a0 Joelsey Batista, dono do frigor\u00edfico JBS.<\/p>\n<p>Percentualmente, a maior anistia foi concedida \u00e0 Galileo Ind\u00fastria e Com\u00e9rcio, da qual o deputado baiano Jo\u00e3o Gualberto (PSDB) \u00e9 dono. Neste caso, a procuradoria da Fazenda cobrava R$ 5,2 milh\u00f5es, reduzidos a R$ 259 mil (95% de abatimento). Gualberto tamb\u00e9m fez parte da comiss\u00e3o que discutiu a Medida Provis\u00f3ria que aprovou as novas regras do Refis e defendeu vigorosamente a sua aprova\u00e7\u00e3o. Mas jura que n\u00e3o o fez por interesses particulares.<\/p>\n<p>Com a ades\u00e3o ao Refis e ao Funrural (programa de refinanciamento de d\u00e9bitos com a previd\u00eancia de trabalhadores rurais), a JBS-Friboi \u2013 companhia da qual o ministro da Fazenda Henrique Meirelles foi presidente do Conselho de 2012 a 2016 \u2013\u00a0 ser\u00e1 uma das grandes beneficiadas. A empresa s\u00edmbolo de corrup\u00e7\u00e3o, pega em conluio com Temer, negociou cerca de R$ 4,2 bilh\u00f5es devidos em INSS, PIS, Cofins, Imposto de Renda e CSLL e obteve anistia total dos encargos legais, de 80% dos juros e de 50% das multas que incidem sobre as d\u00edvidas.<\/p>\n<p>Michel Temer, que apresentou ao Congresso uma vers\u00e3o menos generosa do Refis acabou apoiando as mudan\u00e7as feitas pelos parlamentares durante a discuss\u00e3o da proposta e usou a aprova\u00e7\u00e3o como moeda de troca para se livrar das den\u00fancias por corrup\u00e7\u00e3o e forma\u00e7\u00e3o de quadrilha. A vers\u00e3o final, que a tantos parlamentares sonegadores beneficiou, permite o abatimento de 90% dos juros e 70% das multas, isen\u00e7\u00e3o de encargos, entrada reduzida e parcelamento estendido.<\/p>\n<div class=\"addtoany_share_save_container addtoany_content addtoany_content_bottom\">\u00a0Leia tamb\u00e9m :\u00a0<a href=\"http:\/\/www.valor.com.br\/politica\/5454687\/refis-reduz-dividas-dos-parlamentares\">http:\/\/www.valor.com.br\/politica\/5454687\/refis-reduz-dividas-dos-parlamentares<\/a><\/div>\n","protected":false},"excerpt":{"rendered":"<p>A Hora do Povo &#8211; A aprova\u00e7\u00e3o do generoso programa de refinanciamento de d\u00edvidas (Refis) pela C\u00e2mara dos Deputados e pelo Senado Federal beneficiou especialmente os parlamentares que o aprovaram. A ades\u00e3o \u00e0s regras \u2013 criadas por eles pr\u00f3prios \u2013 beneficiou 73 deputados e senadores e chegou a abater 95% das d\u00edvidas de alguns dos&#8230;<a class=\"more-link\" href=\"http:\/\/blogdalucianaoliveira.com.br\/blog\/2018\/04\/17\/refins-reduz-divida-de-73-parlamentares-com-uniao\/\">Continue a leitura <span class=\"meta-nav\">&raquo;<\/span><\/a><\/p>\n","protected":false},"author":1,"featured_media":0,"comment_status":"closed","ping_status":"open","sticky":false,"template":"","format":"standard","meta":{"_exactmetrics_skip_tracking":false,"_exactmetrics_sitenote_active":false,"_exactmetrics_sitenote_note":"","_exactmetrics_sitenote_category":0,"jetpack_post_was_ever_published":false,"_jetpack_newsletter_access":"","_jetpack_dont_email_post_to_subs":false,"_jetpack_newsletter_tier_id":0,"_jetpack_memberships_contains_paywalled_content":false,"_jetpack_memberships_contains_paid_content":false,"footnotes":"","jetpack_publicize_message":"","jetpack_publicize_feature_enabled":true,"jetpack_social_post_already_shared":true,"jetpack_social_options":{"image_generator_settings":{"template":"highway","enabled":false},"version":2}},"categories":[1],"tags":[],"class_list":["post-17616","post","type-post","status-publish","format-standard","hentry","category-notas"],"jetpack_publicize_connections":[],"jetpack_sharing_enabled":true,"jetpack_featured_media_url":"","jetpack_shortlink":"https:\/\/wp.me\/p7wKYW-4A8","jetpack-related-posts":[],"_links":{"self":[{"href":"http:\/\/blogdalucianaoliveira.com.br\/blog\/wp-json\/wp\/v2\/posts\/17616","targetHints":{"allow":["GET"]}}],"collection":[{"href":"http:\/\/blogdalucianaoliveira.com.br\/blog\/wp-json\/wp\/v2\/posts"}],"about":[{"href":"http:\/\/blogdalucianaoliveira.com.br\/blog\/wp-json\/wp\/v2\/types\/post"}],"author":[{"embeddable":true,"href":"http:\/\/blogdalucianaoliveira.com.br\/blog\/wp-json\/wp\/v2\/users\/1"}],"replies":[{"embeddable":true,"href":"http:\/\/blogdalucianaoliveira.com.br\/blog\/wp-json\/wp\/v2\/comments?post=17616"}],"version-history":[{"count":3,"href":"http:\/\/blogdalucianaoliveira.com.br\/blog\/wp-json\/wp\/v2\/posts\/17616\/revisions"}],"predecessor-version":[{"id":17620,"href":"http:\/\/blogdalucianaoliveira.com.br\/blog\/wp-json\/wp\/v2\/posts\/17616\/revisions\/17620"}],"wp:attachment":[{"href":"http:\/\/blogdalucianaoliveira.com.br\/blog\/wp-json\/wp\/v2\/media?parent=17616"}],"wp:term":[{"taxonomy":"category","embeddable":true,"href":"http:\/\/blogdalucianaoliveira.com.br\/blog\/wp-json\/wp\/v2\/categories?post=17616"},{"taxonomy":"post_tag","embeddable":true,"href":"http:\/\/blogdalucianaoliveira.com.br\/blog\/wp-json\/wp\/v2\/tags?post=17616"}],"curies":[{"name":"wp","href":"https:\/\/api.w.org\/{rel}","templated":true}]}}