{"id":17621,"date":"2018-04-17T15:33:10","date_gmt":"2018-04-17T19:33:10","guid":{"rendered":"http:\/\/blogdalucianaoliveira.com.br\/blog\/?p=17621"},"modified":"2018-04-17T15:33:10","modified_gmt":"2018-04-17T19:33:10","slug":"lider-do-golpe-aecio-vira-reu-por-corrupcao-e-obstrucao-de-justica","status":"publish","type":"post","link":"http:\/\/blogdalucianaoliveira.com.br\/blog\/2018\/04\/17\/lider-do-golpe-aecio-vira-reu-por-corrupcao-e-obstrucao-de-justica\/","title":{"rendered":"L\u00cdDER DO GOLPE, A\u00c9CIO VIRA R\u00c9U POR CORRUP\u00c7\u00c3O E OBSTRU\u00c7\u00c3O DE JUSTI\u00c7A"},"content":{"rendered":"<p><img data-recalc-dims=\"1\" loading=\"lazy\" decoding=\"async\" data-attachment-id=\"17622\" data-permalink=\"http:\/\/blogdalucianaoliveira.com.br\/blog\/2018\/04\/17\/lider-do-golpe-aecio-vira-reu-por-corrupcao-e-obstrucao-de-justica\/3497c39c-2a98-4c06-a5ad-4c90acace26c\/\" data-orig-file=\"https:\/\/i0.wp.com\/blogdalucianaoliveira.com.br\/blog\/wp-content\/uploads\/2018\/04\/3497C39C-2A98-4C06-A5AD-4C90ACACE26C.jpeg?fit=480%2C240\" data-orig-size=\"480,240\" data-comments-opened=\"0\" data-image-meta=\"{&quot;aperture&quot;:&quot;0&quot;,&quot;credit&quot;:&quot;&quot;,&quot;camera&quot;:&quot;&quot;,&quot;caption&quot;:&quot;&quot;,&quot;created_timestamp&quot;:&quot;0&quot;,&quot;copyright&quot;:&quot;&quot;,&quot;focal_length&quot;:&quot;0&quot;,&quot;iso&quot;:&quot;0&quot;,&quot;shutter_speed&quot;:&quot;0&quot;,&quot;title&quot;:&quot;&quot;,&quot;orientation&quot;:&quot;0&quot;}\" data-image-title=\"3497C39C-2A98-4C06-A5AD-4C90ACACE26C\" data-image-description=\"\" data-image-caption=\"\" data-medium-file=\"https:\/\/i0.wp.com\/blogdalucianaoliveira.com.br\/blog\/wp-content\/uploads\/2018\/04\/3497C39C-2A98-4C06-A5AD-4C90ACACE26C.jpeg?fit=300%2C150\" data-large-file=\"https:\/\/i0.wp.com\/blogdalucianaoliveira.com.br\/blog\/wp-content\/uploads\/2018\/04\/3497C39C-2A98-4C06-A5AD-4C90ACACE26C.jpeg?fit=480%2C240\" class=\"alignnone size-full wp-image-17622 alignleft\" src=\"https:\/\/i0.wp.com\/blogdalucianaoliveira.com.br\/blog\/wp-content\/uploads\/2018\/04\/3497C39C-2A98-4C06-A5AD-4C90ACACE26C.jpeg?resize=480%2C240\" alt=\"3497C39C-2A98-4C06-A5AD-4C90ACACE26C\" width=\"480\" height=\"240\" srcset=\"https:\/\/i0.wp.com\/blogdalucianaoliveira.com.br\/blog\/wp-content\/uploads\/2018\/04\/3497C39C-2A98-4C06-A5AD-4C90ACACE26C.jpeg?w=480 480w, https:\/\/i0.wp.com\/blogdalucianaoliveira.com.br\/blog\/wp-content\/uploads\/2018\/04\/3497C39C-2A98-4C06-A5AD-4C90ACACE26C.jpeg?resize=300%2C150 300w\" sizes=\"auto, (max-width: 480px) 100vw, 480px\" \/><\/p>\n<p>247 &#8211; Dois anos depois do golpe dos corruptos contra a presidente eleita, Dilma Rousseff, o senador A\u00e9cio Neves (PSDB-MG), que protagonizou uma das maiores farsas da hist\u00f3ria do Pa\u00eds, passa a ser r\u00e9u, no Supremo Tribunal Federal, por corrup\u00e7\u00e3o e obstru\u00e7\u00e3o de Justi\u00e7a.<!--more--><\/p>\n<p>O julgamento corre na Primeira Turma, onde j\u00e1 votaram os ministros Marco Aur\u00e9lio Mello, relator do caso, Lu\u00eds Roberto Barroso, Rosa Weber e Luiz Fux, todos a favor da abertura da den\u00fancia, deixando o placar em 4 a 0.<\/p>\n<p>Marco Aur\u00e9lio votou para receber a den\u00fancia integralmente contra A\u00e9cio. Segundo o ministro, h\u00e1 ind\u00edcios de recebimento de vantagem indevida e de embara\u00e7o \u00e0s investiga\u00e7\u00f5es. &#8220;H\u00e1 transcri\u00e7\u00f5es de conversas telef\u00f4nicas liga\u00e7\u00f5es realizadas pelo senador das quais se extrai que estaria tentando influelnciar na escolha de delegados da PF na Opera\u00e7\u00e3o Lava Jato&#8221;, declarou.<\/p>\n","protected":false},"excerpt":{"rendered":"<p>247 &#8211; Dois anos depois do golpe dos corruptos contra a presidente eleita, Dilma Rousseff, o senador A\u00e9cio Neves (PSDB-MG), que protagonizou uma das maiores farsas da hist\u00f3ria do Pa\u00eds, passa a ser r\u00e9u, no Supremo Tribunal Federal, por corrup\u00e7\u00e3o e obstru\u00e7\u00e3o de Justi\u00e7a.<\/p>\n","protected":false},"author":1,"featured_media":0,"comment_status":"closed","ping_status":"open","sticky":false,"template":"","format":"standard","meta":{"_exactmetrics_skip_tracking":false,"_exactmetrics_sitenote_active":false,"_exactmetrics_sitenote_note":"","_exactmetrics_sitenote_category":0,"jetpack_post_was_ever_published":false,"_jetpack_newsletter_access":"","_jetpack_dont_email_post_to_subs":false,"_jetpack_newsletter_tier_id":0,"_jetpack_memberships_contains_paywalled_content":false,"_jetpack_memberships_contains_paid_content":false,"footnotes":"","jetpack_publicize_message":"","jetpack_publicize_feature_enabled":true,"jetpack_social_post_already_shared":true,"jetpack_social_options":{"image_generator_settings":{"template":"highway","enabled":false},"version":2}},"categories":[1],"tags":[],"class_list":["post-17621","post","type-post","status-publish","format-standard","hentry","category-notas"],"jetpack_publicize_connections":[],"jetpack_sharing_enabled":true,"jetpack_featured_media_url":"","jetpack_shortlink":"https:\/\/wp.me\/p7wKYW-4Ad","jetpack-related-posts":[],"_links":{"self":[{"href":"http:\/\/blogdalucianaoliveira.com.br\/blog\/wp-json\/wp\/v2\/posts\/17621","targetHints":{"allow":["GET"]}}],"collection":[{"href":"http:\/\/blogdalucianaoliveira.com.br\/blog\/wp-json\/wp\/v2\/posts"}],"about":[{"href":"http:\/\/blogdalucianaoliveira.com.br\/blog\/wp-json\/wp\/v2\/types\/post"}],"author":[{"embeddable":true,"href":"http:\/\/blogdalucianaoliveira.com.br\/blog\/wp-json\/wp\/v2\/users\/1"}],"replies":[{"embeddable":true,"href":"http:\/\/blogdalucianaoliveira.com.br\/blog\/wp-json\/wp\/v2\/comments?post=17621"}],"version-history":[{"count":1,"href":"http:\/\/blogdalucianaoliveira.com.br\/blog\/wp-json\/wp\/v2\/posts\/17621\/revisions"}],"predecessor-version":[{"id":17623,"href":"http:\/\/blogdalucianaoliveira.com.br\/blog\/wp-json\/wp\/v2\/posts\/17621\/revisions\/17623"}],"wp:attachment":[{"href":"http:\/\/blogdalucianaoliveira.com.br\/blog\/wp-json\/wp\/v2\/media?parent=17621"}],"wp:term":[{"taxonomy":"category","embeddable":true,"href":"http:\/\/blogdalucianaoliveira.com.br\/blog\/wp-json\/wp\/v2\/categories?post=17621"},{"taxonomy":"post_tag","embeddable":true,"href":"http:\/\/blogdalucianaoliveira.com.br\/blog\/wp-json\/wp\/v2\/tags?post=17621"}],"curies":[{"name":"wp","href":"https:\/\/api.w.org\/{rel}","templated":true}]}}