{"id":17624,"date":"2018-04-18T11:39:35","date_gmt":"2018-04-18T15:39:35","guid":{"rendered":"http:\/\/blogdalucianaoliveira.com.br\/blog\/?p=17624"},"modified":"2018-04-18T11:47:39","modified_gmt":"2018-04-18T15:47:39","slug":"alckmim-se-porta-como-santo-ao-falar-sobre-aecio","status":"publish","type":"post","link":"http:\/\/blogdalucianaoliveira.com.br\/blog\/2018\/04\/18\/alckmim-se-porta-como-santo-ao-falar-sobre-aecio\/","title":{"rendered":"ALCKMIN SE PORTA COMO SANTO AO FALAR SOBRE A\u00c9CIO"},"content":{"rendered":"<figure id=\"attachment_17625\" aria-describedby=\"caption-attachment-17625\" style=\"width: 820px\" class=\"wp-caption alignnone\"><img data-recalc-dims=\"1\" loading=\"lazy\" decoding=\"async\" data-attachment-id=\"17625\" data-permalink=\"http:\/\/blogdalucianaoliveira.com.br\/blog\/2018\/04\/18\/alckmim-se-porta-como-santo-ao-falar-sobre-aecio\/alckmin-e-aecio\/\" data-orig-file=\"https:\/\/i0.wp.com\/blogdalucianaoliveira.com.br\/blog\/wp-content\/uploads\/2018\/04\/Geral-e-A%C3%A9cio.jpg?fit=820%2C562\" data-orig-size=\"820,562\" data-comments-opened=\"0\" data-image-meta=\"{&quot;aperture&quot;:&quot;4&quot;,&quot;credit&quot;:&quot;&quot;,&quot;camera&quot;:&quot;V-LUX (Typ 114)&quot;,&quot;caption&quot;:&quot;Alckmin e A\\u00e9cio&quot;,&quot;created_timestamp&quot;:&quot;1449776890&quot;,&quot;copyright&quot;:&quot;&quot;,&quot;focal_length&quot;:&quot;107.42&quot;,&quot;iso&quot;:&quot;1600&quot;,&quot;shutter_speed&quot;:&quot;0.01&quot;,&quot;title&quot;:&quot;Alckmin e A\\u00e9cio&quot;,&quot;orientation&quot;:&quot;1&quot;}\" data-image-title=\"Alckmin e A\u00e9cio\" data-image-description=\"\" data-image-caption=\"&lt;p&gt;Alckmin e A\u00e9cio&lt;\/p&gt;\n\" data-medium-file=\"https:\/\/i0.wp.com\/blogdalucianaoliveira.com.br\/blog\/wp-content\/uploads\/2018\/04\/Geral-e-A%C3%A9cio.jpg?fit=300%2C206\" data-large-file=\"https:\/\/i0.wp.com\/blogdalucianaoliveira.com.br\/blog\/wp-content\/uploads\/2018\/04\/Geral-e-A%C3%A9cio.jpg?fit=600%2C411\" class=\"size-full wp-image-17625\" src=\"https:\/\/i0.wp.com\/blogdalucianaoliveira.com.br\/blog\/wp-content\/uploads\/2018\/04\/Geral-e-A%C3%A9cio.jpg?resize=600%2C411\" alt=\"Alckmin e A\u00e9cio\" width=\"600\" height=\"411\" srcset=\"https:\/\/i0.wp.com\/blogdalucianaoliveira.com.br\/blog\/wp-content\/uploads\/2018\/04\/Geral-e-A%C3%A9cio.jpg?w=820 820w, https:\/\/i0.wp.com\/blogdalucianaoliveira.com.br\/blog\/wp-content\/uploads\/2018\/04\/Geral-e-A%C3%A9cio.jpg?resize=300%2C206 300w, https:\/\/i0.wp.com\/blogdalucianaoliveira.com.br\/blog\/wp-content\/uploads\/2018\/04\/Geral-e-A%C3%A9cio.jpg?resize=768%2C526 768w, https:\/\/i0.wp.com\/blogdalucianaoliveira.com.br\/blog\/wp-content\/uploads\/2018\/04\/Geral-e-A%C3%A9cio.jpg?resize=438%2C300 438w\" sizes=\"auto, (max-width: 600px) 100vw, 600px\" \/><figcaption id=\"caption-attachment-17625\" class=\"wp-caption-text\">Alckmin e A\u00e9cio<\/figcaption><\/figure>\n<p>He he he&#8230;<\/p>\n<p>Quem n\u00e3o riu ao ler a declara\u00e7\u00e3o de Geraldo Alckmin sobre A\u00e9cio Neves se tornar r\u00e9u por corrup\u00e7\u00e3o e obstru\u00e7\u00e3o de justi\u00e7a no Supremo Tribunal Federal?<\/p>\n<p>\u201cN\u00e3o existe justi\u00e7a verde, amarela, azul ou vermelha. S\u00f3 existe justi\u00e7a. Decis\u00e3o judicial se respeita e a lei \u00e9 para todos, sem distin\u00e7\u00e3o\u201d, tuitou.<\/p>\n<p>Logo ele, o \u2018santo\u2019 da planilha de propinas da Odebrecht, que vai responder por corrup\u00e7\u00e3o por meio de Caixa 2 na Justi\u00e7a Eleitoral.<\/p>\n<p>E isso, depois de prestar depoimento por escrito e em sigilo ao Superior Tribunal de Justi\u00e7a.<\/p>\n<p>N\u00e3o h\u00e1 l\u00f3gica alguma na equidade que Alckmin tenta talhar no epit\u00e1fio de A\u00e9cio na pol\u00edtica.<\/p>\n<p>Nem por ele ou pelo partido, pode falar que a lei \u00e9 aplicada com a mesma imparcialidade e marcha processual a todos os pol\u00edticos investigados por corrup\u00e7\u00e3o.<\/p>\n<p>Ap\u00f3s duas d\u00e9cadas, enfim, o ex-presidente do PSDB, Eduardo Azeredo, est\u00e1 na imin\u00eancia de ser preso pelo chamado \u2018mensal\u00e3o tucano\u2019, com base no entendimento do STF que levou o ex-presidente Lula \u00e0 pris\u00e3o em apenas 6 meses.<\/p>\n<p>Azeredo aguarda o julgamento dos \u00faltimos recursos de segunda inst\u00e2ncia do seu processo e confia em \u2018Deus\u2019 que ser\u00e1 absolvido.<\/p>\n<p>\u201cEu espero que Deus ilumine os desembargadores\u201d, disse.<\/p>\n<p>A declara\u00e7\u00e3o de Alckmim sobre A\u00e9cio \u00e9, portanto, mais que descaramento ululante.<\/p>\n<p>\u00c9 o jeito que ele arranjou pra se desinvisibilizar na corrida pela presid\u00eancia em que aparece com pat\u00e9tico 1% de inten\u00e7\u00e3o de votos. O \u2018santo\u2019 aposta na estrat\u00e9gia de que por A\u00e9cio virar r\u00e9u, a opini\u00e3o p\u00fablica vai mudar quanto \u00e0 sacanagem que fizeram com Lula s\u00f3 para que n\u00e3o ven\u00e7a as elei\u00e7\u00f5es.<\/p>\n<p>N\u00e3o vai colar.<\/p>\n<p>Segundo a \u00faltima pesquisa Vox Populi, \u201c41% dos brasileiros consideram que Lula foi condenado sem provas, 59% consideram que a pris\u00e3o de Lula foi pol\u00edtica e 58% acham que ele tem o direito de ser candidato novamente \u00e0 presid\u00eancia da Rep\u00fablica, mesmo depois da pris\u00e3o.\u201d<\/p>\n<p>O fato pol\u00edtico mais relevante do pa\u00eds segue sendo o do ex-presidente preso por condena\u00e7\u00e3o sem provas, que lidera com larga vantagem todas as pesquisas de inten\u00e7\u00e3o de votos.<\/p>\n<p>Em todos os cen\u00e1rios o cabra-da-peste Lu\u00eds In\u00e1cio Lula da Silva humilha quem o a\u00e7oita, a m\u00eddia, o STF, tudo.<\/p>\n<p>&nbsp;<\/p>\n<p>&nbsp;<\/p>\n","protected":false},"excerpt":{"rendered":"<p>He he he&#8230; Quem n\u00e3o riu ao ler a declara\u00e7\u00e3o de Geraldo Alckmin sobre A\u00e9cio Neves se tornar r\u00e9u por corrup\u00e7\u00e3o e obstru\u00e7\u00e3o de justi\u00e7a no Supremo Tribunal Federal? \u201cN\u00e3o existe justi\u00e7a verde, amarela, azul ou vermelha. S\u00f3 existe justi\u00e7a. Decis\u00e3o judicial se respeita e a lei \u00e9 para todos, sem distin\u00e7\u00e3o\u201d, tuitou. Logo ele,&#8230;<a class=\"more-link\" href=\"http:\/\/blogdalucianaoliveira.com.br\/blog\/2018\/04\/18\/alckmim-se-porta-como-santo-ao-falar-sobre-aecio\/\">Continue a leitura <span class=\"meta-nav\">&raquo;<\/span><\/a><\/p>\n","protected":false},"author":1,"featured_media":0,"comment_status":"closed","ping_status":"open","sticky":false,"template":"","format":"standard","meta":{"_exactmetrics_skip_tracking":false,"_exactmetrics_sitenote_active":false,"_exactmetrics_sitenote_note":"","_exactmetrics_sitenote_category":0,"jetpack_post_was_ever_published":false,"_jetpack_newsletter_access":"","_jetpack_dont_email_post_to_subs":false,"_jetpack_newsletter_tier_id":0,"_jetpack_memberships_contains_paywalled_content":false,"_jetpack_memberships_contains_paid_content":false,"footnotes":"","jetpack_publicize_message":"","jetpack_publicize_feature_enabled":true,"jetpack_social_post_already_shared":true,"jetpack_social_options":{"image_generator_settings":{"template":"highway","enabled":false},"version":2}},"categories":[1],"tags":[],"class_list":["post-17624","post","type-post","status-publish","format-standard","hentry","category-notas"],"jetpack_publicize_connections":[],"jetpack_sharing_enabled":true,"jetpack_featured_media_url":"","jetpack_shortlink":"https:\/\/wp.me\/p7wKYW-4Ag","jetpack-related-posts":[],"_links":{"self":[{"href":"http:\/\/blogdalucianaoliveira.com.br\/blog\/wp-json\/wp\/v2\/posts\/17624","targetHints":{"allow":["GET"]}}],"collection":[{"href":"http:\/\/blogdalucianaoliveira.com.br\/blog\/wp-json\/wp\/v2\/posts"}],"about":[{"href":"http:\/\/blogdalucianaoliveira.com.br\/blog\/wp-json\/wp\/v2\/types\/post"}],"author":[{"embeddable":true,"href":"http:\/\/blogdalucianaoliveira.com.br\/blog\/wp-json\/wp\/v2\/users\/1"}],"replies":[{"embeddable":true,"href":"http:\/\/blogdalucianaoliveira.com.br\/blog\/wp-json\/wp\/v2\/comments?post=17624"}],"version-history":[{"count":2,"href":"http:\/\/blogdalucianaoliveira.com.br\/blog\/wp-json\/wp\/v2\/posts\/17624\/revisions"}],"predecessor-version":[{"id":17631,"href":"http:\/\/blogdalucianaoliveira.com.br\/blog\/wp-json\/wp\/v2\/posts\/17624\/revisions\/17631"}],"wp:attachment":[{"href":"http:\/\/blogdalucianaoliveira.com.br\/blog\/wp-json\/wp\/v2\/media?parent=17624"}],"wp:term":[{"taxonomy":"category","embeddable":true,"href":"http:\/\/blogdalucianaoliveira.com.br\/blog\/wp-json\/wp\/v2\/categories?post=17624"},{"taxonomy":"post_tag","embeddable":true,"href":"http:\/\/blogdalucianaoliveira.com.br\/blog\/wp-json\/wp\/v2\/tags?post=17624"}],"curies":[{"name":"wp","href":"https:\/\/api.w.org\/{rel}","templated":true}]}}