{"id":17633,"date":"2018-04-18T11:55:19","date_gmt":"2018-04-18T15:55:19","guid":{"rendered":"http:\/\/blogdalucianaoliveira.com.br\/blog\/?p=17633"},"modified":"2018-04-18T11:55:19","modified_gmt":"2018-04-18T15:55:19","slug":"mariana-lidera-ranking-dos-maiores-gastadores-de-rondonia-na-camara-cassol-e-o-senador-do-estado-mais-perdulario-de-2017","status":"publish","type":"post","link":"http:\/\/blogdalucianaoliveira.com.br\/blog\/2018\/04\/18\/mariana-lidera-ranking-dos-maiores-gastadores-de-rondonia-na-camara-cassol-e-o-senador-do-estado-mais-perdulario-de-2017\/","title":{"rendered":"Mariana lidera ranking dos maiores gastadores de Rond\u00f4nia na C\u00e2mara; Cassol \u00e9 o senador do Estado mais perdul\u00e1rio de 2017"},"content":{"rendered":"<p><img data-recalc-dims=\"1\" loading=\"lazy\" decoding=\"async\" data-attachment-id=\"17634\" data-permalink=\"http:\/\/blogdalucianaoliveira.com.br\/blog\/2018\/04\/18\/mariana-lidera-ranking-dos-maiores-gastadores-de-rondonia-na-camara-cassol-e-o-senador-do-estado-mais-perdulario-de-2017\/dn\/\" data-orig-file=\"https:\/\/i0.wp.com\/blogdalucianaoliveira.com.br\/blog\/wp-content\/uploads\/2018\/04\/dn.jpg?fit=700%2C593\" data-orig-size=\"700,593\" data-comments-opened=\"0\" data-image-meta=\"{&quot;aperture&quot;:&quot;0&quot;,&quot;credit&quot;:&quot;&quot;,&quot;camera&quot;:&quot;&quot;,&quot;caption&quot;:&quot;&quot;,&quot;created_timestamp&quot;:&quot;0&quot;,&quot;copyright&quot;:&quot;&quot;,&quot;focal_length&quot;:&quot;0&quot;,&quot;iso&quot;:&quot;0&quot;,&quot;shutter_speed&quot;:&quot;0&quot;,&quot;title&quot;:&quot;&quot;,&quot;orientation&quot;:&quot;1&quot;}\" data-image-title=\"dn\" data-image-description=\"\" data-image-caption=\"\" data-medium-file=\"https:\/\/i0.wp.com\/blogdalucianaoliveira.com.br\/blog\/wp-content\/uploads\/2018\/04\/dn.jpg?fit=300%2C254\" data-large-file=\"https:\/\/i0.wp.com\/blogdalucianaoliveira.com.br\/blog\/wp-content\/uploads\/2018\/04\/dn.jpg?fit=600%2C508\" class=\"alignnone size-full wp-image-17634\" src=\"https:\/\/i0.wp.com\/blogdalucianaoliveira.com.br\/blog\/wp-content\/uploads\/2018\/04\/dn.jpg?resize=600%2C508\" alt=\"dn\" width=\"600\" height=\"508\" srcset=\"https:\/\/i0.wp.com\/blogdalucianaoliveira.com.br\/blog\/wp-content\/uploads\/2018\/04\/dn.jpg?w=700 700w, https:\/\/i0.wp.com\/blogdalucianaoliveira.com.br\/blog\/wp-content\/uploads\/2018\/04\/dn.jpg?resize=300%2C254 300w, https:\/\/i0.wp.com\/blogdalucianaoliveira.com.br\/blog\/wp-content\/uploads\/2018\/04\/dn.jpg?resize=354%2C300 354w\" sizes=\"auto, (max-width: 600px) 100vw, 600px\" \/><\/p>\n<p>Da Coluna O espectador : O povo quer saber<!--more--><\/p>\n<p>Vivemos tempos em que a sociedade quer saber exatamente como e onde os seus recursos s\u00e3o aplicados. Dessa discuss\u00e3o n\u00e3o escapa sequer o Judici\u00e1rio, que enfrenta amplos debates sobre, por exemplo, o recebimento do aux\u00edlio-moradia. Levando isso em conta, \u201cO Espectador\u201d fez um levantamento sobre os gastos dos oito deputados federais de Rond\u00f4nia com a Cota para o Exerc\u00edcio da Atividade Parlamentar de abril de 2017 para c\u00e1. E conclu\u00edmos que&#8230;<\/p>\n<p><img data-recalc-dims=\"1\" loading=\"lazy\" decoding=\"async\" data-attachment-id=\"17635\" data-permalink=\"http:\/\/blogdalucianaoliveira.com.br\/blog\/2018\/04\/18\/mariana-lidera-ranking-dos-maiores-gastadores-de-rondonia-na-camara-cassol-e-o-senador-do-estado-mais-perdulario-de-2017\/cama-02\/\" data-orig-file=\"https:\/\/i0.wp.com\/blogdalucianaoliveira.com.br\/blog\/wp-content\/uploads\/2018\/04\/cama-02.jpg?fit=700%2C665\" data-orig-size=\"700,665\" data-comments-opened=\"0\" data-image-meta=\"{&quot;aperture&quot;:&quot;0&quot;,&quot;credit&quot;:&quot;&quot;,&quot;camera&quot;:&quot;&quot;,&quot;caption&quot;:&quot;&quot;,&quot;created_timestamp&quot;:&quot;0&quot;,&quot;copyright&quot;:&quot;&quot;,&quot;focal_length&quot;:&quot;0&quot;,&quot;iso&quot;:&quot;0&quot;,&quot;shutter_speed&quot;:&quot;0&quot;,&quot;title&quot;:&quot;&quot;,&quot;orientation&quot;:&quot;1&quot;}\" data-image-title=\"cama-02\" data-image-description=\"\" data-image-caption=\"\" data-medium-file=\"https:\/\/i0.wp.com\/blogdalucianaoliveira.com.br\/blog\/wp-content\/uploads\/2018\/04\/cama-02.jpg?fit=300%2C285\" data-large-file=\"https:\/\/i0.wp.com\/blogdalucianaoliveira.com.br\/blog\/wp-content\/uploads\/2018\/04\/cama-02.jpg?fit=600%2C570\" class=\"alignnone size-full wp-image-17635\" src=\"https:\/\/i0.wp.com\/blogdalucianaoliveira.com.br\/blog\/wp-content\/uploads\/2018\/04\/cama-02.jpg?resize=600%2C570\" alt=\"cama-02\" width=\"600\" height=\"570\" srcset=\"https:\/\/i0.wp.com\/blogdalucianaoliveira.com.br\/blog\/wp-content\/uploads\/2018\/04\/cama-02.jpg?w=700 700w, https:\/\/i0.wp.com\/blogdalucianaoliveira.com.br\/blog\/wp-content\/uploads\/2018\/04\/cama-02.jpg?resize=300%2C285 300w, https:\/\/i0.wp.com\/blogdalucianaoliveira.com.br\/blog\/wp-content\/uploads\/2018\/04\/cama-02.jpg?resize=316%2C300 316w\" sizes=\"auto, (max-width: 600px) 100vw, 600px\" \/><\/p>\n<p><strong>Ranking do meio milh\u00e3o<\/strong><\/p>\n<p>A deputada federal Mariana Carvalho, do PSDB, foi a mais gastadora, digamos assim. No per\u00edodo apontado, a congressista torrou exatos R$ 552.221,95. Logo em seguida vem Marcos Rog\u00e9rio (DEM), com disp\u00eandios de R$ 522.351,01; Nilton Capixaba (PTB), com R$ 511.418,43, e Lindomar Gar\u00e7on (PRB) com R$ 502.368,28 \u2013 todos eles ultrapassaram a marca de meio milh\u00e3o de reais.<\/p>\n<p><img data-recalc-dims=\"1\" decoding=\"async\" class=\"entry-thumb\" src=\"https:\/\/i0.wp.com\/www.rondoniadinamica.com\/uploads\/122211.jpg?w=600\" alt=\"\" \/><br \/>\n<em>Na faixa dos R$ 400 mil, Netto foi o mais gastador \/ Reprodu\u00e7\u00e3o-YouTube<\/em><\/p>\n<p><strong>Abaixo<\/strong><\/p>\n<p>Logo depois surgem os deputados Expedito Netto (SD), com R$ 479.031,32; L\u00facio Mosquini (MDB), com R$ 471.213,70; Luiz Cl\u00e1udio (PP), com R$ 456.117,49, e, por fim, Marinha Raupp, tamb\u00e9m emedebista, com o gasto de R$ 447.457,20.<\/p>\n<p><strong>Total da brincadeira<\/strong><\/p>\n<p>O valor total desembolsado pelos parlamentares de Rond\u00f4nia chega a R$ 3.965.516,34.<\/p>\n<p><strong>Sal\u00e1rio m\u00ednimo para 4,1 mil pessoas<\/strong><\/p>\n<p>Com o valor alcan\u00e7ado, s\u00f3 para se ter ideia, seria poss\u00edvel pagar um m\u00eas de sal\u00e1rio m\u00ednimo, atualmente fixado em R$ 954,00, a 4.156 pessoas \u2013 e ainda sobrariam uns quebradinhos.<\/p>\n<p><img data-recalc-dims=\"1\" decoding=\"async\" class=\"entry-thumb\" src=\"https:\/\/i0.wp.com\/www.rondoniadinamica.com\/uploads\/ksol.jpg?w=600\" alt=\"\" \/><br \/>\n<em>Cassol foi o senador de Rond\u00f4nia que mais gastou em 2017 \/ Imagem: Divulga\u00e7\u00e3o<\/em><\/p>\n<p><strong>E o trof\u00e9u Senador Perdul\u00e1rio vai para&#8230;<\/strong><\/p>\n<p>Em 2017, os senadores Acir Gurgacz (PDT), Valdir Raupp (MDB) e Ivo Cassol (PP) tamb\u00e9m gastaram uma boa grana. Cassol\u00a0\u00e9 o \u201ccampe\u00e3o\u201d do ano passado, com R$ 414.696,19; logo em seguida vem Raupp com gastos na ordem de R$ 412.549,02, e finalmente Gurgacz \u2013 \u00a0com R$ 400.382,50. \u00a0Total de R$ 1.227.627,71. O trof\u00e9u\u00a0<em>Senador Perdul\u00e1rio<\/em>\u00a0fica, ent\u00e3o, com o progressista. Parab\u00e9ns, ex-governador!<\/p>\n<p><strong>Transpar\u00eancia?<\/strong><\/p>\n<p>N\u00e3o h\u00e1 transpar\u00eancia no controle de gastos na C\u00e2mara nem no Senado. O usu\u00e1rio comum quando tenta acessar os conte\u00fados das notas fiscais dos servi\u00e7os realizados pelos parlamentares geralmente se depara com os seguintes dizeres: documento indispon\u00edvel. Resumidamente, voc\u00ea custeia a atividade dos pol\u00edticos, mas n\u00e3o pode saber especificamente com o qu\u00ea.<\/p>\n<p><img data-recalc-dims=\"1\" decoding=\"async\" class=\"entry-thumb\" src=\"https:\/\/i0.wp.com\/www.rondoniadinamica.com\/uploads\/notas.jpg?w=600\" alt=\"\" \/><br \/>\n<em>O dif\u00edcil acesso \u00e0 informa\u00e7\u00e3o \/ Imagem: Reprodu\u00e7\u00e3o<\/em><\/p>\n<p><strong>Moral\/legal<\/strong><\/p>\n<p>A gastan\u00e7a dos congressistas \u00e9 legal, porque h\u00e1 previs\u00e3o em lei; mas \u00e9 \u00f3bvio que moralmente um pol\u00edtico gastar R$ 552 mil em 365 dias, ou seja, R$ 1.512,00 a cada 24h, \u00e9 o suprassumo do despudor.<\/p>\n<p><img data-recalc-dims=\"1\" decoding=\"async\" class=\"entry-thumb\" src=\"https:\/\/i0.wp.com\/www.rondoniadinamica.com\/uploads\/fala.jpg?w=600\" alt=\"\" \/><br \/>\n<em>Cassol sabe onde fica Rond\u00f4nia, certo? Ent\u00e3o a Ag\u00eancia Senado errou feio&#8230;<\/em><\/p>\n<p><strong>Desista, n\u00f3s moramos em Roraima<\/strong><\/p>\n<p>Falando em Cassol, a pr\u00f3pria Ag\u00eancia Senado n\u00e3o sabe diferenciar Rond\u00f4nia de Roraima, RO de RR. Ent\u00e3o que se exploda, n\u00e9? N\u00f3s somos de Roraima.\u00a0<a href=\"https:\/\/www12.senado.leg.br\/noticias\/materias\/2018\/04\/17\/ivo-cassol-acusa-ex-governador-de-rondonia-de-quebrar-o-estado\" target=\"_blank\"><u><strong>Confira aqui<\/strong><\/u><\/a>\u00a0antes que corrijam.<\/p>\n<p><strong>A\u00e7\u00e3o popular contra Jesualdo<\/strong><\/p>\n<p>A ju\u00edza de Direito Ana Val\u00e9ria de Queiroz Santiago Zipparro julgou improcedente a\u00e7\u00e3o popular movida contra o ex-prefeito de Ji-Paran\u00e1 Jesualdo Pires (PSB). O autor da a\u00e7\u00e3o, \u00a0Luiz Ant\u00f4nio Albuquerque, alegou que Jesualdo nomeou Solange Mendes Code\u00e7o Pereira ao cargo de secret\u00e1ria da Regulariza\u00e7\u00e3o do Munic\u00edpio de Ji-Paran\u00e1 \u201cpor indica\u00e7\u00e3o partid\u00e1ria\u201d. Destacou, ainda, que Solange Mendes foi condenada por improbidade e que esta n\u00e3o teria a \u201chonestidade que o cargo exige\u201d.<\/p>\n<p><img data-recalc-dims=\"1\" decoding=\"async\" class=\"entry-thumb\" src=\"https:\/\/i0.wp.com\/www.rondoniadinamica.com\/uploads\/extratojipa.jpg?w=600\" alt=\"\" \/><br \/>\n<em>Jesualdo se livrou de a\u00e7\u00e3o popular em primeira inst\u00e2ncia \/ Foto: Divulga\u00e7\u00e3o<\/em><\/p>\n<p><strong>Calma l\u00e1&#8230;<\/strong><\/p>\n<p>A magistrada pontuou que, embora Solange tenha sido condenada por improbidade, \u201cn\u00e3o fora declarada sua inelegibilidade prevista no art. 1\u00ba, I, \u201cL\u201d, da Lei 64\/90, qual incide sobre candidatos que tenham sido condenados por abuso de poder p\u00fablico ou econ\u00f4mico\u201d. Mais adiante sacramentou: \u201cDesse modo, a nomea\u00e7\u00e3o da parte requerida, Solange Mendes Code\u00e7o Pereira, pelo Prefeito Jesualdo Pires na data de 13 de mar\u00e7o de 2017, por meio do Decreto n\u00ba 7362\/GAB\/PM\/JP\/2017, conforme Id n\u00ba 9052320, atendeu aos crit\u00e9rios objetivos descritos na legisla\u00e7\u00e3o\u201d.<\/p>\n<p><img data-recalc-dims=\"1\" decoding=\"async\" class=\"entry-thumb\" src=\"https:\/\/i0.wp.com\/www.rondoniadinamica.com\/uploads\/cc_1.jpg?w=600\" alt=\"\" \/><br \/>\n<em>Cravinhos foi preso suspeito de agredir mulher e tentar subornar policiais em Sorocaba (SP)<br \/>\n(Foto: Carlos Dias)<\/em><\/p>\n<p><strong>O crime cravado<\/strong><\/p>\n<p>O G1 publicou\u00a0<a href=\"https:\/\/g1.globo.com\/sp\/sorocaba-jundiai\/noticia\/cristian-cravinhos-e-preso-suspeito-de-agredir-mulher-e-tentar-subornar-policiais-no-interior-de-sp.ghtml\" target=\"_blank\"><u><strong>\u201cCristian Cravinhos \u00e9 preso suspeito de agredir mulher e tentar subornar policiais no interior de SP\u201d<\/strong><\/u><\/a>. Uma leitura apurada indica que, por ora, os ind\u00edcios s\u00e3o apenas testemunhais; entretanto, se comprovadas as acusa\u00e7\u00f5es, Cristian Cravinhos \u2013 condenado pela\u00a0morte dos pais de Suzane Richthofen \u2013 demonstrar\u00e1 que em alguns casos n\u00e3o h\u00e1 o que recuperar: o crime est\u00e1, de fato, cravado na alma e encrostado \u00e0 personalidade.<\/p>\n<p><strong>Contato<\/strong><\/p>\n<p>Estamos \u00e0 disposi\u00e7\u00e3o atrav\u00e9s do e-mail\u00a0<u><strong>viniciuscanova89@gmail.com<\/strong><\/u>. Lembre-se:\u00a0<strong>\u201cO Espectador\u201d<\/strong>\u00a0\u00e9 veiculada originalmente no\u00a0Rond\u00f4nia Din\u00e2mica, mas a reprodu\u00e7\u00e3o est\u00e1 autorizada desde que citada a fonte.<\/p>\n<p><strong>Autor \/ Fonte: Vinicius Canova \/ O Espectador<\/strong><\/p>\n","protected":false},"excerpt":{"rendered":"<p>Da Coluna O espectador : O povo quer saber<\/p>\n","protected":false},"author":1,"featured_media":0,"comment_status":"closed","ping_status":"open","sticky":false,"template":"","format":"standard","meta":{"_exactmetrics_skip_tracking":false,"_exactmetrics_sitenote_active":false,"_exactmetrics_sitenote_note":"","_exactmetrics_sitenote_category":0,"jetpack_post_was_ever_published":false,"_jetpack_newsletter_access":"","_jetpack_dont_email_post_to_subs":false,"_jetpack_newsletter_tier_id":0,"_jetpack_memberships_contains_paywalled_content":false,"_jetpack_memberships_contains_paid_content":false,"footnotes":"","jetpack_publicize_message":"","jetpack_publicize_feature_enabled":true,"jetpack_social_post_already_shared":true,"jetpack_social_options":{"image_generator_settings":{"template":"highway","enabled":false},"version":2}},"categories":[1],"tags":[],"class_list":["post-17633","post","type-post","status-publish","format-standard","hentry","category-notas"],"jetpack_publicize_connections":[],"jetpack_sharing_enabled":true,"jetpack_featured_media_url":"","jetpack_shortlink":"https:\/\/wp.me\/p7wKYW-4Ap","jetpack-related-posts":[],"_links":{"self":[{"href":"http:\/\/blogdalucianaoliveira.com.br\/blog\/wp-json\/wp\/v2\/posts\/17633","targetHints":{"allow":["GET"]}}],"collection":[{"href":"http:\/\/blogdalucianaoliveira.com.br\/blog\/wp-json\/wp\/v2\/posts"}],"about":[{"href":"http:\/\/blogdalucianaoliveira.com.br\/blog\/wp-json\/wp\/v2\/types\/post"}],"author":[{"embeddable":true,"href":"http:\/\/blogdalucianaoliveira.com.br\/blog\/wp-json\/wp\/v2\/users\/1"}],"replies":[{"embeddable":true,"href":"http:\/\/blogdalucianaoliveira.com.br\/blog\/wp-json\/wp\/v2\/comments?post=17633"}],"version-history":[{"count":1,"href":"http:\/\/blogdalucianaoliveira.com.br\/blog\/wp-json\/wp\/v2\/posts\/17633\/revisions"}],"predecessor-version":[{"id":17636,"href":"http:\/\/blogdalucianaoliveira.com.br\/blog\/wp-json\/wp\/v2\/posts\/17633\/revisions\/17636"}],"wp:attachment":[{"href":"http:\/\/blogdalucianaoliveira.com.br\/blog\/wp-json\/wp\/v2\/media?parent=17633"}],"wp:term":[{"taxonomy":"category","embeddable":true,"href":"http:\/\/blogdalucianaoliveira.com.br\/blog\/wp-json\/wp\/v2\/categories?post=17633"},{"taxonomy":"post_tag","embeddable":true,"href":"http:\/\/blogdalucianaoliveira.com.br\/blog\/wp-json\/wp\/v2\/tags?post=17633"}],"curies":[{"name":"wp","href":"https:\/\/api.w.org\/{rel}","templated":true}]}}