{"id":17637,"date":"2018-04-19T09:14:42","date_gmt":"2018-04-19T13:14:42","guid":{"rendered":"http:\/\/blogdalucianaoliveira.com.br\/blog\/?p=17637"},"modified":"2018-04-19T09:14:42","modified_gmt":"2018-04-19T13:14:42","slug":"dia-do-indio-nasceu-de-congresso-indigenista-de-1940","status":"publish","type":"post","link":"http:\/\/blogdalucianaoliveira.com.br\/blog\/2018\/04\/19\/dia-do-indio-nasceu-de-congresso-indigenista-de-1940\/","title":{"rendered":"Dia do \u00cdndio nasceu de Congresso Indigenista de 1940"},"content":{"rendered":"<p><img data-recalc-dims=\"1\" loading=\"lazy\" decoding=\"async\" data-attachment-id=\"17638\" data-permalink=\"http:\/\/blogdalucianaoliveira.com.br\/blog\/2018\/04\/19\/dia-do-indio-nasceu-de-congresso-indigenista-de-1940\/4a1d8988-2207-4eeb-b891-559f9e630c3e\/\" data-orig-file=\"https:\/\/i0.wp.com\/blogdalucianaoliveira.com.br\/blog\/wp-content\/uploads\/2018\/04\/4A1D8988-2207-4EEB-B891-559F9E630C3E.jpeg?fit=960%2C538\" data-orig-size=\"960,538\" data-comments-opened=\"0\" data-image-meta=\"{&quot;aperture&quot;:&quot;0&quot;,&quot;credit&quot;:&quot;&quot;,&quot;camera&quot;:&quot;&quot;,&quot;caption&quot;:&quot;&quot;,&quot;created_timestamp&quot;:&quot;0&quot;,&quot;copyright&quot;:&quot;&quot;,&quot;focal_length&quot;:&quot;0&quot;,&quot;iso&quot;:&quot;0&quot;,&quot;shutter_speed&quot;:&quot;0&quot;,&quot;title&quot;:&quot;&quot;,&quot;orientation&quot;:&quot;1&quot;}\" data-image-title=\"4A1D8988-2207-4EEB-B891-559F9E630C3E\" data-image-description=\"\" data-image-caption=\"\" data-medium-file=\"https:\/\/i0.wp.com\/blogdalucianaoliveira.com.br\/blog\/wp-content\/uploads\/2018\/04\/4A1D8988-2207-4EEB-B891-559F9E630C3E.jpeg?fit=300%2C168\" data-large-file=\"https:\/\/i0.wp.com\/blogdalucianaoliveira.com.br\/blog\/wp-content\/uploads\/2018\/04\/4A1D8988-2207-4EEB-B891-559F9E630C3E.jpeg?fit=600%2C336\" class=\"alignnone size-full wp-image-17638\" src=\"https:\/\/i0.wp.com\/blogdalucianaoliveira.com.br\/blog\/wp-content\/uploads\/2018\/04\/4A1D8988-2207-4EEB-B891-559F9E630C3E.jpeg?resize=600%2C336\" alt=\"4A1D8988-2207-4EEB-B891-559F9E630C3E\" width=\"600\" height=\"336\" srcset=\"https:\/\/i0.wp.com\/blogdalucianaoliveira.com.br\/blog\/wp-content\/uploads\/2018\/04\/4A1D8988-2207-4EEB-B891-559F9E630C3E.jpeg?w=960 960w, https:\/\/i0.wp.com\/blogdalucianaoliveira.com.br\/blog\/wp-content\/uploads\/2018\/04\/4A1D8988-2207-4EEB-B891-559F9E630C3E.jpeg?resize=300%2C168 300w, https:\/\/i0.wp.com\/blogdalucianaoliveira.com.br\/blog\/wp-content\/uploads\/2018\/04\/4A1D8988-2207-4EEB-B891-559F9E630C3E.jpeg?resize=768%2C430 768w, https:\/\/i0.wp.com\/blogdalucianaoliveira.com.br\/blog\/wp-content\/uploads\/2018\/04\/4A1D8988-2207-4EEB-B891-559F9E630C3E.jpeg?resize=535%2C300 535w\" sizes=\"auto, (max-width: 600px) 100vw, 600px\" \/><\/p>\n<p>Na Folha de S\u00e3o Paulo &#8211; A data de 19 de abril foi escolhida como Dia do \u00cdndio no Primeiro Congresso Indigenista Interamericano, realizado na cidade de Patzcuaro, no M\u00e9xico, em 1940. Foi nesse dia que os representantes dos povos ind\u00edgenas come\u00e7aram a participar efetivamente do encontro. <!--more--><\/p>\n<p>De acordo com a recomenda\u00e7\u00e3o aprovada na \u00e9poca, a data \u00e9 dedicada aos estudos das quest\u00f5es ind\u00edgenas nas institui\u00e7\u00f5es de ensino. No Brasil, o Dia do \u00cdndio foi institu\u00eddo por meio de um decreto-lei de Get\u00falio Vargas de 1943.<\/p>\n<p>O encontro no M\u00e9xico foi de 14 a 24 de abril, com representantes de quase todos os pa\u00edses da Am\u00e9rica. Apenas Paraguai e Haiti n\u00e3o enviaram delega\u00e7\u00e3o. O Brasil foi representado por Roquette Pinto, na \u00e9poca membro do Conselho Nacional do Servi\u00e7o de Prote\u00e7\u00e3o ao \u00cdndio. <\/p>\n<p>Apesar de o Congresso ser voltado a temas ind\u00edgenas, somente quatro pa\u00edses contavam oficialmente com \u00edndios em suas delega\u00e7\u00f5es: Estados Unidos, M\u00e9xico, Panam\u00e1 e Chile. Da\u00ed o receio inicial que tinham de participar da assembleia.<\/p>\n<p>Estima-se que, antes do Descobrimento do Brasil, havia cerca 8 milh\u00f5es de habitantes na regi\u00e3o da Amaz\u00f4nia. Atualmente, quase 900 mil pessoas declaram-se ind\u00edgenas em um total de 305 etnias, de acordo com o IBGE. As l\u00ednguas ind\u00edgenas faladas chegam a 274, segundo o instituto.<\/p>\n<p>As 480 terras ind\u00edgenas reconhecidas pelo Estado ocupam mais de 1 milh\u00e3o de quil\u00f4metros quadrados, 12,5% do territ\u00f3rio nacional, sendo 98% de sua \u00e1rea na Amaz\u00f4nia Legal.<\/p>\n<p>De acordo com a Constitui\u00e7\u00e3o, &#8220;s\u00e3o reconhecidos aos \u00edndios sua organiza\u00e7\u00e3o social, costumes, l\u00ednguas, cren\u00e7as e tradi\u00e7\u00f5es, e os direitos origin\u00e1rios sobre as terras que tradicionalmente ocupam, competindo \u00e0 Uni\u00e3o demarc\u00e1-las, proteger e fazer respeitar todos os seus bens&#8221;.<\/p>\n","protected":false},"excerpt":{"rendered":"<p>Na Folha de S\u00e3o Paulo &#8211; A data de 19 de abril foi escolhida como Dia do \u00cdndio no Primeiro Congresso Indigenista Interamericano, realizado na cidade de Patzcuaro, no M\u00e9xico, em 1940. Foi nesse dia que os representantes dos povos ind\u00edgenas come\u00e7aram a participar efetivamente do encontro.<\/p>\n","protected":false},"author":1,"featured_media":0,"comment_status":"closed","ping_status":"open","sticky":false,"template":"","format":"standard","meta":{"_exactmetrics_skip_tracking":false,"_exactmetrics_sitenote_active":false,"_exactmetrics_sitenote_note":"","_exactmetrics_sitenote_category":0,"jetpack_post_was_ever_published":false,"_jetpack_newsletter_access":"","_jetpack_dont_email_post_to_subs":false,"_jetpack_newsletter_tier_id":0,"_jetpack_memberships_contains_paywalled_content":false,"_jetpack_memberships_contains_paid_content":false,"footnotes":"","jetpack_publicize_message":"","jetpack_publicize_feature_enabled":true,"jetpack_social_post_already_shared":true,"jetpack_social_options":{"image_generator_settings":{"template":"highway","enabled":false},"version":2}},"categories":[1],"tags":[],"class_list":["post-17637","post","type-post","status-publish","format-standard","hentry","category-notas"],"jetpack_publicize_connections":[],"jetpack_sharing_enabled":true,"jetpack_featured_media_url":"","jetpack_shortlink":"https:\/\/wp.me\/p7wKYW-4At","jetpack-related-posts":[],"_links":{"self":[{"href":"http:\/\/blogdalucianaoliveira.com.br\/blog\/wp-json\/wp\/v2\/posts\/17637","targetHints":{"allow":["GET"]}}],"collection":[{"href":"http:\/\/blogdalucianaoliveira.com.br\/blog\/wp-json\/wp\/v2\/posts"}],"about":[{"href":"http:\/\/blogdalucianaoliveira.com.br\/blog\/wp-json\/wp\/v2\/types\/post"}],"author":[{"embeddable":true,"href":"http:\/\/blogdalucianaoliveira.com.br\/blog\/wp-json\/wp\/v2\/users\/1"}],"replies":[{"embeddable":true,"href":"http:\/\/blogdalucianaoliveira.com.br\/blog\/wp-json\/wp\/v2\/comments?post=17637"}],"version-history":[{"count":1,"href":"http:\/\/blogdalucianaoliveira.com.br\/blog\/wp-json\/wp\/v2\/posts\/17637\/revisions"}],"predecessor-version":[{"id":17639,"href":"http:\/\/blogdalucianaoliveira.com.br\/blog\/wp-json\/wp\/v2\/posts\/17637\/revisions\/17639"}],"wp:attachment":[{"href":"http:\/\/blogdalucianaoliveira.com.br\/blog\/wp-json\/wp\/v2\/media?parent=17637"}],"wp:term":[{"taxonomy":"category","embeddable":true,"href":"http:\/\/blogdalucianaoliveira.com.br\/blog\/wp-json\/wp\/v2\/categories?post=17637"},{"taxonomy":"post_tag","embeddable":true,"href":"http:\/\/blogdalucianaoliveira.com.br\/blog\/wp-json\/wp\/v2\/tags?post=17637"}],"curies":[{"name":"wp","href":"https:\/\/api.w.org\/{rel}","templated":true}]}}