{"id":17655,"date":"2018-04-19T11:55:51","date_gmt":"2018-04-19T15:55:51","guid":{"rendered":"http:\/\/blogdalucianaoliveira.com.br\/blog\/?p=17655"},"modified":"2018-04-19T11:55:51","modified_gmt":"2018-04-19T15:55:51","slug":"partidos-de-oposicao-lancam-manifesto-em-defesa-da-democracia","status":"publish","type":"post","link":"http:\/\/blogdalucianaoliveira.com.br\/blog\/2018\/04\/19\/partidos-de-oposicao-lancam-manifesto-em-defesa-da-democracia\/","title":{"rendered":"Partidos de oposi\u00e7\u00e3o lan\u00e7am manifesto em defesa da democracia"},"content":{"rendered":"<p><img data-recalc-dims=\"1\" loading=\"lazy\" decoding=\"async\" data-attachment-id=\"17656\" data-permalink=\"http:\/\/blogdalucianaoliveira.com.br\/blog\/2018\/04\/19\/partidos-de-oposicao-lancam-manifesto-em-defesa-da-democracia\/prog\/\" data-orig-file=\"https:\/\/i0.wp.com\/blogdalucianaoliveira.com.br\/blog\/wp-content\/uploads\/2018\/04\/prog.jpg?fit=640%2C369\" data-orig-size=\"640,369\" data-comments-opened=\"0\" data-image-meta=\"{&quot;aperture&quot;:&quot;0&quot;,&quot;credit&quot;:&quot;&quot;,&quot;camera&quot;:&quot;&quot;,&quot;caption&quot;:&quot;&quot;,&quot;created_timestamp&quot;:&quot;0&quot;,&quot;copyright&quot;:&quot;&quot;,&quot;focal_length&quot;:&quot;0&quot;,&quot;iso&quot;:&quot;0&quot;,&quot;shutter_speed&quot;:&quot;0&quot;,&quot;title&quot;:&quot;&quot;,&quot;orientation&quot;:&quot;0&quot;}\" data-image-title=\"prog\" data-image-description=\"\" data-image-caption=\"\" data-medium-file=\"https:\/\/i0.wp.com\/blogdalucianaoliveira.com.br\/blog\/wp-content\/uploads\/2018\/04\/prog.jpg?fit=300%2C173\" data-large-file=\"https:\/\/i0.wp.com\/blogdalucianaoliveira.com.br\/blog\/wp-content\/uploads\/2018\/04\/prog.jpg?fit=600%2C346\" src=\"https:\/\/i0.wp.com\/blogdalucianaoliveira.com.br\/blog\/wp-content\/uploads\/2018\/04\/prog.jpg?resize=600%2C346\" alt=\"prog\" width=\"600\" height=\"346\" class=\"alignnone size-full wp-image-17656\" srcset=\"https:\/\/i0.wp.com\/blogdalucianaoliveira.com.br\/blog\/wp-content\/uploads\/2018\/04\/prog.jpg?w=640 640w, https:\/\/i0.wp.com\/blogdalucianaoliveira.com.br\/blog\/wp-content\/uploads\/2018\/04\/prog.jpg?resize=300%2C173 300w, https:\/\/i0.wp.com\/blogdalucianaoliveira.com.br\/blog\/wp-content\/uploads\/2018\/04\/prog.jpg?resize=520%2C300 520w\" sizes=\"auto, (max-width: 600px) 100vw, 600px\" \/><\/p>\n<p>Iniciativa re\u00fane PT, PCdoB, Psol, PDT, PSB, PCB e PCO, al\u00e9m das Frentes Brasil Popular e Povo sem Medo<!--more--><\/p>\n<p>Cristiane Sampaio<br \/>\nBrasil de Fato | Bras\u00edlia (DF)<\/p>\n<p>Sete partidos do campo progressista lan\u00e7aram, nesta quarta-feira (18), na C\u00e2mara Federal, em Bras\u00edlia (DF), o \u201cManifesto pela democracia, a soberania nacional e os direitos do povo brasileiro\u201d.<\/p>\n<p>O documento formaliza o di\u00e1logo institucional entre PT, PCdoB, Psol, PDT, PSB, PCB e PCO para compor uma ampla rede de defesa dos valores democr\u00e1ticos. As Frentes Brasil Popular (FBP) e Povo sem Medo tamb\u00e9m assinam o manifesto.<\/p>\n<p>A presidenta do PCdoB, Luciana Santos, explicou que os grupos buscam uma afinidade program\u00e1tica que possa n\u00e3o s\u00f3 retirar o pa\u00eds da crise generalizada, mas tamb\u00e9m resgatar direitos que estariam em xeque no atual contexto.  <\/p>\n<p>Segundo ela, o lan\u00e7amento \u00e9 um ponto de partida para aglutinar diversos apoios. A frente pretende buscar entidades, igrejas, organiza\u00e7\u00f5es pol\u00edticas e atores do setor produtivo. \u201cIsso aqui \u00e9 um embri\u00e3o para um grande entendimento, para um pacto\u201d, completou a presidenta.    <\/p>\n<p>Segundo os articuladores, a ideia do movimento \u00e9 estimular um amplo debate nacional a partir de tr\u00eas eixos de atua\u00e7\u00e3o. O primeiro deles \u00e9 a defesa das liberdades democr\u00e1ticas, dos direitos pol\u00edticos e de elei\u00e7\u00f5es livres.<\/p>\n<p>A pris\u00e3o do ex-presidente Lula (PT) foi lembrada por todos os presentes como um a tentativa de manipula\u00e7\u00e3o do jogo eleitoral de 2018.<\/p>\n<p>O presidente do Psol, Juliano Medeiros, assinalou que o momento atual pede uma uni\u00e3o das diferentes for\u00e7as progressistas em defesa da democracia. \u201cHoje foi o Lula que foi preso sem provas, amanh\u00e3 pode ser uma lideran\u00e7a do Psol, do PDT, do PSB, do PCdoB, do PCB\u201d, enfatizou.<\/p>\n<p>O enfrentamento \u00e0 viol\u00eancia disseminada por grupos de extrema-direita \u00e9 o segundo eixo do manifesto. A rede progressista pretende fortalecer o combate ao discurso de \u00f3dio e \u00e0s diferentes facetas da viol\u00eancia. <\/p>\n<p>O psolista destacou, por exemplo, que o cerceamento das liberdades pol\u00edticas \u00e9 respons\u00e1vel direto pelo assassinato de lideran\u00e7as. Ele lembrou a morte da vereadora carioca Marielle Santos (Psol) e de outros l\u00edderes.<\/p>\n<p>Somente em 2017, a Comiss\u00e3o Pastoral da Terra (CPT) registrou 70 assassinatos decorrentes de conflitos no campo.     <\/p>\n<p>\u201cAs diverg\u00eancias pol\u00edticas deram lugar a uma escalada preocupante de viol\u00eancia pol\u00edtica, \u00f3dio e intoler\u00e2ncia\u201d, ressaltou Medeiros.<\/p>\n<p>A presidenta do PT, Gleisi Hoffmann, destacou a preocupa\u00e7\u00e3o com a atual postura do Estado brasileiro diante dos ataques aos setores populares e progressistas e informou que a frente pretende ampliar as den\u00fancias dentro e fora do pa\u00eds.   <\/p>\n<p>\u201cN\u00e3o podemos deixar isso ser naturalizado. \u00c9 obriga\u00e7\u00e3o da gente se unir agora pra enfrentar a barbaridade que h\u00e1 no Brasil e fazer com que isso se torne p\u00fablico aos olhos do mundo\u201d, completou.   <\/p>\n<p>O terceiro eixo program\u00e1tico \u00e9 a defesa dos direitos sociais, da soberania e do patrim\u00f4nio nacionais.<\/p>\n<p>O documento ressalta o combate ao desmonte de direitos historicamente conquistados, como as garantias trabalhistas, e \u00e0 pol\u00edtica de privatiza\u00e7\u00f5es. A flexibiliza\u00e7\u00e3o da legisla\u00e7\u00e3o ambiental tamb\u00e9m \u00e9 citada no manifesto.<\/p>\n<p>O dirigente Alexandre Concei\u00e7\u00e3o, do Movimento dos Trabalhadores Rurais sem Terra (MST), destacou a import\u00e2ncia de o documento se converter em novas e maiores mobiliza\u00e7\u00f5es populares pela garantia de direitos. \u201cEle s\u00f3 ter\u00e1 beleza quando tiver vida nas ruas. \u00c9 momento de rua, de unidade popular, pra que a gente possa avan\u00e7ar e transformar esse manifesto na vit\u00f3ria democr\u00e1tica e popular\u201d, bradou.  <\/p>\n<p>Segundo os organizadores, o manifesto continua aberto para novas ades\u00f5es.<\/p>\n<p>Edi\u00e7\u00e3o: Diego Sartorato<\/p>\n","protected":false},"excerpt":{"rendered":"<p>Iniciativa re\u00fane PT, PCdoB, Psol, PDT, PSB, PCB e PCO, al\u00e9m das Frentes Brasil Popular e Povo sem Medo<\/p>\n","protected":false},"author":1,"featured_media":0,"comment_status":"closed","ping_status":"open","sticky":false,"template":"","format":"standard","meta":{"_exactmetrics_skip_tracking":false,"_exactmetrics_sitenote_active":false,"_exactmetrics_sitenote_note":"","_exactmetrics_sitenote_category":0,"jetpack_post_was_ever_published":false,"_jetpack_newsletter_access":"","_jetpack_dont_email_post_to_subs":false,"_jetpack_newsletter_tier_id":0,"_jetpack_memberships_contains_paywalled_content":false,"_jetpack_memberships_contains_paid_content":false,"footnotes":"","jetpack_publicize_message":"","jetpack_publicize_feature_enabled":true,"jetpack_social_post_already_shared":true,"jetpack_social_options":{"image_generator_settings":{"template":"highway","enabled":false},"version":2}},"categories":[1],"tags":[],"class_list":["post-17655","post","type-post","status-publish","format-standard","hentry","category-notas"],"jetpack_publicize_connections":[],"jetpack_sharing_enabled":true,"jetpack_featured_media_url":"","jetpack_shortlink":"https:\/\/wp.me\/p7wKYW-4AL","jetpack-related-posts":[],"_links":{"self":[{"href":"http:\/\/blogdalucianaoliveira.com.br\/blog\/wp-json\/wp\/v2\/posts\/17655","targetHints":{"allow":["GET"]}}],"collection":[{"href":"http:\/\/blogdalucianaoliveira.com.br\/blog\/wp-json\/wp\/v2\/posts"}],"about":[{"href":"http:\/\/blogdalucianaoliveira.com.br\/blog\/wp-json\/wp\/v2\/types\/post"}],"author":[{"embeddable":true,"href":"http:\/\/blogdalucianaoliveira.com.br\/blog\/wp-json\/wp\/v2\/users\/1"}],"replies":[{"embeddable":true,"href":"http:\/\/blogdalucianaoliveira.com.br\/blog\/wp-json\/wp\/v2\/comments?post=17655"}],"version-history":[{"count":1,"href":"http:\/\/blogdalucianaoliveira.com.br\/blog\/wp-json\/wp\/v2\/posts\/17655\/revisions"}],"predecessor-version":[{"id":17657,"href":"http:\/\/blogdalucianaoliveira.com.br\/blog\/wp-json\/wp\/v2\/posts\/17655\/revisions\/17657"}],"wp:attachment":[{"href":"http:\/\/blogdalucianaoliveira.com.br\/blog\/wp-json\/wp\/v2\/media?parent=17655"}],"wp:term":[{"taxonomy":"category","embeddable":true,"href":"http:\/\/blogdalucianaoliveira.com.br\/blog\/wp-json\/wp\/v2\/categories?post=17655"},{"taxonomy":"post_tag","embeddable":true,"href":"http:\/\/blogdalucianaoliveira.com.br\/blog\/wp-json\/wp\/v2\/tags?post=17655"}],"curies":[{"name":"wp","href":"https:\/\/api.w.org\/{rel}","templated":true}]}}