{"id":17664,"date":"2018-04-19T12:15:47","date_gmt":"2018-04-19T16:15:47","guid":{"rendered":"http:\/\/blogdalucianaoliveira.com.br\/blog\/?p=17664"},"modified":"2018-04-19T12:15:47","modified_gmt":"2018-04-19T16:15:47","slug":"temer-retira-dinheiro-do-combate-a-violencia-contra-a-mulher-para-usar-em-publicidade","status":"publish","type":"post","link":"http:\/\/blogdalucianaoliveira.com.br\/blog\/2018\/04\/19\/temer-retira-dinheiro-do-combate-a-violencia-contra-a-mulher-para-usar-em-publicidade\/","title":{"rendered":"Temer retira dinheiro do combate \u00e0 viol\u00eancia contra a mulher para usar em publicidade"},"content":{"rendered":"<div class=\"container\">\n<p class=\"description\"><img data-recalc-dims=\"1\" loading=\"lazy\" decoding=\"async\" data-attachment-id=\"17665\" data-permalink=\"http:\/\/blogdalucianaoliveira.com.br\/blog\/2018\/04\/19\/temer-retira-dinheiro-do-combate-a-violencia-contra-a-mulher-para-usar-em-publicidade\/caooo\/\" data-orig-file=\"https:\/\/i0.wp.com\/blogdalucianaoliveira.com.br\/blog\/wp-content\/uploads\/2018\/04\/caooo.jpg?fit=867%2C577\" data-orig-size=\"867,577\" data-comments-opened=\"0\" data-image-meta=\"{&quot;aperture&quot;:&quot;0&quot;,&quot;credit&quot;:&quot;&quot;,&quot;camera&quot;:&quot;&quot;,&quot;caption&quot;:&quot;&quot;,&quot;created_timestamp&quot;:&quot;0&quot;,&quot;copyright&quot;:&quot;&quot;,&quot;focal_length&quot;:&quot;0&quot;,&quot;iso&quot;:&quot;0&quot;,&quot;shutter_speed&quot;:&quot;0&quot;,&quot;title&quot;:&quot;&quot;,&quot;orientation&quot;:&quot;0&quot;}\" data-image-title=\"caooo\" data-image-description=\"\" data-image-caption=\"\" data-medium-file=\"https:\/\/i0.wp.com\/blogdalucianaoliveira.com.br\/blog\/wp-content\/uploads\/2018\/04\/caooo.jpg?fit=300%2C200\" data-large-file=\"https:\/\/i0.wp.com\/blogdalucianaoliveira.com.br\/blog\/wp-content\/uploads\/2018\/04\/caooo.jpg?fit=600%2C399\" class=\"alignnone size-full wp-image-17665\" src=\"https:\/\/i0.wp.com\/blogdalucianaoliveira.com.br\/blog\/wp-content\/uploads\/2018\/04\/caooo.jpg?resize=600%2C399\" alt=\"caooo\" width=\"600\" height=\"399\" srcset=\"https:\/\/i0.wp.com\/blogdalucianaoliveira.com.br\/blog\/wp-content\/uploads\/2018\/04\/caooo.jpg?w=867 867w, https:\/\/i0.wp.com\/blogdalucianaoliveira.com.br\/blog\/wp-content\/uploads\/2018\/04\/caooo.jpg?resize=300%2C200 300w, https:\/\/i0.wp.com\/blogdalucianaoliveira.com.br\/blog\/wp-content\/uploads\/2018\/04\/caooo.jpg?resize=768%2C511 768w, https:\/\/i0.wp.com\/blogdalucianaoliveira.com.br\/blog\/wp-content\/uploads\/2018\/04\/caooo.jpg?resize=451%2C300 451w\" sizes=\"auto, (max-width: 600px) 100vw, 600px\" \/><\/p>\n<p class=\"description\">Na Revista F\u00f3rum &#8211; \u00c0s v\u00e9speras das elei\u00e7\u00f5es, governo retirou mais de R208 milh\u00f5es que iriam para a Sa\u00fade, reforma agr\u00e1ria e pol\u00edticas de combate \u00e0 viol\u00eancia contra a mulher e repassou os recursos para a Secom, pasta respons\u00e1vel pela propaganda oficial.<\/p>\n<\/div>\n<p><!--more--><\/p>\n<p>No \u00faltimo dia 10, o governo de Michel Temer, atrav\u00e9s do Minist\u00e9rio do Planejamento, baixou a Portaria 75, que remaneja recursos do or\u00e7amento para a Secretaria de Comunica\u00e7\u00e3o (Secom), pasta respons\u00e1vel pela propaganda oficial do Planalto.<\/p>\n<p>A manobra foi denunciada por parlamentares do PSOL. De acordo com Ivan Valente (PSOL-SP), quase R$209 milh\u00f5es em recursos que estavam previstos para serem aplicados no Sistema \u00danico de Sa\u00fade (SUS), nas pol\u00edticas de combate \u00e0 viol\u00eancia contra a mulher, na reforma agr\u00e1ria e no setor de avia\u00e7\u00e3o e transportes foram realocados e ser\u00e3o utilizados para pagar custos com publicidade governamental, a menos de seis meses para as elei\u00e7\u00f5es que Temer j\u00e1 cogita se candidatar.<\/p>\n<p>\u201cN\u00e3o podemos concordar com isso, \u00e9 uma medida ilegal fazer propaganda governamental para induzir o candidato do Planalto \u00e0s v\u00e9speras das elei\u00e7\u00f5es (\u2026) \u00c9 muito grave. Al\u00e9m da PEC que corta e congela gastos para a \u00e1rea social, ainda tem um remanejamento criminoso para autopromo\u00e7\u00e3o e propaganda com ag\u00eancias de publicidade\u201d, disse Valente.<\/p>\n<p>Contra a medida, o PSOL informou que encaminhou uma representa\u00e7\u00e3o \u00e0 procuradoria-geral da Rep\u00fablica (PGR) e ao Tribunal de Contas da Uni\u00e3o (TCU). Os deputados psolistas pretendem ainda convocar o ministro do Planejamento para dar explica\u00e7\u00f5es \u00e0 Comiss\u00e3o de Fiscaliza\u00e7\u00e3o e Controle da C\u00e2mara.<\/p>\n<p>\u00c0\u00a0<em>Folha de S. Paulo<\/em>, o a Secretaria de Comunica\u00e7\u00e3o informou, por meio de nota, que \u201cse trata de uma recomposi\u00e7\u00e3o\u201d e que tais recursos estavam previstos no or\u00e7amento deste ano, mas foram cortados pelo Congresso.<\/p>\n<p><strong>Den\u00fancia ignorada<\/strong><\/p>\n<p>O deputado federal Chico Alencar (PSOL-RJ) chamou aten\u00e7\u00e3o para o fato de que, na noite desta ter\u00e7a-feira (18), quando a bancada do PSOL fez a den\u00fancia no Sal\u00e3o Verde da C\u00e2mara, nenhum jornalista da m\u00eddia tradicional foi cobrir, pois, de acordo com o parlamentar, as grandes emissoras e jornais ser\u00e3o os mais beneficiados com os recursos que o governo pretende investir em publicidade.<\/p>\n<p>\u201cEstamos no Sal\u00e3o Verde e ningu\u00e9m da grande imprensa veio cobrir essa den\u00fancia, pois eles que ser\u00e3o os beneficiados\u201d, disse o deputado em uma transmiss\u00e3o ao vivo veiculada na p\u00e1gina do PSOL no Facebook.<\/p>\n<p class=\"description\">\n","protected":false},"excerpt":{"rendered":"<p>Na Revista F\u00f3rum &#8211; \u00c0s v\u00e9speras das elei\u00e7\u00f5es, governo retirou mais de R208 milh\u00f5es que iriam para a Sa\u00fade, reforma agr\u00e1ria e pol\u00edticas de combate \u00e0 viol\u00eancia contra a mulher e repassou os recursos para a Secom, pasta respons\u00e1vel pela propaganda oficial.<\/p>\n","protected":false},"author":1,"featured_media":0,"comment_status":"closed","ping_status":"open","sticky":false,"template":"","format":"standard","meta":{"_exactmetrics_skip_tracking":false,"_exactmetrics_sitenote_active":false,"_exactmetrics_sitenote_note":"","_exactmetrics_sitenote_category":0,"jetpack_post_was_ever_published":false,"_jetpack_newsletter_access":"","_jetpack_dont_email_post_to_subs":false,"_jetpack_newsletter_tier_id":0,"_jetpack_memberships_contains_paywalled_content":false,"_jetpack_memberships_contains_paid_content":false,"footnotes":"","jetpack_publicize_message":"","jetpack_publicize_feature_enabled":true,"jetpack_social_post_already_shared":true,"jetpack_social_options":{"image_generator_settings":{"template":"highway","enabled":false},"version":2}},"categories":[1],"tags":[],"class_list":["post-17664","post","type-post","status-publish","format-standard","hentry","category-notas"],"jetpack_publicize_connections":[],"jetpack_sharing_enabled":true,"jetpack_featured_media_url":"","jetpack_shortlink":"https:\/\/wp.me\/p7wKYW-4AU","jetpack-related-posts":[],"_links":{"self":[{"href":"http:\/\/blogdalucianaoliveira.com.br\/blog\/wp-json\/wp\/v2\/posts\/17664","targetHints":{"allow":["GET"]}}],"collection":[{"href":"http:\/\/blogdalucianaoliveira.com.br\/blog\/wp-json\/wp\/v2\/posts"}],"about":[{"href":"http:\/\/blogdalucianaoliveira.com.br\/blog\/wp-json\/wp\/v2\/types\/post"}],"author":[{"embeddable":true,"href":"http:\/\/blogdalucianaoliveira.com.br\/blog\/wp-json\/wp\/v2\/users\/1"}],"replies":[{"embeddable":true,"href":"http:\/\/blogdalucianaoliveira.com.br\/blog\/wp-json\/wp\/v2\/comments?post=17664"}],"version-history":[{"count":1,"href":"http:\/\/blogdalucianaoliveira.com.br\/blog\/wp-json\/wp\/v2\/posts\/17664\/revisions"}],"predecessor-version":[{"id":17666,"href":"http:\/\/blogdalucianaoliveira.com.br\/blog\/wp-json\/wp\/v2\/posts\/17664\/revisions\/17666"}],"wp:attachment":[{"href":"http:\/\/blogdalucianaoliveira.com.br\/blog\/wp-json\/wp\/v2\/media?parent=17664"}],"wp:term":[{"taxonomy":"category","embeddable":true,"href":"http:\/\/blogdalucianaoliveira.com.br\/blog\/wp-json\/wp\/v2\/categories?post=17664"},{"taxonomy":"post_tag","embeddable":true,"href":"http:\/\/blogdalucianaoliveira.com.br\/blog\/wp-json\/wp\/v2\/tags?post=17664"}],"curies":[{"name":"wp","href":"https:\/\/api.w.org\/{rel}","templated":true}]}}