{"id":17667,"date":"2018-04-19T13:57:06","date_gmt":"2018-04-19T17:57:06","guid":{"rendered":"http:\/\/blogdalucianaoliveira.com.br\/blog\/?p=17667"},"modified":"2018-04-19T13:57:06","modified_gmt":"2018-04-19T17:57:06","slug":"vitoria-do-povo-contra-a-grilagem-de-terras-publicas","status":"publish","type":"post","link":"http:\/\/blogdalucianaoliveira.com.br\/blog\/2018\/04\/19\/vitoria-do-povo-contra-a-grilagem-de-terras-publicas\/","title":{"rendered":"VIT\u00d3RIA DO POVO CONTRA A GRILAGEM DE TERRAS P\u00daBLICAS!"},"content":{"rendered":"<p><img data-recalc-dims=\"1\" loading=\"lazy\" decoding=\"async\" data-attachment-id=\"17668\" data-permalink=\"http:\/\/blogdalucianaoliveira.com.br\/blog\/2018\/04\/19\/vitoria-do-povo-contra-a-grilagem-de-terras-publicas\/7c65bc4e-457f-4414-8387-858316ac9fdf\/\" data-orig-file=\"https:\/\/i0.wp.com\/blogdalucianaoliveira.com.br\/blog\/wp-content\/uploads\/2018\/04\/7C65BC4E-457F-4414-8387-858316AC9FDF.jpeg?fit=485%2C303\" data-orig-size=\"485,303\" data-comments-opened=\"0\" data-image-meta=\"{&quot;aperture&quot;:&quot;0&quot;,&quot;credit&quot;:&quot;&quot;,&quot;camera&quot;:&quot;&quot;,&quot;caption&quot;:&quot;&quot;,&quot;created_timestamp&quot;:&quot;0&quot;,&quot;copyright&quot;:&quot;&quot;,&quot;focal_length&quot;:&quot;0&quot;,&quot;iso&quot;:&quot;0&quot;,&quot;shutter_speed&quot;:&quot;0&quot;,&quot;title&quot;:&quot;&quot;,&quot;orientation&quot;:&quot;0&quot;}\" data-image-title=\"7C65BC4E-457F-4414-8387-858316AC9FDF\" data-image-description=\"\" data-image-caption=\"\" data-medium-file=\"https:\/\/i0.wp.com\/blogdalucianaoliveira.com.br\/blog\/wp-content\/uploads\/2018\/04\/7C65BC4E-457F-4414-8387-858316AC9FDF.jpeg?fit=300%2C187\" data-large-file=\"https:\/\/i0.wp.com\/blogdalucianaoliveira.com.br\/blog\/wp-content\/uploads\/2018\/04\/7C65BC4E-457F-4414-8387-858316AC9FDF.jpeg?fit=485%2C303\" src=\"https:\/\/i0.wp.com\/blogdalucianaoliveira.com.br\/blog\/wp-content\/uploads\/2018\/04\/7C65BC4E-457F-4414-8387-858316AC9FDF.jpeg?resize=485%2C303\" alt=\"7C65BC4E-457F-4414-8387-858316AC9FDF\" width=\"485\" height=\"303\" class=\"alignnone size-full wp-image-17668\" srcset=\"https:\/\/i0.wp.com\/blogdalucianaoliveira.com.br\/blog\/wp-content\/uploads\/2018\/04\/7C65BC4E-457F-4414-8387-858316AC9FDF.jpeg?w=485 485w, https:\/\/i0.wp.com\/blogdalucianaoliveira.com.br\/blog\/wp-content\/uploads\/2018\/04\/7C65BC4E-457F-4414-8387-858316AC9FDF.jpeg?resize=300%2C187 300w, https:\/\/i0.wp.com\/blogdalucianaoliveira.com.br\/blog\/wp-content\/uploads\/2018\/04\/7C65BC4E-457F-4414-8387-858316AC9FDF.jpeg?resize=480%2C300 480w\" sizes=\"auto, (max-width: 485px) 100vw, 485px\" \/><\/p>\n<p>CPT &#8211; \u00c9 com satisfa\u00e7\u00e3o que a CPT repassa a not\u00edcia de que um grande latif\u00fandio em Rond\u00f4nia ser\u00e1 revertido ao patrim\u00f4nio p\u00fablico da Uni\u00e3o e, consequentemente, dever\u00e1 ser encaminhado ao INCRA para a promo\u00e7\u00e3o de assentamento da Reforma Agr\u00e1ria.<!--more--><\/p>\n<p>            Trata-se da \u00e1rea conhecida como Fazenda Bom Futuro, em Seringueiras\/RO, que tinha como grileiro o Sr. AUGUSTO NASCIMENTO TULHA.<\/p>\n<p>            Em 2016, ap\u00f3s aguerrida ocupa\u00e7\u00e3o da fazenda por trabalhadores rurais, houve intensa mobiliza\u00e7\u00e3o do Estado e da Pol\u00edcia Militar para promover o despejo dos trabalhadores, mesmo com a\u00e7\u00e3o judicial intentada pelo INCRA na Justi\u00e7a Federal visando reconhecer a propriedade da UNI\u00c3O.<\/p>\n<p>            A senten\u00e7a foi favor\u00e1vel ao INCRA e, no dia 11 de abril de 2018, em julgamento do recurso promovido pelo grileiro, o Tribunal Regional Federal da 1\u00aa Regi\u00e3o manteve a senten\u00e7a e julgou que a \u00e1rea \u00e9 P\u00daBLICA DA UNI\u00c3O, determinando a desocupa\u00e7\u00e3o da \u00e1rea, que envolve tr\u00eas grandes fazendas, no prazo de 30 dias, em benef\u00edcio da UNI\u00c3O, sob pena de multa di\u00e1ria de R$ 50.000,00 (cinquenta mil reais).<\/p>\n<p>            Com estas considera\u00e7\u00f5es, conhe\u00e7o, em parte, do recurso de apela\u00e7\u00e3o interposto, e nessa extens\u00e3o, nego-lhe provimento, restando mantida a senten\u00e7a recorrida, em todos os seus termos.<br \/>\nDetermino que se oficie ao Sr. Tabeli\u00e3o  do Registro de Im\u00f3veis de S\u00e3o Miguel do Guapor\u00e9\/RO, para que proceda, no prazo de 05 (cinco) dias, ao cancelamento de toda e qualquer anota\u00e7\u00e3o nas matr\u00edculas dos im\u00f3veis constantes \u00e0s fls. 33-62 referentes aos Contratos de Promessa de Compra e Venda firmados entre Augusto Nascimento Tulha, quer em nome pr\u00f3prio ou na condi\u00e7\u00e3o de representante dos demais demandados, com o consequente registro de CONSOLIDA\u00c7\u00c3O da propriedade de todos os lotes em favor do INSTITUTO NACIONAL DE COLONIZA\u00c7\u00c3O E REFORMA AGR\u00c1RIA \u2013 INCRA, a contar do recebimento deste of\u00edcio, por email, sob pena de multa coercitiva no valor de R$ 10.000,00 (dez mil reais) por dia de descumprimento deste Ac\u00f3rd\u00e3o mandamental, a ser pago pela oficial respons\u00e1vel pelo cart\u00f3rio do referido Registro Imobili\u00e1rio.<br \/>\nOficie-se, tamb\u00e9m, ao Sr. Presidente do INCRA, ao Sr. Superintendente da Pol\u00edcia Federal em Ji-Paran\u00e1, ao Sr. Comandante da Pol\u00edcia Militar e ao Sr. Secret\u00e1rio de Seguran\u00e7a P\u00fablica do Estado de Rond\u00f4nia, bem assim ao Sr. Comandante da For\u00e7a Nacional, para dar integral cumprimento a este Ac\u00f3rd\u00e3o mandamental, ordenando a desocupa\u00e7\u00e3o da \u00e1rea de 9.000 (nove mil) hectares, referentes \u00e0s Fazendas Recanto da Paz, Terra Boa e Bom Futuro, no prazo improrrog\u00e1vel de 30 (trinta) dias, submetendo-se os ocupantes a multa coercitiva no montante de R$ 50.000,00 (cinquenta mil reais) por dia de atraso nessa desocupa\u00e7\u00e3o, sem preju\u00edzo das san\u00e7\u00f5es criminais cab\u00edveis na esp\u00e9cie, nos termos do artigo 139, inciso IV c\/c o disposto no artigo 536, \u00a73\u00ba e 537 do CPC vigente.<br \/>\nExpe\u00e7a-se, de logo, Carta de Ordem ao Ju\u00edzo Federal da Subse\u00e7\u00e3o Judici\u00e1ria de Ji-Paran\u00e1, para acompanhar os atos de execu\u00e7\u00e3o desse ac\u00f3rd\u00e3o mandamental, noticiando o seu cumprimento a esta Relatoria, no prazo supracitado.<br \/>\nEste \u00e9 meu voto.<br \/>\nEXMO. DESEMBARGADOR FEDERAL SOUZA PRUDENTE<\/p>\n","protected":false},"excerpt":{"rendered":"<p>CPT &#8211; \u00c9 com satisfa\u00e7\u00e3o que a CPT repassa a not\u00edcia de que um grande latif\u00fandio em Rond\u00f4nia ser\u00e1 revertido ao patrim\u00f4nio p\u00fablico da Uni\u00e3o e, consequentemente, dever\u00e1 ser encaminhado ao INCRA para a promo\u00e7\u00e3o de assentamento da Reforma Agr\u00e1ria.<\/p>\n","protected":false},"author":1,"featured_media":0,"comment_status":"closed","ping_status":"open","sticky":false,"template":"","format":"standard","meta":{"_exactmetrics_skip_tracking":false,"_exactmetrics_sitenote_active":false,"_exactmetrics_sitenote_note":"","_exactmetrics_sitenote_category":0,"jetpack_post_was_ever_published":false,"_jetpack_newsletter_access":"","_jetpack_dont_email_post_to_subs":false,"_jetpack_newsletter_tier_id":0,"_jetpack_memberships_contains_paywalled_content":false,"_jetpack_memberships_contains_paid_content":false,"footnotes":"","jetpack_publicize_message":"","jetpack_publicize_feature_enabled":true,"jetpack_social_post_already_shared":true,"jetpack_social_options":{"image_generator_settings":{"template":"highway","enabled":false},"version":2}},"categories":[1],"tags":[],"class_list":["post-17667","post","type-post","status-publish","format-standard","hentry","category-notas"],"jetpack_publicize_connections":[],"jetpack_sharing_enabled":true,"jetpack_featured_media_url":"","jetpack_shortlink":"https:\/\/wp.me\/p7wKYW-4AX","jetpack-related-posts":[],"_links":{"self":[{"href":"http:\/\/blogdalucianaoliveira.com.br\/blog\/wp-json\/wp\/v2\/posts\/17667","targetHints":{"allow":["GET"]}}],"collection":[{"href":"http:\/\/blogdalucianaoliveira.com.br\/blog\/wp-json\/wp\/v2\/posts"}],"about":[{"href":"http:\/\/blogdalucianaoliveira.com.br\/blog\/wp-json\/wp\/v2\/types\/post"}],"author":[{"embeddable":true,"href":"http:\/\/blogdalucianaoliveira.com.br\/blog\/wp-json\/wp\/v2\/users\/1"}],"replies":[{"embeddable":true,"href":"http:\/\/blogdalucianaoliveira.com.br\/blog\/wp-json\/wp\/v2\/comments?post=17667"}],"version-history":[{"count":1,"href":"http:\/\/blogdalucianaoliveira.com.br\/blog\/wp-json\/wp\/v2\/posts\/17667\/revisions"}],"predecessor-version":[{"id":17669,"href":"http:\/\/blogdalucianaoliveira.com.br\/blog\/wp-json\/wp\/v2\/posts\/17667\/revisions\/17669"}],"wp:attachment":[{"href":"http:\/\/blogdalucianaoliveira.com.br\/blog\/wp-json\/wp\/v2\/media?parent=17667"}],"wp:term":[{"taxonomy":"category","embeddable":true,"href":"http:\/\/blogdalucianaoliveira.com.br\/blog\/wp-json\/wp\/v2\/categories?post=17667"},{"taxonomy":"post_tag","embeddable":true,"href":"http:\/\/blogdalucianaoliveira.com.br\/blog\/wp-json\/wp\/v2\/tags?post=17667"}],"curies":[{"name":"wp","href":"https:\/\/api.w.org\/{rel}","templated":true}]}}