{"id":1767,"date":"2016-06-19T19:19:16","date_gmt":"2016-06-19T23:19:16","guid":{"rendered":"http:\/\/blogdalucianaoliveira.com.br\/blog\/?p=1767"},"modified":"2016-06-19T19:19:16","modified_gmt":"2016-06-19T23:19:16","slug":"estao-abertas-as-inscricoes-para-a-mostra-competitiva-do-cineamazonia","status":"publish","type":"post","link":"http:\/\/blogdalucianaoliveira.com.br\/blog\/2016\/06\/19\/estao-abertas-as-inscricoes-para-a-mostra-competitiva-do-cineamazonia\/","title":{"rendered":"Est\u00e3o abertas as inscri\u00e7\u00f5es para a mostra competitiva do Cineamaz\u00f4nia"},"content":{"rendered":"<p><img data-recalc-dims=\"1\" loading=\"lazy\" decoding=\"async\" data-attachment-id=\"1768\" data-permalink=\"http:\/\/blogdalucianaoliveira.com.br\/blog\/2016\/06\/19\/estao-abertas-as-inscricoes-para-a-mostra-competitiva-do-cineamazonia\/image-384\/\" data-orig-file=\"https:\/\/i0.wp.com\/blogdalucianaoliveira.com.br\/blog\/wp-content\/uploads\/2016\/06\/image-78.jpeg?fit=591%2C591\" data-orig-size=\"591,591\" data-comments-opened=\"0\" data-image-meta=\"{&quot;aperture&quot;:&quot;0&quot;,&quot;credit&quot;:&quot;&quot;,&quot;camera&quot;:&quot;&quot;,&quot;caption&quot;:&quot;&quot;,&quot;created_timestamp&quot;:&quot;0&quot;,&quot;copyright&quot;:&quot;&quot;,&quot;focal_length&quot;:&quot;0&quot;,&quot;iso&quot;:&quot;0&quot;,&quot;shutter_speed&quot;:&quot;0&quot;,&quot;title&quot;:&quot;&quot;,&quot;orientation&quot;:&quot;0&quot;}\" data-image-title=\"image\" data-image-description=\"\" data-image-caption=\"\" data-medium-file=\"https:\/\/i0.wp.com\/blogdalucianaoliveira.com.br\/blog\/wp-content\/uploads\/2016\/06\/image-78.jpeg?fit=300%2C300\" data-large-file=\"https:\/\/i0.wp.com\/blogdalucianaoliveira.com.br\/blog\/wp-content\/uploads\/2016\/06\/image-78.jpeg?fit=591%2C591\" src=\"https:\/\/i0.wp.com\/blogdalucianaoliveira.com.br\/blog\/wp-content\/uploads\/2016\/06\/image-78.jpeg?resize=591%2C591\" alt=\"image\" width=\"591\" height=\"591\" class=\"alignnone size-full wp-image-1768\" srcset=\"https:\/\/i0.wp.com\/blogdalucianaoliveira.com.br\/blog\/wp-content\/uploads\/2016\/06\/image-78.jpeg?w=591 591w, https:\/\/i0.wp.com\/blogdalucianaoliveira.com.br\/blog\/wp-content\/uploads\/2016\/06\/image-78.jpeg?resize=150%2C150 150w, https:\/\/i0.wp.com\/blogdalucianaoliveira.com.br\/blog\/wp-content\/uploads\/2016\/06\/image-78.jpeg?resize=300%2C300 300w\" sizes=\"auto, (max-width: 591px) 100vw, 591px\" \/><\/p>\n<p>Come\u00e7am neste domingo, 1 de maio, as inscri\u00e7\u00f5es para a d\u00e9cima quarta edi\u00e7\u00e3o do Cineamaz\u00f4nia \u2013 Festival Latino Americano de Cinema Ambiental, que ser\u00e1 realizado no per\u00edodo entre 23 e 27 de agosto, em Porto Velho (RO). <!--more--><\/p>\n<p>O per\u00edodo de inscri\u00e7\u00e3o para a pr\u00e9-sele\u00e7\u00e3o da mostra competitiva vai at\u00e9 o dia 1 de julho. O formul\u00e1rio de inscri\u00e7\u00e3o e o regulamento completo podem ser encontrados no site do www.cineamazonia.com.br.<\/p>\n<p>Al\u00e9m do formul\u00e1rio preenchido, os interessados tamb\u00e9m devem enviar o filme exclusivamente via internet, atrav\u00e9s das plataformas Wetransfer, Vimeo, Youtube, Dropbox ou outra m\u00eddia digital similar. Tamb\u00e9m poder\u00e3o ser enviados para o e-mail cineamazonia@hotmail.com. Em qualquer uma das plataformas, o arquivo enviado dever\u00e1 estar, necessariamente, compactado.<\/p>\n<p>Apesar do meio ambiente ser o carro chefe do festival, fomentando discuss\u00f5es e reflex\u00f5es em torno de causas ambientais, o Festival est\u00e1 aberto para a inscri\u00e7\u00e3o de todo e qualquer tema e g\u00eanero de produ\u00e7\u00e3o.<\/p>\n<p>No caso dos filmes narrados em l\u00ednguas estrangeiras, as produ\u00e7\u00f5es dever\u00e3o obrigatoriamente possuir legendas em portugu\u00eas. Tamb\u00e9m \u00e9 obrigat\u00f3rio o envio de pelo menos uma imagem do filme inscrito nas defini\u00e7\u00f5es especificadas no regulamento.<\/p>\n<p>Considerado um dos mais importantes festivais de cinema do norte do pa\u00eds, a edi\u00e7\u00e3o deste ano do Cineamaz\u00f4nia ter\u00e1 quatro categorias: document\u00e1rio, fic\u00e7\u00e3o, anima\u00e7\u00e3o e experimental.  Os vencedores da mostra competitiva categorias levar\u00e3o o Trof\u00e9u Mapinguari. A novidade \u00e9 que no pr\u00eamio de Melhor Longa Metragem, principal premia\u00e7\u00e3o da noite, concorrer\u00e3o apenas document\u00e1rios.<\/p>\n<p>Nas competi\u00e7\u00f5es de m\u00e9dia e curta metragem, os participantes concorrer\u00e3o ao Pr\u00eamio Danna Merril, de Melhor Document\u00e1rio; Pr\u00eamio Major Reis, de Melhor Anima\u00e7\u00e3o; Pr\u00eamio Vitor Hugo, de Melhor Fic\u00e7\u00e3o; Pr\u00eamio Manoel Rodrigues Ferreira, de Melhor Experimental; Pr\u00eamio Chico Mendes, de Melhor Roteiro; Pr\u00eamio Povos Ind\u00edgenas de Rond\u00f4nia, de Melhor Trilha Sonora; Pr\u00eamio Silvino Santos, de Melhor Fotografia; Pr\u00eamio Cap\u00f4 (Maurice Capovilla), de Linguagem; Pr\u00eamio Melhor Montagem; Pr\u00eamio Melhor Dire\u00e7\u00e3o; Pr\u00eamio Melhor Ator; Pr\u00eamio Melhor Atriz; Pr\u00eamio Thiago de Mello: J\u00fari Popular (Trof\u00e9u Esperan\u00e7a).<\/p>\n","protected":false},"excerpt":{"rendered":"<p>Come\u00e7am neste domingo, 1 de maio, as inscri\u00e7\u00f5es para a d\u00e9cima quarta edi\u00e7\u00e3o do Cineamaz\u00f4nia \u2013 Festival Latino Americano de Cinema Ambiental, que ser\u00e1 realizado no per\u00edodo entre 23 e 27 de agosto, em Porto Velho (RO).<\/p>\n","protected":false},"author":1,"featured_media":0,"comment_status":"closed","ping_status":"open","sticky":false,"template":"","format":"standard","meta":{"_exactmetrics_skip_tracking":false,"_exactmetrics_sitenote_active":false,"_exactmetrics_sitenote_note":"","_exactmetrics_sitenote_category":0,"jetpack_post_was_ever_published":false,"_jetpack_newsletter_access":"","_jetpack_dont_email_post_to_subs":false,"_jetpack_newsletter_tier_id":0,"_jetpack_memberships_contains_paywalled_content":false,"_jetpack_memberships_contains_paid_content":false,"footnotes":"","jetpack_publicize_message":"","jetpack_publicize_feature_enabled":true,"jetpack_social_post_already_shared":true,"jetpack_social_options":{"image_generator_settings":{"template":"highway","enabled":false},"version":2}},"categories":[1],"tags":[],"class_list":["post-1767","post","type-post","status-publish","format-standard","hentry","category-notas"],"jetpack_publicize_connections":[],"jetpack_sharing_enabled":true,"jetpack_featured_media_url":"","jetpack_shortlink":"https:\/\/wp.me\/p7wKYW-sv","jetpack-related-posts":[],"_links":{"self":[{"href":"http:\/\/blogdalucianaoliveira.com.br\/blog\/wp-json\/wp\/v2\/posts\/1767","targetHints":{"allow":["GET"]}}],"collection":[{"href":"http:\/\/blogdalucianaoliveira.com.br\/blog\/wp-json\/wp\/v2\/posts"}],"about":[{"href":"http:\/\/blogdalucianaoliveira.com.br\/blog\/wp-json\/wp\/v2\/types\/post"}],"author":[{"embeddable":true,"href":"http:\/\/blogdalucianaoliveira.com.br\/blog\/wp-json\/wp\/v2\/users\/1"}],"replies":[{"embeddable":true,"href":"http:\/\/blogdalucianaoliveira.com.br\/blog\/wp-json\/wp\/v2\/comments?post=1767"}],"version-history":[{"count":1,"href":"http:\/\/blogdalucianaoliveira.com.br\/blog\/wp-json\/wp\/v2\/posts\/1767\/revisions"}],"predecessor-version":[{"id":1769,"href":"http:\/\/blogdalucianaoliveira.com.br\/blog\/wp-json\/wp\/v2\/posts\/1767\/revisions\/1769"}],"wp:attachment":[{"href":"http:\/\/blogdalucianaoliveira.com.br\/blog\/wp-json\/wp\/v2\/media?parent=1767"}],"wp:term":[{"taxonomy":"category","embeddable":true,"href":"http:\/\/blogdalucianaoliveira.com.br\/blog\/wp-json\/wp\/v2\/categories?post=1767"},{"taxonomy":"post_tag","embeddable":true,"href":"http:\/\/blogdalucianaoliveira.com.br\/blog\/wp-json\/wp\/v2\/tags?post=1767"}],"curies":[{"name":"wp","href":"https:\/\/api.w.org\/{rel}","templated":true}]}}