{"id":17682,"date":"2018-04-20T11:36:49","date_gmt":"2018-04-20T15:36:49","guid":{"rendered":"http:\/\/blogdalucianaoliveira.com.br\/blog\/?p=17682"},"modified":"2018-04-20T11:37:12","modified_gmt":"2018-04-20T15:37:12","slug":"socialistas-criticam-privatizacao-da-eletrobras-em-audiencia-na-camara","status":"publish","type":"post","link":"http:\/\/blogdalucianaoliveira.com.br\/blog\/2018\/04\/20\/socialistas-criticam-privatizacao-da-eletrobras-em-audiencia-na-camara\/","title":{"rendered":"Socialistas criticam privatiza\u00e7\u00e3o da Eletrobras em audi\u00eancia na C\u00e2mara"},"content":{"rendered":"<div class=\"texto\">\n<p><img data-recalc-dims=\"1\" loading=\"lazy\" decoding=\"async\" data-attachment-id=\"13769\" data-permalink=\"http:\/\/blogdalucianaoliveira.com.br\/blog\/2017\/09\/19\/a-venda-da-eletrobraseletronorte-vai-colocar-o-brasil-nas-maos-das-grandes-potencias-mundiaisa-venda-da-eletrobraseletronorte-vai-colocar-o-brasil-nas-maos-das-grandes-potencias-mundiais\/ele-4\/\" data-orig-file=\"https:\/\/i0.wp.com\/blogdalucianaoliveira.com.br\/blog\/wp-content\/uploads\/2017\/09\/ele.jpeg?fit=768%2C512\" data-orig-size=\"768,512\" data-comments-opened=\"0\" data-image-meta=\"{&quot;aperture&quot;:&quot;0&quot;,&quot;credit&quot;:&quot;&quot;,&quot;camera&quot;:&quot;&quot;,&quot;caption&quot;:&quot;&quot;,&quot;created_timestamp&quot;:&quot;0&quot;,&quot;copyright&quot;:&quot;&quot;,&quot;focal_length&quot;:&quot;0&quot;,&quot;iso&quot;:&quot;0&quot;,&quot;shutter_speed&quot;:&quot;0&quot;,&quot;title&quot;:&quot;&quot;,&quot;orientation&quot;:&quot;0&quot;}\" data-image-title=\"ele\" data-image-description=\"\" data-image-caption=\"\" data-medium-file=\"https:\/\/i0.wp.com\/blogdalucianaoliveira.com.br\/blog\/wp-content\/uploads\/2017\/09\/ele.jpeg?fit=300%2C200\" data-large-file=\"https:\/\/i0.wp.com\/blogdalucianaoliveira.com.br\/blog\/wp-content\/uploads\/2017\/09\/ele.jpeg?fit=600%2C400\" class=\"alignnone size-full wp-image-13769\" src=\"https:\/\/i0.wp.com\/blogdalucianaoliveira.com.br\/blog\/wp-content\/uploads\/2017\/09\/ele.jpeg?resize=600%2C400\" alt=\"ele\" width=\"600\" height=\"400\" srcset=\"https:\/\/i0.wp.com\/blogdalucianaoliveira.com.br\/blog\/wp-content\/uploads\/2017\/09\/ele.jpeg?w=768 768w, https:\/\/i0.wp.com\/blogdalucianaoliveira.com.br\/blog\/wp-content\/uploads\/2017\/09\/ele.jpeg?resize=300%2C200 300w, https:\/\/i0.wp.com\/blogdalucianaoliveira.com.br\/blog\/wp-content\/uploads\/2017\/09\/ele.jpeg?resize=450%2C300 450w\" sizes=\"auto, (max-width: 600px) 100vw, 600px\" \/><\/p>\n<p>A audi\u00eancia p\u00fablica da Comiss\u00e3o Especial que trata do projeto de privatiza\u00e7\u00e3o da Eletrobras na C\u00e2mara dos Deputados foi marcada por cr\u00edticas de deputados \u00e0 iniciativa do governo Temer de vender a estatal respons\u00e1vel por um ter\u00e7o da gera\u00e7\u00e3o de energia do pa\u00eds.<!--more--><\/p>\n<p>Com a participa\u00e7\u00e3o majorit\u00e1ria de parlamentares contr\u00e1rios ao projeto, os deputados criticaram o que chamaram de \u201centrega\u201d do setor energ\u00e9tico e a possibilidade de aumento nas contas de energia com a privatiza\u00e7\u00e3o.<\/p>\n<p><img data-recalc-dims=\"1\" loading=\"lazy\" decoding=\"async\" data-attachment-id=\"17683\" data-permalink=\"http:\/\/blogdalucianaoliveira.com.br\/blog\/2018\/04\/20\/socialistas-criticam-privatizacao-da-eletrobras-em-audiencia-na-camara\/destaque-19-04-2018-360x185\/\" data-orig-file=\"https:\/\/i0.wp.com\/blogdalucianaoliveira.com.br\/blog\/wp-content\/uploads\/2018\/04\/Destaque-19-04-2018-360x185.png?fit=360%2C185\" data-orig-size=\"360,185\" data-comments-opened=\"0\" data-image-meta=\"{&quot;aperture&quot;:&quot;0&quot;,&quot;credit&quot;:&quot;&quot;,&quot;camera&quot;:&quot;&quot;,&quot;caption&quot;:&quot;&quot;,&quot;created_timestamp&quot;:&quot;0&quot;,&quot;copyright&quot;:&quot;&quot;,&quot;focal_length&quot;:&quot;0&quot;,&quot;iso&quot;:&quot;0&quot;,&quot;shutter_speed&quot;:&quot;0&quot;,&quot;title&quot;:&quot;&quot;,&quot;orientation&quot;:&quot;0&quot;}\" data-image-title=\"Destaque-19-04-2018-360&amp;#215;185\" data-image-description=\"\" data-image-caption=\"\" data-medium-file=\"https:\/\/i0.wp.com\/blogdalucianaoliveira.com.br\/blog\/wp-content\/uploads\/2018\/04\/Destaque-19-04-2018-360x185.png?fit=300%2C154\" data-large-file=\"https:\/\/i0.wp.com\/blogdalucianaoliveira.com.br\/blog\/wp-content\/uploads\/2018\/04\/Destaque-19-04-2018-360x185.png?fit=360%2C185\" class=\"alignnone size-full wp-image-17683\" src=\"https:\/\/i0.wp.com\/blogdalucianaoliveira.com.br\/blog\/wp-content\/uploads\/2018\/04\/Destaque-19-04-2018-360x185.png?resize=360%2C185\" alt=\"Destaque-19-04-2018-360x185\" width=\"360\" height=\"185\" srcset=\"https:\/\/i0.wp.com\/blogdalucianaoliveira.com.br\/blog\/wp-content\/uploads\/2018\/04\/Destaque-19-04-2018-360x185.png?resize=360%2C185 360w, https:\/\/i0.wp.com\/blogdalucianaoliveira.com.br\/blog\/wp-content\/uploads\/2018\/04\/Destaque-19-04-2018-360x185.png?resize=300%2C154 300w\" sizes=\"auto, (max-width: 360px) 100vw, 360px\" \/><\/p>\n<p>O deputado Danilo Cabral (PE) disse que a privatiza\u00e7\u00e3o vai resultar em aumento na conta de energia el\u00e9trica para os consumidores. Cabral mostrou of\u00edcio encaminhado pela Ag\u00eancia Nacional de Energia El\u00e9trica (Aneel) ao Minist\u00e9rio de Minas e Enegia (MME) em que aponta previs\u00e3o de um reajuste de mais de 16% nas contas de luz em 2021.<\/p>\n<p>\u201cQuais as consequ\u00eancias disso para o povo brasileiro?!\u201d, questionou. \u201cPara quem produz, o custo da energia para o setor da ind\u00fastria representa cerca de 40% do insumo, e para o cidad\u00e3o tem um custo alto\u201d, afirmou. \u201cE quanto custa a Eletrobras? O TCU [Tribunal de Contas da Uni\u00e3o] est\u00e1 questionando essa pretensa conta que ningu\u00e9m v\u00ea. A gente n\u00e3o sabe quanto, de fato, custa essa empresa, mas, mesmo assim, governo quer vender\u201d, disse Cabral.<\/p>\n<p>O parlamentar \u00e9 presidente da Frente Parlamentar em Defesa da Companhia Hidroel\u00e9trica do S\u00e3o Francisco (Chesf), uma das empresas da Eletrobras que devem ser privatizadas. Durante a audi\u00eancia, Cabral, que j\u00e1 apresentou emenda ao projeto retirando a Chesf das privatiza\u00e7\u00f5es, disse que a venda da Chesf pode representar inseguran\u00e7a h\u00eddrica para a regi\u00e3o, uma vez que as \u00e1guas do Rio S\u00e3o Francisco tamb\u00e9m s\u00e3o utilizadas para o consumo, irriga\u00e7\u00e3o e transporte fluvial.<\/p>\n<p>\u201cQuem comprar a Chesf vai controlar o rio, sua vaz\u00e3o, a irriga\u00e7\u00e3o, vai controlar tudo. Vamos entregar a chave da caixa d\u2019\u00e1gua para o privado. O que vai orientar a gest\u00e3o da Chesf n\u00e3o vai ser mais o interesse p\u00fablico, e precisamos dar uma resposta ao povo, n\u00e3o podemos fazer a entrega desse patrim\u00f4nio\u201d, disse.<\/p>\n<p>Na audi\u00eancia, o deputado federal Alessandro Molon (PSB-RJ) criticou o fato de os principais porta-vozes do governo Temer terem evitado usar o termo \u201cprivatiza\u00e7\u00e3o\u201d ao se referir \u00e0 proposta em debate.<\/p>\n<p>\u201cPara que os trabalhos fluam bem, \u00e9 certo que a gente d\u00ea o nomes certo ao boi. N\u00e3o \u00e9 capitaliza\u00e7\u00e3o, \u00e9 privatiza\u00e7\u00e3o. Vamos falar a verdade. Vamos parar de usar eufemismos. Pode se dourar a p\u00edlula, colocar um embrulho bonito, mas trata-se de privatiza\u00e7\u00e3o\u201d, afirmou.<\/p>\n<p>A proposta do governo \u00e9 realizar o leil\u00e3o de privatiza\u00e7\u00e3o das distribuidoras da Eletrobras, que devem ser adquiridas pelo valor simb\u00f3lico de R$ 50 mil, e a capitaliza\u00e7\u00e3o das a\u00e7\u00f5es da empresa pertencentes ao governo, at\u00e9 que a Uni\u00e3o se torne s\u00f3cia minorit\u00e1ria. A estimativa \u00e9 que sejam captados cerca de R$ 12 bilh\u00f5es com a opera\u00e7\u00e3o.<\/p>\n<p>Assessoria de Comunica\u00e7\u00e3o\/PSB Nacional com informa\u00e7\u00f5es da EBC e do Poder 360<\/p>\n<\/div>\n<p>&nbsp;<\/p>\n<p>&nbsp;<\/p>\n","protected":false},"excerpt":{"rendered":"<p>A audi\u00eancia p\u00fablica da Comiss\u00e3o Especial que trata do projeto de privatiza\u00e7\u00e3o da Eletrobras na C\u00e2mara dos Deputados foi marcada por cr\u00edticas de deputados \u00e0 iniciativa do governo Temer de vender a estatal respons\u00e1vel por um ter\u00e7o da gera\u00e7\u00e3o de energia do pa\u00eds.<\/p>\n","protected":false},"author":1,"featured_media":0,"comment_status":"closed","ping_status":"open","sticky":false,"template":"","format":"standard","meta":{"_exactmetrics_skip_tracking":false,"_exactmetrics_sitenote_active":false,"_exactmetrics_sitenote_note":"","_exactmetrics_sitenote_category":0,"jetpack_post_was_ever_published":false,"_jetpack_newsletter_access":"","_jetpack_dont_email_post_to_subs":false,"_jetpack_newsletter_tier_id":0,"_jetpack_memberships_contains_paywalled_content":false,"_jetpack_memberships_contains_paid_content":false,"footnotes":"","jetpack_publicize_message":"","jetpack_publicize_feature_enabled":true,"jetpack_social_post_already_shared":true,"jetpack_social_options":{"image_generator_settings":{"template":"highway","enabled":false},"version":2}},"categories":[1],"tags":[],"class_list":["post-17682","post","type-post","status-publish","format-standard","hentry","category-notas"],"jetpack_publicize_connections":[],"jetpack_sharing_enabled":true,"jetpack_featured_media_url":"","jetpack_shortlink":"https:\/\/wp.me\/p7wKYW-4Bc","jetpack-related-posts":[],"_links":{"self":[{"href":"http:\/\/blogdalucianaoliveira.com.br\/blog\/wp-json\/wp\/v2\/posts\/17682","targetHints":{"allow":["GET"]}}],"collection":[{"href":"http:\/\/blogdalucianaoliveira.com.br\/blog\/wp-json\/wp\/v2\/posts"}],"about":[{"href":"http:\/\/blogdalucianaoliveira.com.br\/blog\/wp-json\/wp\/v2\/types\/post"}],"author":[{"embeddable":true,"href":"http:\/\/blogdalucianaoliveira.com.br\/blog\/wp-json\/wp\/v2\/users\/1"}],"replies":[{"embeddable":true,"href":"http:\/\/blogdalucianaoliveira.com.br\/blog\/wp-json\/wp\/v2\/comments?post=17682"}],"version-history":[{"count":2,"href":"http:\/\/blogdalucianaoliveira.com.br\/blog\/wp-json\/wp\/v2\/posts\/17682\/revisions"}],"predecessor-version":[{"id":17685,"href":"http:\/\/blogdalucianaoliveira.com.br\/blog\/wp-json\/wp\/v2\/posts\/17682\/revisions\/17685"}],"wp:attachment":[{"href":"http:\/\/blogdalucianaoliveira.com.br\/blog\/wp-json\/wp\/v2\/media?parent=17682"}],"wp:term":[{"taxonomy":"category","embeddable":true,"href":"http:\/\/blogdalucianaoliveira.com.br\/blog\/wp-json\/wp\/v2\/categories?post=17682"},{"taxonomy":"post_tag","embeddable":true,"href":"http:\/\/blogdalucianaoliveira.com.br\/blog\/wp-json\/wp\/v2\/tags?post=17682"}],"curies":[{"name":"wp","href":"https:\/\/api.w.org\/{rel}","templated":true}]}}