{"id":17686,"date":"2018-04-21T10:05:52","date_gmt":"2018-04-21T14:05:52","guid":{"rendered":"http:\/\/blogdalucianaoliveira.com.br\/blog\/?p=17686"},"modified":"2018-04-21T10:05:52","modified_gmt":"2018-04-21T14:05:52","slug":"medalha-da-inconfidencia-sera-concedida-hoje-a-marielle-franco","status":"publish","type":"post","link":"http:\/\/blogdalucianaoliveira.com.br\/blog\/2018\/04\/21\/medalha-da-inconfidencia-sera-concedida-hoje-a-marielle-franco\/","title":{"rendered":"Medalha da Inconfid\u00eancia ser\u00e1 concedida hoje a Marielle Franco"},"content":{"rendered":"<p><img data-recalc-dims=\"1\" loading=\"lazy\" decoding=\"async\" data-attachment-id=\"17687\" data-permalink=\"http:\/\/blogdalucianaoliveira.com.br\/blog\/2018\/04\/21\/medalha-da-inconfidencia-sera-concedida-hoje-a-marielle-franco\/xmarielle-franco-jpg-pagespeed-ic-d0lrxqm2cq\/\" data-orig-file=\"https:\/\/i0.wp.com\/blogdalucianaoliveira.com.br\/blog\/wp-content\/uploads\/2018\/04\/xMarielle-Franco.jpg.pagespeed.ic_.D0lrxqm2cq.jpg?fit=1265%2C550\" data-orig-size=\"1265,550\" data-comments-opened=\"0\" data-image-meta=\"{&quot;aperture&quot;:&quot;0&quot;,&quot;credit&quot;:&quot;&quot;,&quot;camera&quot;:&quot;&quot;,&quot;caption&quot;:&quot;&quot;,&quot;created_timestamp&quot;:&quot;0&quot;,&quot;copyright&quot;:&quot;&quot;,&quot;focal_length&quot;:&quot;0&quot;,&quot;iso&quot;:&quot;0&quot;,&quot;shutter_speed&quot;:&quot;0&quot;,&quot;title&quot;:&quot;&quot;,&quot;orientation&quot;:&quot;0&quot;}\" data-image-title=\"xMarielle-Franco.jpg.pagespeed.ic.D0lrxqm2cq\" data-image-description=\"\" data-image-caption=\"\" data-medium-file=\"https:\/\/i0.wp.com\/blogdalucianaoliveira.com.br\/blog\/wp-content\/uploads\/2018\/04\/xMarielle-Franco.jpg.pagespeed.ic_.D0lrxqm2cq.jpg?fit=300%2C130\" data-large-file=\"https:\/\/i0.wp.com\/blogdalucianaoliveira.com.br\/blog\/wp-content\/uploads\/2018\/04\/xMarielle-Franco.jpg.pagespeed.ic_.D0lrxqm2cq.jpg?fit=600%2C261\" src=\"https:\/\/i0.wp.com\/blogdalucianaoliveira.com.br\/blog\/wp-content\/uploads\/2018\/04\/xMarielle-Franco.jpg.pagespeed.ic_.D0lrxqm2cq.jpg?resize=600%2C261\" alt=\"xMarielle-Franco.jpg.pagespeed.ic.D0lrxqm2cq\" width=\"600\" height=\"261\" class=\"alignnone size-full wp-image-17687\" srcset=\"https:\/\/i0.wp.com\/blogdalucianaoliveira.com.br\/blog\/wp-content\/uploads\/2018\/04\/xMarielle-Franco.jpg.pagespeed.ic_.D0lrxqm2cq.jpg?w=1265 1265w, https:\/\/i0.wp.com\/blogdalucianaoliveira.com.br\/blog\/wp-content\/uploads\/2018\/04\/xMarielle-Franco.jpg.pagespeed.ic_.D0lrxqm2cq.jpg?resize=300%2C130 300w, https:\/\/i0.wp.com\/blogdalucianaoliveira.com.br\/blog\/wp-content\/uploads\/2018\/04\/xMarielle-Franco.jpg.pagespeed.ic_.D0lrxqm2cq.jpg?resize=768%2C334 768w, https:\/\/i0.wp.com\/blogdalucianaoliveira.com.br\/blog\/wp-content\/uploads\/2018\/04\/xMarielle-Franco.jpg.pagespeed.ic_.D0lrxqm2cq.jpg?resize=1024%2C445 1024w, https:\/\/i0.wp.com\/blogdalucianaoliveira.com.br\/blog\/wp-content\/uploads\/2018\/04\/xMarielle-Franco.jpg.pagespeed.ic_.D0lrxqm2cq.jpg?resize=690%2C300 690w, https:\/\/i0.wp.com\/blogdalucianaoliveira.com.br\/blog\/wp-content\/uploads\/2018\/04\/xMarielle-Franco.jpg.pagespeed.ic_.D0lrxqm2cq.jpg?w=1200 1200w\" sizes=\"auto, (max-width: 600px) 100vw, 600px\" \/><\/p>\n<p>Por Leo Rodrigues, da Agencia Brasil &#8211; A Medalha da Inconfid\u00eancia, maior honraria do governo de Minas Gerais, ser\u00e1 concedida hoje (20) \u00e0 vereadora do Rio de Janeiro, Marielle Franco (PSOL), e ao motorista Anderson Gomes, assassinados h\u00e1 pouco mais de um m\u00eas. Trata-se de uma homenagem in memorian, isto \u00e9, prestada a uma pessoa j\u00e1 morreu. A vereadora e o motorista dever\u00e3o ser representados por parentes, que receber\u00e3o a Grande Medalha, uma das quatro designa\u00e7\u00f5es.<!--more--><\/p>\n<p>A entrega da Medalha da Inconfid\u00eancia ocorre todos os anos em cerim\u00f4nia na cidade de Ouro Preto no dia 21 de abril, data em que se lembra a morte de Tiradentes. A honraria foi institu\u00edda pelo ent\u00e3o governador mineiro Juscelino Kubitschek, em 1952. Os agraciados s\u00e3o pessoas e institui\u00e7\u00f5es que contribu\u00edram para o desenvolvimento de Minas Gerais e do Brasil e s\u00e3o escolhidos por um conselho composto por representantes dos poderes Executivo e Legislativo do estado e de Ouro Preto.<\/p>\n<p>Nesta edi\u00e7\u00e3o, 170 pessoas e entidades receber\u00e3o tr\u00eas designa\u00e7\u00f5es: Grande Medalha, Medalha de Honra e Medalha da Inconfid\u00eancia. Al\u00e9m de Marielle, ser\u00e3o homenageados professores, militares, policiais, juristas, bombeiros, empres\u00e1rios, pol\u00edticos, artistas, artes\u00e3os, ativistas de movimentos sociais e l\u00edderes religiosos, entre outros.<\/p>\n<p>Homenagens \u00e0 Inconfid\u00eancia Mineira em Ouro Preto \u2013 Ver\u00f4nica Manevy\/ Imprensa MG<\/p>\n<p>No dia da cerim\u00f4nia, um decreto do governador transfere simbolicamente por um dia a capital mineira para Ouro Preto, lembrando que o munic\u00edpio exerceu esse papel de 1823 a 1897. A cidade foi tamb\u00e9m o ber\u00e7o da Inconfid\u00eancia Mineira, movimento que confrontou o dom\u00ednio da Coroa portuguesa sobre o Brasil. A revolta terminou em 1972 e Tiradentes, um dos inconfidentes, foi enforcado no Rio de Janeiro no 21 de abril. O epis\u00f3dio completa hoje 226 anos.<\/p>\n<p>Defensor dos direitos humanos como Marielle, o argentino Adolfo P\u00e9rez Esquivel tamb\u00e9m consta na lista dos agraciados. Ele foi o vencedor do Pr\u00eamio Nobel da Paz em 1980. Entre os homenageados, h\u00e1 tamb\u00e9m outros pol\u00edticos como o senador Lindbergh Farias (PT), o deputado federal Delegado Edson Moreira (PR) e o deputado estadual Glaycon Franco (PV), al\u00e9m de prefeitos de munic\u00edpios do interior de Minas Gerais. A lista inclui ainda a reitora da Universidade Federal de Minas Gerais (UFMG), Sandra Regina Goulart Almeida, a cantora Aline Calixto, a cartunista Laerte Coutinho e os presidentes dos clubes Atl\u00e9tico-MG e Cruzeiro, S\u00e9rgio Sette C\u00e2mara e Wagner S\u00e1 Pires. <\/p>\n<p>Atendendo pedidos da comerciantes e moradores de Ouro Preto, a solenidade deste ano ser\u00e1 dividia em dois momentos: a cerim\u00f4nia oficial de tiros, o hasteamento da bandeira e a coloca\u00e7\u00e3o de flores no monumento ao m\u00e1rtir da Inconfid\u00eancia Mineira ser\u00e3o realizados na Pra\u00e7a Tiradentes. J\u00e1 a entrega das medalhas foi deslocada do centro de munic\u00edpio para o Centro de Artes e Conven\u00e7\u00f5es da Universidade Federal de Ouro Preto (Ufop).<\/p>\n<p>Em mem\u00f3ria<\/p>\n<p>A homenagem in memorian tem sido comum. Al\u00e9m de Marielle e Anderson, receber\u00e3o a Grande Medalha nesta condi\u00e7\u00e3o o ex-jogador de v\u00f4lei e dirigente esportivo Bebeto de Freitas, que morreu h\u00e1 pouco mais de um m\u00eas, e o ex-deputado federal Ricardo Zarattini (PT), morto em outubro do ano passado.<\/p>\n<p>No ano passado, o principal homenageado tamb\u00e9m foi agraciado in memorian: o ex-presidente da \u00c1frica do Sul, Nelson Mandela, \u00edcone mundial da luta contra o racismo que morreu em 2013. Em seu nome, o embaixador sul-africano Ntshikiwane Joseph Mashimbye recebeu o Grande Colar, a m\u00e1xima designa\u00e7\u00e3o. Um ano antes, ele foi entregue ao ex-presidente uruguaio Jos\u00e9 Mujica. Nesta edi\u00e7\u00e3o, ningu\u00e9m ser\u00e1 agraciado com o Grande Colar.<\/p>\n","protected":false},"excerpt":{"rendered":"<p>Por Leo Rodrigues, da Agencia Brasil &#8211; A Medalha da Inconfid\u00eancia, maior honraria do governo de Minas Gerais, ser\u00e1 concedida hoje (20) \u00e0 vereadora do Rio de Janeiro, Marielle Franco (PSOL), e ao motorista Anderson Gomes, assassinados h\u00e1 pouco mais de um m\u00eas. Trata-se de uma homenagem in memorian, isto \u00e9, prestada a uma pessoa&#8230;<a class=\"more-link\" href=\"http:\/\/blogdalucianaoliveira.com.br\/blog\/2018\/04\/21\/medalha-da-inconfidencia-sera-concedida-hoje-a-marielle-franco\/\">Continue a leitura <span class=\"meta-nav\">&raquo;<\/span><\/a><\/p>\n","protected":false},"author":1,"featured_media":0,"comment_status":"closed","ping_status":"open","sticky":false,"template":"","format":"standard","meta":{"_exactmetrics_skip_tracking":false,"_exactmetrics_sitenote_active":false,"_exactmetrics_sitenote_note":"","_exactmetrics_sitenote_category":0,"jetpack_post_was_ever_published":false,"_jetpack_newsletter_access":"","_jetpack_dont_email_post_to_subs":false,"_jetpack_newsletter_tier_id":0,"_jetpack_memberships_contains_paywalled_content":false,"_jetpack_memberships_contains_paid_content":false,"footnotes":"","jetpack_publicize_message":"","jetpack_publicize_feature_enabled":true,"jetpack_social_post_already_shared":true,"jetpack_social_options":{"image_generator_settings":{"template":"highway","enabled":false},"version":2}},"categories":[1],"tags":[],"class_list":["post-17686","post","type-post","status-publish","format-standard","hentry","category-notas"],"jetpack_publicize_connections":[],"jetpack_sharing_enabled":true,"jetpack_featured_media_url":"","jetpack_shortlink":"https:\/\/wp.me\/p7wKYW-4Bg","jetpack-related-posts":[],"_links":{"self":[{"href":"http:\/\/blogdalucianaoliveira.com.br\/blog\/wp-json\/wp\/v2\/posts\/17686","targetHints":{"allow":["GET"]}}],"collection":[{"href":"http:\/\/blogdalucianaoliveira.com.br\/blog\/wp-json\/wp\/v2\/posts"}],"about":[{"href":"http:\/\/blogdalucianaoliveira.com.br\/blog\/wp-json\/wp\/v2\/types\/post"}],"author":[{"embeddable":true,"href":"http:\/\/blogdalucianaoliveira.com.br\/blog\/wp-json\/wp\/v2\/users\/1"}],"replies":[{"embeddable":true,"href":"http:\/\/blogdalucianaoliveira.com.br\/blog\/wp-json\/wp\/v2\/comments?post=17686"}],"version-history":[{"count":1,"href":"http:\/\/blogdalucianaoliveira.com.br\/blog\/wp-json\/wp\/v2\/posts\/17686\/revisions"}],"predecessor-version":[{"id":17688,"href":"http:\/\/blogdalucianaoliveira.com.br\/blog\/wp-json\/wp\/v2\/posts\/17686\/revisions\/17688"}],"wp:attachment":[{"href":"http:\/\/blogdalucianaoliveira.com.br\/blog\/wp-json\/wp\/v2\/media?parent=17686"}],"wp:term":[{"taxonomy":"category","embeddable":true,"href":"http:\/\/blogdalucianaoliveira.com.br\/blog\/wp-json\/wp\/v2\/categories?post=17686"},{"taxonomy":"post_tag","embeddable":true,"href":"http:\/\/blogdalucianaoliveira.com.br\/blog\/wp-json\/wp\/v2\/tags?post=17686"}],"curies":[{"name":"wp","href":"https:\/\/api.w.org\/{rel}","templated":true}]}}