{"id":17706,"date":"2018-04-23T09:17:20","date_gmt":"2018-04-23T13:17:20","guid":{"rendered":"http:\/\/blogdalucianaoliveira.com.br\/blog\/?p=17706"},"modified":"2018-04-23T09:17:20","modified_gmt":"2018-04-23T13:17:20","slug":"brasileiros-se-veem-menos-tolerantes-e-mais-divididos-que-ha-dez-anos-diz-pesquisa","status":"publish","type":"post","link":"http:\/\/blogdalucianaoliveira.com.br\/blog\/2018\/04\/23\/brasileiros-se-veem-menos-tolerantes-e-mais-divididos-que-ha-dez-anos-diz-pesquisa\/","title":{"rendered":"Brasileiros se veem menos tolerantes e mais divididos que h\u00e1 dez anos, diz pesquisa"},"content":{"rendered":"<p><img data-recalc-dims=\"1\" loading=\"lazy\" decoding=\"async\" data-attachment-id=\"17707\" data-permalink=\"http:\/\/blogdalucianaoliveira.com.br\/blog\/2018\/04\/23\/brasileiros-se-veem-menos-tolerantes-e-mais-divididos-que-ha-dez-anos-diz-pesquisa\/int\/\" data-orig-file=\"https:\/\/i0.wp.com\/blogdalucianaoliveira.com.br\/blog\/wp-content\/uploads\/2018\/04\/int.jpg?fit=696%2C392\" data-orig-size=\"696,392\" data-comments-opened=\"0\" data-image-meta=\"{&quot;aperture&quot;:&quot;0&quot;,&quot;credit&quot;:&quot;&quot;,&quot;camera&quot;:&quot;&quot;,&quot;caption&quot;:&quot;&quot;,&quot;created_timestamp&quot;:&quot;0&quot;,&quot;copyright&quot;:&quot;&quot;,&quot;focal_length&quot;:&quot;0&quot;,&quot;iso&quot;:&quot;0&quot;,&quot;shutter_speed&quot;:&quot;0&quot;,&quot;title&quot;:&quot;&quot;,&quot;orientation&quot;:&quot;0&quot;}\" data-image-title=\"int\" data-image-description=\"\" data-image-caption=\"\" data-medium-file=\"https:\/\/i0.wp.com\/blogdalucianaoliveira.com.br\/blog\/wp-content\/uploads\/2018\/04\/int.jpg?fit=300%2C169\" data-large-file=\"https:\/\/i0.wp.com\/blogdalucianaoliveira.com.br\/blog\/wp-content\/uploads\/2018\/04\/int.jpg?fit=600%2C338\" class=\"alignnone size-full wp-image-17707\" src=\"https:\/\/i0.wp.com\/blogdalucianaoliveira.com.br\/blog\/wp-content\/uploads\/2018\/04\/int.jpg?resize=600%2C338\" alt=\"int\" width=\"600\" height=\"338\" srcset=\"https:\/\/i0.wp.com\/blogdalucianaoliveira.com.br\/blog\/wp-content\/uploads\/2018\/04\/int.jpg?w=696 696w, https:\/\/i0.wp.com\/blogdalucianaoliveira.com.br\/blog\/wp-content\/uploads\/2018\/04\/int.jpg?resize=300%2C169 300w, https:\/\/i0.wp.com\/blogdalucianaoliveira.com.br\/blog\/wp-content\/uploads\/2018\/04\/int.jpg?resize=533%2C300 533w\" sizes=\"auto, (max-width: 600px) 100vw, 600px\" \/><\/p>\n<p>&nbsp;<\/p>\n<p>Na BBC, por Val\u00e9ria Perasso &#8211; Os brasileiros se veem mais divididos e menos tolerantes que h\u00e1 dez anos. E veem as diverg\u00eancias pol\u00edticas como o principal foco de tens\u00e3o polarizadora no pa\u00eds.<!--more--><\/p>\n<p>O Brasil, contudo, segue uma tend\u00eancia mundial. \u00c9 o que aponta uma pesquisa da Ipsos Mori feita para a BBC em 27 pa\u00edses com 19.428 mil pessoas.<\/p>\n<p>Questionados se as pessoas est\u00e3o mais ou menos tolerantes em rela\u00e7\u00e3o a pessoas com diferentes origens, culturas e pontos de vista se comparado com a d\u00e9cada passada, 45% dos participantes brasileiros disseram estar menos tolerantes e 29% mais (ainda havia op\u00e7\u00f5es como &#8220;igual como era antes&#8221; e &#8220;n\u00e3o sei&#8221;). A m\u00e9dia global foi 39% e 30% respectivamente.<\/p>\n<p>O porcentual de brasileiros, 62%, que acreditam que o pa\u00eds esteja mais polarizado hoje do que h\u00e1 10 anos tamb\u00e9m \u00e9 superior ao de pessoas no mundo, 58%, que acham que o planeta est\u00e1 mais dividido.<\/p>\n<p>Apenas 16% dos brasileiros acham que o pa\u00eds est\u00e1 menos dividido &#8211; o mesmo percentual de pessoas no mundo que veem uma divis\u00e3o menor na sociedade hoje do que h\u00e1 10 anos.<\/p>\n<p>Os entrevistados tinham ainda como op\u00e7\u00e3o, al\u00e9m de &#8220;mais dividido&#8230;&#8221; ou &#8220;menos dividido&#8230;&#8221;, as resposta &#8220;o mesmo que h\u00e1 dez anos&#8221; e &#8220;n\u00e3o sei&#8221;.<\/p>\n<p>A regi\u00e3o com a maior percep\u00e7\u00e3o de divis\u00e3o nos pa\u00edses hoje (66%) \u00e9 a Europa. A Am\u00e9rica Latina (59%) aparece em segundo &#8211; al\u00e9m do Brasil, foram ouvidas pessoas no M\u00e9xico, Argentina, Chile e Peru.<\/p>\n<figure class=\"media-landscape no-caption full-width\"><span class=\"image-and-copyright-container\"><img data-recalc-dims=\"1\" loading=\"lazy\" decoding=\"async\" class=\"responsive-image__img js-image-replace\" src=\"https:\/\/i0.wp.com\/ichef-1.bbci.co.uk\/news\/624\/cpsprodpb\/DB70\/production\/_100967165_europe_divided_region_640-nc.png?resize=600%2C338&#038;ssl=1\" alt=\"Gr\u00e1fico que mostra que Europa \u00e9 a regi\u00e3o mais dividida\" width=\"600\" height=\"338\" data-highest-encountered-width=\"624\" \/><\/span><\/figure>\n<p>Assim como no Brasil, a pol\u00edtica \u00e9 apontada como principal foco de tens\u00e3o no mundo. Dos mais de 19 mil entrevistados, 44% apontaram vis\u00f5es conflitantes na pol\u00edtica como maior foco de tens\u00e3o em seus pa\u00edses. Esse item \u00e9 tamb\u00e9m citado como o principal foco de tens\u00e3o na Am\u00e9rica Latina.<\/p>\n<p>No Brasil, foi citado por 54% dos entrevistados. Na Argentina, por sua vez, essa porcentagem chega a 70%.<\/p>\n<p>&#8220;\u00c9 uma porcentagem muito, muito alta&#8221;, disse Gottfried. &#8220;Com exce\u00e7\u00e3o da Mal\u00e1sia (74%), essa pesquisa coloca a Argentina no topo em termos de ver diferen\u00e7as pol\u00edticas como principal problema&#8221;, explica Glenn Gottfried, da empresa respons\u00e1vel pela pesquisa e que monitorou o trabalho de coleta de dados.<\/p>\n<p>Na Europa, al\u00e9m de diverg\u00eancias pol\u00edticas, muitos entrevistados optaram pelo item imigra\u00e7\u00e3o (tens\u00e3o entre imigrantes e pessoas nascidas no pa\u00eds) como foco de tens\u00e3o polarizadora em seus pa\u00edses.<\/p>\n<figure class=\"media-landscape no-caption full-width\"><span class=\"image-and-copyright-container\"><img data-recalc-dims=\"1\" loading=\"lazy\" decoding=\"async\" class=\"responsive-image__img js-image-replace\" src=\"https:\/\/i0.wp.com\/ichef.bbci.co.uk\/news\/624\/cpsprodpb\/15F44\/production\/_100942998_gettyimages-831506022.jpg?resize=600%2C338&#038;ssl=1\" alt=\"pessoas em bolhas\" width=\"600\" height=\"338\" data-highest-encountered-width=\"624\" \/><span class=\"off-screen\">Direito de imagem<\/span><span class=\"story-image-copyright\">GREMLIN\/GETTY IMAGES<\/span><\/span><\/figure>\n<p>Mas, enquanto a tens\u00e3o entre imigrantes e locais \u00e9 citada como problema por 61% dos italianos, 50% dos brit\u00e2nicos e 46% dos alem\u00e3es, apenas 8% dos brasileiros a veem como foco de tens\u00e3o no pa\u00eds.<\/p>\n<p>O terceiro item mais apontado no mundo como foco de inquietude \u00e9 a tens\u00e3o social entre ricos e pobres, escolhido por 65% dos russos e chineses que participaram da pesquisa. No Brasil, essa porcentagem \u00e9 de 40%.<\/p>\n<p>A pesquisa permitia mais de uma resposta para a pergunta sobre fontes de tens\u00e3o. Al\u00e9m da tens\u00e3o entre pessoas de vis\u00f5es pol\u00edticas divergentes, entre ricos e pobres e entre imigrantes e locais, os entrevistados podiam escolher a tens\u00e3o entre jovens e velhos, homens e mulheres, grupos religiosos e etnias diferentes.<\/p>\n<figure class=\"media-landscape no-caption full-width\"><span class=\"image-and-copyright-container\"><img data-recalc-dims=\"1\" loading=\"lazy\" decoding=\"async\" class=\"responsive-image__img responsive-image__img--loading js-image-replace\" src=\"https:\/\/i0.wp.com\/ichef-1.bbci.co.uk\/news\/624\/cpsprodpb\/2770\/production\/_100969001_perceptions_vary_world_640-.jpg.png?resize=600%2C338&#038;ssl=1\" alt=\"Gr\u00e1ficos que apontam maior fonte de tens\u00e3o em diferentes pa\u00edses\" width=\"600\" height=\"338\" data-highest-encountered-width=\"624\" \/><\/span><\/figure>\n<p>Na Europa, foram coletados dados em 11 pa\u00edses: B\u00e9lgica, Fran\u00e7a, Alemanha, Hungria, It\u00e1lia, Pol\u00f4nia, R\u00fassia, Espanha, Su\u00e9cia, S\u00e9rvia e Reino Unido.<\/p>\n<p>&#8220;Toda a Europa mostra uma tend\u00eancia muito similar, com pelo menos tr\u00eas entre quatro participantes dizendo que suas respectivas sociedades est\u00e3o muito ou razoavelmente divididas&#8221;, diz Glenn Gottfried.<\/p>\n<p>Para Gottfried, as divis\u00f5es entre os europeus cresceram de forma mais proeminente. &#8220;Isso pode ser um reflexo do clima pol\u00edtico e da guinada mais \u00e0 direita que temos visto em algumas partes do continente; isso pode estar fazendo com que as pessoas sintam mais tens\u00f5es. Os dois est\u00e3o correlacionados&#8221;, explica.<\/p>\n<p>Por isso, segundo ele, a quest\u00e3o da imigra\u00e7\u00e3o aparece forte em pa\u00edses como It\u00e1lia, Fran\u00e7a, Su\u00e9cia e Reino Unido. Mas Gottfried diz que as percep\u00e7\u00f5es de divis\u00f5es sociais mais tradicionais ainda persistem, como a entre ricos e pobres,<\/p>\n<div id=\"bbc-news-vj-iframe-content-placeholder\"><\/div>\n<div id=\"ns_datapic_socialdivide-causes-brasil\" class=\"idt__brasil ns_datapic_stat ns_datapic_stat--socialdivide-causes-brasil newsspec_infographic_template\">\n<div class=\"ns_outer_wrapper ns_outer_wrapper__align-bottom\">\n<div class=\"ns_inner_wrapper\">\n<div class=\"ns_header_wrapper\">\n<h2 class=\"ns_title\" data-test-id=\"vj_main_header\">TENS\u00c3O NA SOCIEDADE<\/h2>\n<h3 class=\"ns_subtitle\" data-test-id=\"vj_sub_header\">Onde est\u00e3o as maiores fontes de divis\u00e3o no mundo, segundo entrevistados em 27 pa\u00edses<\/h3>\n<\/div>\n<ul class=\"ns_impact-figures  ns_separator \">\n<li class=\"ns_impact\"><span class=\"ns_impact__fig\">44%<\/span>\u00a0acreditam que a maior fonte de tens\u00e3o est\u00e1 entre quem difere politicamente; no Brasil s\u00e3o 54%<\/li>\n<li class=\"ns_impact\"><span class=\"ns_impact__fig\">36%<\/span>\u00a0dizem estar entre ricos e pobres; no Brasil s\u00e3o 40%<\/li>\n<li class=\"ns_impact\"><span class=\"ns_impact__fig\">30%<\/span>\u00a0acham que h\u00e1 tens\u00e3o entre imigrantes e pessoas que nasceram no pa\u00eds; no Brasil s\u00e3o 8%<\/li>\n<li class=\"ns_impact\"><span class=\"ns_impact__fig\">27%<\/span>\u00a0acreditam que a maior divis\u00e3o est\u00e1 entre diferentes grupos religiosos; no Brasil s\u00e3o 38%<\/li>\n<li class=\"ns_impact\"><span class=\"ns_impact__fig\">25%<\/span>\u00a0acham que est\u00e3o entre diferentes etnias; no Brasil tamb\u00e9m<\/li>\n<li class=\"ns_impact\"><span class=\"ns_impact__fig\">11%<\/span>\u00a0v\u00eaem divis\u00e3o entre idosos e jovens \/ homens e mulheres<\/li>\n<\/ul>\n<div class=\"ns_footer ns_small-text\">Ipsos-BBC. Pesquisa online em 27 pa\u00edses.<\/div>\n<\/div>\n<div class=\"ns_outer_wrapper_img_src\">Getty<\/div>\n<\/div>\n<\/div>\n<p>&#8220;As tens\u00f5es baseadas na classe social e na renda ainda existem. No Reino Unido, por exemplo, cerca de um ter\u00e7o dos entrevistados v\u00ea tens\u00f5es entre ricos e pobres. Na Hungria mais pessoas veem tens\u00f5es entre ricos e pobres que em rela\u00e7\u00f5es a imigrantes&#8221;, observa.<\/p>\n<p>Na Am\u00e9rica Latina, pelo menos tr\u00eas quartos dos participantes se veem divididos, a maioria por causa de quest\u00f5es pol\u00edticas, mas tamb\u00e9m pela tens\u00e3o entre ricos e pobres.<\/p>\n<p>No Brasil, as diferen\u00e7as religiosas tamb\u00e9m s\u00e3o apontadas como um grande problema por 38% dos entrevistados. Na Argentina, o tema \u00e9 visto por apenas 8% como motivo de divis\u00e3o da sociedade.<\/p>\n<p>Os argentinos, contudo, t\u00eam uma alta percep\u00e7\u00e3o de que o pa\u00eds est\u00e1 dividido. Mais de 90% dos participantes disseram que a Argentina \u00e9 um pa\u00eds muito ou relativamente dividido e 40% disse que a situa\u00e7\u00e3o piorou nos \u00faltimos dez anos.<\/p>\n<hr class=\"story-body__line\" \/>\n<h2 class=\"story-body__crosshead\">An\u00e1lise: Pol\u00edtica rachada na Argentina<\/h2>\n<p><i>O presidente da Argentina, Maur\u00edcio Macri, fez campanha em 2015 prometendo acabar com &#8220;la grieta&#8221;, termo usado para descrever a polariza\u00e7\u00e3o que cresceu no pa\u00eds durante os governos dos Kirchner (2003-2015).<\/i><\/p>\n<p><i>No entanto, esse racha, que ainda faz parte da ret\u00f3rica argentina e \u00e9 mencionado de forma recorrente pela m\u00eddia, est\u00e1 longe de acabar durante a gest\u00e3o de Macri. Na verdade, ela pode ter se aprofundado, j\u00e1 que mais de 40% das pessoas sugeriram que seu pa\u00eds estava mais dividido agora do que h\u00e1 10 anos.<\/i><\/p>\n<p><i>Para o soci\u00f3logo Martin Gendler, da Universidade de Buenos Aires, \u00e9 &#8220;interessante ver como as pessoas percebem esse racha como um fen\u00f4meno recente&#8221;.<\/i><\/p>\n<p><i>&#8220;Na verdade, este pa\u00eds foi fundado com base numa s\u00e9rie de dualidades e rivalidades que est\u00e3o l\u00e1 desde os prim\u00f3rdios da na\u00e7\u00e3o, e s\u00e3o ainda mais agudas do que em outros pa\u00edses. Elas foram reinterpretadas e ganharam novos significados ao longo dos anos, mas sempre giraram, em grande parte, em torno do confronto entre populismo versus antipopulismo&#8221;.<\/i><\/p>\n<hr class=\"story-body__line\" \/>\n<p><strong>Um mundo muito menos tolerante<\/strong><strong>?<\/strong><\/p>\n<p>Gottfied, contudo, \u00e9 otimista. Ele diz que a pesquisa revela alguns indicadores e tend\u00eancias positivos.<\/p>\n<p>Dois ter\u00e7os dos participantes afiram que as pessoas no mundo t\u00eam mais coisas em comum que diferen\u00e7as.<\/p>\n<p>&#8220;Apenas um pequeno n\u00famero diz que misturar pessoas com diferentes origens, culturas e pontos de vista causa conflitos&#8221;, salienta Gottfried.<\/p>\n<figure class=\"media-landscape no-caption full-width\"><span class=\"image-and-copyright-container\"><img data-recalc-dims=\"1\" loading=\"lazy\" decoding=\"async\" class=\"responsive-image__img js-image-replace\" src=\"https:\/\/i0.wp.com\/ichef.bbci.co.uk\/news\/624\/cpsprodpb\/14F72\/production\/_100847858_gettyimages-165037387.jpg?resize=600%2C338&#038;ssl=1\" alt=\"Two men holding separate pieces of a puzzle over a rift\" width=\"600\" height=\"338\" data-highest-encountered-width=\"624\" \/><span class=\"off-screen\">Direito de imagem<\/span><span class=\"story-image-copyright\">MIREKP<\/span><\/span><\/figure>\n<p>Al\u00e9m disso, um ter\u00e7o dos participantes disse que essas intera\u00e7\u00f5es podem levar a mal-entendidos, mas que estes podem ser superados. Ainda segundo a pesquisa, 40% dos entrevistados acreditam ser poss\u00edvel alcan\u00e7ar um melhor entendimento e respeito m\u00fatuos.<\/p>\n<p>O Canad\u00e1, por exemplo, aparece como um dos pa\u00edses com mais alta percep\u00e7\u00e3o de toler\u00e2ncia: 74% dos canadenses disseram que o pa\u00eds \u00e9 muito ou razoavelmente tolerante com pessoas de diferentes origens ou pontos de vista, seguidos por 65% dos chineses e 64% dos malaios.<\/p>\n<hr class=\"story-body__line\" \/>\n<p><i>Gr\u00e1ficos: William Dahlgreen, BBC Jornalismo Visual.<\/i><\/p>\n","protected":false},"excerpt":{"rendered":"<p>&nbsp; Na BBC, por Val\u00e9ria Perasso &#8211; Os brasileiros se veem mais divididos e menos tolerantes que h\u00e1 dez anos. E veem as diverg\u00eancias pol\u00edticas como o principal foco de tens\u00e3o polarizadora no pa\u00eds.<\/p>\n","protected":false},"author":1,"featured_media":0,"comment_status":"closed","ping_status":"open","sticky":false,"template":"","format":"standard","meta":{"_exactmetrics_skip_tracking":false,"_exactmetrics_sitenote_active":false,"_exactmetrics_sitenote_note":"","_exactmetrics_sitenote_category":0,"jetpack_post_was_ever_published":false,"_jetpack_newsletter_access":"","_jetpack_dont_email_post_to_subs":false,"_jetpack_newsletter_tier_id":0,"_jetpack_memberships_contains_paywalled_content":false,"_jetpack_memberships_contains_paid_content":false,"footnotes":"","jetpack_publicize_message":"","jetpack_publicize_feature_enabled":true,"jetpack_social_post_already_shared":true,"jetpack_social_options":{"image_generator_settings":{"template":"highway","enabled":false},"version":2}},"categories":[1],"tags":[],"class_list":["post-17706","post","type-post","status-publish","format-standard","hentry","category-notas"],"jetpack_publicize_connections":[],"jetpack_sharing_enabled":true,"jetpack_featured_media_url":"","jetpack_shortlink":"https:\/\/wp.me\/p7wKYW-4BA","jetpack-related-posts":[],"_links":{"self":[{"href":"http:\/\/blogdalucianaoliveira.com.br\/blog\/wp-json\/wp\/v2\/posts\/17706","targetHints":{"allow":["GET"]}}],"collection":[{"href":"http:\/\/blogdalucianaoliveira.com.br\/blog\/wp-json\/wp\/v2\/posts"}],"about":[{"href":"http:\/\/blogdalucianaoliveira.com.br\/blog\/wp-json\/wp\/v2\/types\/post"}],"author":[{"embeddable":true,"href":"http:\/\/blogdalucianaoliveira.com.br\/blog\/wp-json\/wp\/v2\/users\/1"}],"replies":[{"embeddable":true,"href":"http:\/\/blogdalucianaoliveira.com.br\/blog\/wp-json\/wp\/v2\/comments?post=17706"}],"version-history":[{"count":1,"href":"http:\/\/blogdalucianaoliveira.com.br\/blog\/wp-json\/wp\/v2\/posts\/17706\/revisions"}],"predecessor-version":[{"id":17708,"href":"http:\/\/blogdalucianaoliveira.com.br\/blog\/wp-json\/wp\/v2\/posts\/17706\/revisions\/17708"}],"wp:attachment":[{"href":"http:\/\/blogdalucianaoliveira.com.br\/blog\/wp-json\/wp\/v2\/media?parent=17706"}],"wp:term":[{"taxonomy":"category","embeddable":true,"href":"http:\/\/blogdalucianaoliveira.com.br\/blog\/wp-json\/wp\/v2\/categories?post=17706"},{"taxonomy":"post_tag","embeddable":true,"href":"http:\/\/blogdalucianaoliveira.com.br\/blog\/wp-json\/wp\/v2\/tags?post=17706"}],"curies":[{"name":"wp","href":"https:\/\/api.w.org\/{rel}","templated":true}]}}