{"id":17714,"date":"2018-04-23T13:51:11","date_gmt":"2018-04-23T17:51:11","guid":{"rendered":"http:\/\/blogdalucianaoliveira.com.br\/blog\/?p=17714"},"modified":"2018-04-23T13:51:11","modified_gmt":"2018-04-23T17:51:11","slug":"reforma-trabalhista-perde-validade-nesta-segunda-feira","status":"publish","type":"post","link":"http:\/\/blogdalucianaoliveira.com.br\/blog\/2018\/04\/23\/reforma-trabalhista-perde-validade-nesta-segunda-feira\/","title":{"rendered":"Reforma trabalhista perde validade nesta segunda-feira"},"content":{"rendered":"<p><img data-recalc-dims=\"1\" loading=\"lazy\" decoding=\"async\" data-attachment-id=\"17715\" data-permalink=\"http:\/\/blogdalucianaoliveira.com.br\/blog\/2018\/04\/23\/reforma-trabalhista-perde-validade-nesta-segunda-feira\/trai\/\" data-orig-file=\"https:\/\/i0.wp.com\/blogdalucianaoliveira.com.br\/blog\/wp-content\/uploads\/2018\/04\/trai.jpg?fit=960%2C960\" data-orig-size=\"960,960\" data-comments-opened=\"0\" data-image-meta=\"{&quot;aperture&quot;:&quot;0&quot;,&quot;credit&quot;:&quot;&quot;,&quot;camera&quot;:&quot;&quot;,&quot;caption&quot;:&quot;&quot;,&quot;created_timestamp&quot;:&quot;0&quot;,&quot;copyright&quot;:&quot;&quot;,&quot;focal_length&quot;:&quot;0&quot;,&quot;iso&quot;:&quot;0&quot;,&quot;shutter_speed&quot;:&quot;0&quot;,&quot;title&quot;:&quot;&quot;,&quot;orientation&quot;:&quot;0&quot;}\" data-image-title=\"trai\" data-image-description=\"\" data-image-caption=\"\" data-medium-file=\"https:\/\/i0.wp.com\/blogdalucianaoliveira.com.br\/blog\/wp-content\/uploads\/2018\/04\/trai.jpg?fit=300%2C300\" data-large-file=\"https:\/\/i0.wp.com\/blogdalucianaoliveira.com.br\/blog\/wp-content\/uploads\/2018\/04\/trai.jpg?fit=600%2C600\" class=\"alignnone size-full wp-image-17715\" src=\"https:\/\/i0.wp.com\/blogdalucianaoliveira.com.br\/blog\/wp-content\/uploads\/2018\/04\/trai.jpg?resize=600%2C600\" alt=\"trai\" width=\"600\" height=\"600\" srcset=\"https:\/\/i0.wp.com\/blogdalucianaoliveira.com.br\/blog\/wp-content\/uploads\/2018\/04\/trai.jpg?w=960 960w, https:\/\/i0.wp.com\/blogdalucianaoliveira.com.br\/blog\/wp-content\/uploads\/2018\/04\/trai.jpg?resize=150%2C150 150w, https:\/\/i0.wp.com\/blogdalucianaoliveira.com.br\/blog\/wp-content\/uploads\/2018\/04\/trai.jpg?resize=300%2C300 300w, https:\/\/i0.wp.com\/blogdalucianaoliveira.com.br\/blog\/wp-content\/uploads\/2018\/04\/trai.jpg?resize=768%2C768 768w\" sizes=\"auto, (max-width: 600px) 100vw, 600px\" \/><\/p>\n<div id=\"texto\">\n<p>O governo ainda avalia como pode regulamentar a reforma trabalhista e estuda que pontos podem ser resolvidos por meio de decreto presidencial.<!--more--><\/p>\n<p>No Blog da Cidadania, por Eduardo Guimar\u00e3es &#8211; T\u00e9cnicos analisam o que pode ser feito diante da perda de validade, nesta segunda-feira, de medida provis\u00f3ria enviada ao Congresso em novembro passado para regulamentar pontos considerados d\u00fabios da reforma trabalhista, como sua validade para contratos de trabalho firmados antes da mudan\u00e7a.<\/p>\n<p>A reforma foi aprovada pelo Congresso em julho de 2017.<\/p>\n<p>Segundo a fonte palaciana, que pediu anonimato, a abrang\u00eancia da reforma para todos os contratos, ponto que deve enfrentar forte incerteza jur\u00eddica daqui para frente, n\u00e3o pode ser resolvida por decreto.<\/p>\n<p>Uma reuni\u00e3o com o ministro da Casa Civil, Eliseu Padilha, deve ocorrer nesta semana para tratar do assunto, acrescentou a fonte.<\/p>\n<p>Outro problema que o governo enfrenta na regulamenta\u00e7\u00e3o \u00e9 a dificuldade de aprovar um projeto de lei ou mesmo outra medida provis\u00f3ria. O Planalto tem tido dificuldades para mobilizar a base mesmo em temas considerados priorit\u00e1rios, como a reonera\u00e7\u00e3o da folha de pagamento de alguns setores e a privatiza\u00e7\u00e3o da Eletrobr\u00e1s.<\/p>\n<p>Para aprovar a reforma trabalhista, que flexibilizou as rela\u00e7\u00f5es entre empregadores e empregados, o governo argumentou que a maior liberdade ajudaria na formaliza\u00e7\u00e3o das rela\u00e7\u00f5es de trabalho, com gera\u00e7\u00e3o de vagas e ganhos de produtividade na economia.<\/p>\n<p>At\u00e9 o momento, no entanto, a taxa de desemprego segue alta, com mais de 13 milh\u00f5es de pessoas sem trabalho, em meio a sinais irregulares de retomada da atividade neste in\u00edcio de ano.<\/p>\n<p>A MP tamb\u00e9m representou uma forma de o governo atender a reivindica\u00e7\u00f5es do Senado para a reforma trabalhista. Isso porque os senadores concordaram em aprovar o texto da forma como chegou da C\u00e2mara dos Deputados para n\u00e3o atrasar sua tramita\u00e7\u00e3o, mas desde que o governo atendesse reivindica\u00e7\u00f5es espec\u00edficas discutidas na Casa via MP.<\/p>\n<p>Dentre outros pontos, a MP regulamentava que a jornada de 12 horas de trabalho seguidas por 36 horas ininterruptas de descanso poderia ser estipulada por meio de conven\u00e7\u00e3o coletiva ou acordo coletivo de trabalho, sendo que para entidades no setor de sa\u00fade a possibilidade poderia ser pactuada por meio de acordo individual escrito.<\/p>\n<p>A MP tamb\u00e9m estabeleceu o afastamento de mulheres gr\u00e1vidas de atividades insalubres em grau m\u00e1ximo, deixando a porta aberta, por outro lado, para continuarem exercendo atividades insalubres em grau m\u00e9dio e m\u00ednimo quanto as gestantes apresentassem voluntariamente atestado de sa\u00fade autorizando essa perman\u00eancia.<\/p>\n<p>Com informa\u00e7\u00f5es\u00a0Reuters<\/p>\n<\/div>\n<div class=\"addtoany_share_save_container addtoany_content addtoany_content_bottom\"><\/div>\n","protected":false},"excerpt":{"rendered":"<p>O governo ainda avalia como pode regulamentar a reforma trabalhista e estuda que pontos podem ser resolvidos por meio de decreto presidencial.<\/p>\n","protected":false},"author":1,"featured_media":0,"comment_status":"closed","ping_status":"open","sticky":false,"template":"","format":"standard","meta":{"_exactmetrics_skip_tracking":false,"_exactmetrics_sitenote_active":false,"_exactmetrics_sitenote_note":"","_exactmetrics_sitenote_category":0,"jetpack_post_was_ever_published":false,"_jetpack_newsletter_access":"","_jetpack_dont_email_post_to_subs":false,"_jetpack_newsletter_tier_id":0,"_jetpack_memberships_contains_paywalled_content":false,"_jetpack_memberships_contains_paid_content":false,"footnotes":"","jetpack_publicize_message":"","jetpack_publicize_feature_enabled":true,"jetpack_social_post_already_shared":true,"jetpack_social_options":{"image_generator_settings":{"template":"highway","enabled":false},"version":2}},"categories":[1],"tags":[],"class_list":["post-17714","post","type-post","status-publish","format-standard","hentry","category-notas"],"jetpack_publicize_connections":[],"jetpack_sharing_enabled":true,"jetpack_featured_media_url":"","jetpack_shortlink":"https:\/\/wp.me\/p7wKYW-4BI","jetpack-related-posts":[],"_links":{"self":[{"href":"http:\/\/blogdalucianaoliveira.com.br\/blog\/wp-json\/wp\/v2\/posts\/17714","targetHints":{"allow":["GET"]}}],"collection":[{"href":"http:\/\/blogdalucianaoliveira.com.br\/blog\/wp-json\/wp\/v2\/posts"}],"about":[{"href":"http:\/\/blogdalucianaoliveira.com.br\/blog\/wp-json\/wp\/v2\/types\/post"}],"author":[{"embeddable":true,"href":"http:\/\/blogdalucianaoliveira.com.br\/blog\/wp-json\/wp\/v2\/users\/1"}],"replies":[{"embeddable":true,"href":"http:\/\/blogdalucianaoliveira.com.br\/blog\/wp-json\/wp\/v2\/comments?post=17714"}],"version-history":[{"count":1,"href":"http:\/\/blogdalucianaoliveira.com.br\/blog\/wp-json\/wp\/v2\/posts\/17714\/revisions"}],"predecessor-version":[{"id":17716,"href":"http:\/\/blogdalucianaoliveira.com.br\/blog\/wp-json\/wp\/v2\/posts\/17714\/revisions\/17716"}],"wp:attachment":[{"href":"http:\/\/blogdalucianaoliveira.com.br\/blog\/wp-json\/wp\/v2\/media?parent=17714"}],"wp:term":[{"taxonomy":"category","embeddable":true,"href":"http:\/\/blogdalucianaoliveira.com.br\/blog\/wp-json\/wp\/v2\/categories?post=17714"},{"taxonomy":"post_tag","embeddable":true,"href":"http:\/\/blogdalucianaoliveira.com.br\/blog\/wp-json\/wp\/v2\/tags?post=17714"}],"curies":[{"name":"wp","href":"https:\/\/api.w.org\/{rel}","templated":true}]}}