{"id":17717,"date":"2018-04-24T09:02:00","date_gmt":"2018-04-24T13:02:00","guid":{"rendered":"http:\/\/blogdalucianaoliveira.com.br\/blog\/?p=17717"},"modified":"2018-04-24T09:02:00","modified_gmt":"2018-04-24T13:02:00","slug":"conceicao-lemes-o-caso-da-desembargadora-que-ofendeu-marielle-se-encaminha-para-ficar-por-isso-mesmo","status":"publish","type":"post","link":"http:\/\/blogdalucianaoliveira.com.br\/blog\/2018\/04\/24\/conceicao-lemes-o-caso-da-desembargadora-que-ofendeu-marielle-se-encaminha-para-ficar-por-isso-mesmo\/","title":{"rendered":"Concei\u00e7\u00e3o Lemes: O caso da desembargadora que ofendeu Marielle se encaminha para ficar por isso mesmo"},"content":{"rendered":"<p><img data-recalc-dims=\"1\" loading=\"lazy\" decoding=\"async\" data-attachment-id=\"17115\" data-permalink=\"http:\/\/blogdalucianaoliveira.com.br\/blog\/2018\/03\/20\/o-povo-contra-marilia-castro-nega-perdao\/desembargadora-marilia-castro-neves\/\" data-orig-file=\"https:\/\/i0.wp.com\/blogdalucianaoliveira.com.br\/blog\/wp-content\/uploads\/2018\/03\/desembargadora-marilia-castro-neves.jpg?fit=840%2C577\" data-orig-size=\"840,577\" data-comments-opened=\"0\" data-image-meta=\"{&quot;aperture&quot;:&quot;0&quot;,&quot;credit&quot;:&quot;&quot;,&quot;camera&quot;:&quot;&quot;,&quot;caption&quot;:&quot;&quot;,&quot;created_timestamp&quot;:&quot;0&quot;,&quot;copyright&quot;:&quot;&quot;,&quot;focal_length&quot;:&quot;0&quot;,&quot;iso&quot;:&quot;0&quot;,&quot;shutter_speed&quot;:&quot;0&quot;,&quot;title&quot;:&quot;&quot;,&quot;orientation&quot;:&quot;0&quot;}\" data-image-title=\"desembargadora-marilia-castro-neves\" data-image-description=\"\" data-image-caption=\"\" data-medium-file=\"https:\/\/i0.wp.com\/blogdalucianaoliveira.com.br\/blog\/wp-content\/uploads\/2018\/03\/desembargadora-marilia-castro-neves.jpg?fit=300%2C206\" data-large-file=\"https:\/\/i0.wp.com\/blogdalucianaoliveira.com.br\/blog\/wp-content\/uploads\/2018\/03\/desembargadora-marilia-castro-neves.jpg?fit=600%2C412\" class=\"alignnone size-full wp-image-17115\" src=\"https:\/\/i0.wp.com\/blogdalucianaoliveira.com.br\/blog\/wp-content\/uploads\/2018\/03\/desembargadora-marilia-castro-neves.jpg?resize=600%2C412\" alt=\"desembargadora-marilia-castro-neves\" width=\"600\" height=\"412\" srcset=\"https:\/\/i0.wp.com\/blogdalucianaoliveira.com.br\/blog\/wp-content\/uploads\/2018\/03\/desembargadora-marilia-castro-neves.jpg?w=840 840w, https:\/\/i0.wp.com\/blogdalucianaoliveira.com.br\/blog\/wp-content\/uploads\/2018\/03\/desembargadora-marilia-castro-neves.jpg?resize=300%2C206 300w, https:\/\/i0.wp.com\/blogdalucianaoliveira.com.br\/blog\/wp-content\/uploads\/2018\/03\/desembargadora-marilia-castro-neves.jpg?resize=768%2C528 768w, https:\/\/i0.wp.com\/blogdalucianaoliveira.com.br\/blog\/wp-content\/uploads\/2018\/03\/desembargadora-marilia-castro-neves.jpg?resize=437%2C300 437w\" sizes=\"auto, (max-width: 600px) 100vw, 600px\" \/> <img data-recalc-dims=\"1\" loading=\"lazy\" decoding=\"async\" data-attachment-id=\"17718\" data-permalink=\"http:\/\/blogdalucianaoliveira.com.br\/blog\/2018\/04\/24\/conceicao-lemes-o-caso-da-desembargadora-que-ofendeu-marielle-se-encaminha-para-ficar-por-isso-mesmo\/dese\/\" data-orig-file=\"https:\/\/i0.wp.com\/blogdalucianaoliveira.com.br\/blog\/wp-content\/uploads\/2018\/04\/dese.jpeg?fit=780%2C434\" data-orig-size=\"780,434\" data-comments-opened=\"0\" data-image-meta=\"{&quot;aperture&quot;:&quot;0&quot;,&quot;credit&quot;:&quot;&quot;,&quot;camera&quot;:&quot;&quot;,&quot;caption&quot;:&quot;&quot;,&quot;created_timestamp&quot;:&quot;0&quot;,&quot;copyright&quot;:&quot;&quot;,&quot;focal_length&quot;:&quot;0&quot;,&quot;iso&quot;:&quot;0&quot;,&quot;shutter_speed&quot;:&quot;0&quot;,&quot;title&quot;:&quot;&quot;,&quot;orientation&quot;:&quot;0&quot;}\" data-image-title=\"dese\" data-image-description=\"\" data-image-caption=\"\" data-medium-file=\"https:\/\/i0.wp.com\/blogdalucianaoliveira.com.br\/blog\/wp-content\/uploads\/2018\/04\/dese.jpeg?fit=300%2C167\" data-large-file=\"https:\/\/i0.wp.com\/blogdalucianaoliveira.com.br\/blog\/wp-content\/uploads\/2018\/04\/dese.jpeg?fit=600%2C334\" class=\"alignnone size-full wp-image-17718\" src=\"https:\/\/i0.wp.com\/blogdalucianaoliveira.com.br\/blog\/wp-content\/uploads\/2018\/04\/dese.jpeg?resize=600%2C334\" alt=\"dese\" width=\"600\" height=\"334\" srcset=\"https:\/\/i0.wp.com\/blogdalucianaoliveira.com.br\/blog\/wp-content\/uploads\/2018\/04\/dese.jpeg?w=780 780w, https:\/\/i0.wp.com\/blogdalucianaoliveira.com.br\/blog\/wp-content\/uploads\/2018\/04\/dese.jpeg?resize=300%2C167 300w, https:\/\/i0.wp.com\/blogdalucianaoliveira.com.br\/blog\/wp-content\/uploads\/2018\/04\/dese.jpeg?resize=768%2C427 768w, https:\/\/i0.wp.com\/blogdalucianaoliveira.com.br\/blog\/wp-content\/uploads\/2018\/04\/dese.jpeg?resize=539%2C300 539w\" sizes=\"auto, (max-width: 600px) 100vw, 600px\" \/><\/p>\n<p>No Vi O Mundo, por Concei\u00e7\u00e3o Lemes &#8211;\u00a0Na \u00faltima quarta-feira (18\/04), a desembargadora Mar\u00edlia de Castro Neves postou no Facebook um pedido de desculpas (na \u00edntegra, ao final) \u00e0 vereadora Marielle Franco (Psol-RJ), ao deputado federal Jean Wyllys (Psol-RJ) e a D\u00e9bora Ara\u00fajo Seabra de Moura, a primeira professora brasileira portadora da s\u00edndrome de Down.<\/p>\n<p>A mensagem tem 2.353 caracteres com espa\u00e7o, distribu\u00eddos em 37 linhas.<!--more--><\/p>\n<p>&nbsp;<\/p>\n<p>\u00c9 dirigida a D\u00e9bora, a quem magistrada, num grupo fechado dessa rede social, ofendeu, questionando a capacidade de algu\u00e9m com Down dar aulas.<\/p>\n<p>No finzinho, em apenas 579 caracteres com espa\u00e7o (representam 24% do texto), a magistrada \u201caproveita o ensejo para tamb\u00e9m se desculpar\u201d com os dois psolistas.<\/p>\n<p>Marielle foi executada em 14 de mar\u00e7o, no Rio de Janeiro.<\/p>\n<p>Horas depois, a desembargadora acusou-a, em mensagem aberta no Facebook, de \u201cestar engajada com bandidos\u201d e\u00a0 de ter sido \u201celeita pelo Comando Vermelho\u201d. Afirmou ainda que Marielle \u201cprovou o rem\u00e9dio que receitava\u201d.<\/p>\n<p>No mesmo perfil, em 29 de dezembro de 2015, a desembargadora pediu um \u201cpared\u00e3o\u201d para matar Jean Wyllys.<\/p>\n<p>Entre a cal\u00fania a Marielle e o pedido de desculpas \u00e0 mem\u00f3ria da vereadora cruelmente assassinada se passaram 32 dias.<\/p>\n<p>Mar\u00edlia de Castro Neves n\u00e3o \u00e9 nenhuma jovem desinformada.<\/p>\n<p>Ela \u00e9 desembargadora do Tribunal de Justi\u00e7a do Rio de Janeiro.<\/p>\n<p>Foi nomeada pelo quinto constitucional, quando seu ex-marido, Marfan Martins Vieira, era procurador-geral de Justi\u00e7a do Rio de Janeiro, ou seja, chefe de todo o Minist\u00e9rio P\u00fablico fluminense.<\/p>\n<p>Antes, Mar\u00edlia foi promotora e chegou a procuradora de Justi\u00e7a.<\/p>\n<p>Pertenceu, portanto, ao Minist\u00e9rio P\u00fablico, cuja fun\u00e7\u00e3o institucional \u00e9 defender os direitos difusos e coletivos.<\/p>\n<p>Logo, teria a obriga\u00e7\u00e3o de zelar pelos direitos humanos e combater preconceitos de toda a natureza.<\/p>\n<p>Mas fez o oposto ao caluniar Marielle, desdenhar e debochar de D\u00e9bora e colocar em risco a vida de Jean Wyllys, j\u00e1 que sua mensagem \u00e9 incentivo para algu\u00e9m assassin\u00e1-lo.<\/p>\n<p>A desembargadora \u00e9 reincidente.<\/p>\n<p>Diante desse hist\u00f3rico, 32 dias, convenhamos, \u00e9 um temp\u00e3o para se desculpar.<\/p>\n<p>Por que s\u00f3 agora?<\/p>\n<p>H\u00e1 duas hip\u00f3teses, uma n\u00e3o exclui a outra.<\/p>\n<p>Uma delas: o pedido de desculpas \u00e9 apenas para ingl\u00eas ver; faz parte da sua estrat\u00e9gia de defesa.<\/p>\n<p>A outra hip\u00f3tese que pode t\u00ea-la \u201cestimulado\u201d a pedir desculpas s\u00e3o notas na imprensa nos \u00faltimos 15 dias,\u00a0informando a exist\u00eancia de uma \u201copera\u00e7\u00e3o abafa\u201d.<\/p>\n<p><em>O Globo<\/em>\u00a0\u00a0revelou\u00a0que h\u00e1 press\u00e3o para que\u00a0o\u00a0 procedimento instaurado pelo Conselho Nacional de Justi\u00e7a (CNJ) contra a desembargadora seja arquivado e tudo acabe em pizza.<\/p>\n<p>Segundo fontes do Tribunal de Justi\u00e7a do Estado do Rio de Janeiro, muitos desembargadores pedem pela colega ao corregedor estadual, que \u00e9 candidato a presidente do Tribunal de Justi\u00e7a fluminense. O corregedor depende dos votos deles se quiser se eleger.<\/p>\n<p>Em 15 de abril, o jornalista Lauro Jardim, em sua coluna em\u00a0<em>O Globo<\/em>, revelou que j\u00e1 existem\u00a0<strong><a href=\"https:\/\/blogs.oglobo.globo.com\/lauro-jardim\/post\/processos-contra-desembargadora-que-ofendeu-marielle-avancam.html\">cinco procedimentos contra a desembargadora no CNJ<\/a>;\u00a0<\/strong>o mais avan\u00e7ado est\u00e1 na corregedoria, que j\u00e1 lhe pediu informa\u00e7\u00f5es.<\/p>\n<p>O CNJ, ali\u00e1s, tamb\u00e9m demorou para se manifestar.<\/p>\n<p>Foi s\u00f3 em 20 de mar\u00e7o, ap\u00f3s o Psol e a Associa\u00e7\u00e3o Brasileira de Juristas pela Democracia (ABJD) entrarem com representa\u00e7\u00e3o no \u00f3rg\u00e3o contra a magistrada por postagens sobre Marielle e a professora D\u00e9bora.<\/p>\n<p>Ou seja, quatro dias ap\u00f3s as den\u00fancias sobre a conduta da desembargadora Maria de Castro Neves terem ganhado espa\u00e7o em toda a imprensa.<\/p>\n<p>Em nota assinada pelo corregedor nacional de Justi\u00e7a, ministro Jo\u00e3o Ot\u00e1vio de Noronha, determinou a abertura de\u00a0<a href=\"http:\/\/www.cnj.jus.br\/noticias\/cnj\/86376-marielle-cnj-abre-processo-para-investigar-manifestacoes-de-desembargadora\"><strong>Pedido de Provid\u00eancias<\/strong><\/a>\u00a0para averiguar o caso.<\/p>\n<p><strong>\u2014 Em termos objetivos o que significa \u201cpedido de provid\u00eancias\u201d? \u2013 perguntei ent\u00e3o a um juiz, que n\u00e3o quis falar abertamente,\u00a0 pois a\u00a0Lei Org\u00e2nica da Magistratura Nacional pro\u00edbe a manifesta\u00e7\u00e3o sobre processos pendentes de outros magistrados ou \u00f3rg\u00e3os.<\/strong><\/p>\n<p>\u2014 Um caso como este da desembargadora pode n\u00e3o dar em nada, mas se quiserem me processar por me manifestar e por repudiar a morosidade com que o corregedor do CNJ atua, certamente me pegariam. Por isso n\u00e3o me manifesto publicamente.<\/p>\n<p><strong>\u2014 Que tipo de pena a desembargadora est\u00e1 sujeita? \u2013 acrescentei.<\/strong><\/p>\n<p>A resposta do juiz \u00e9 surpreendente:<\/p>\n<p>\u2014 O pedido de provid\u00eancia (PP) n\u00e3o tem a finalidade de apura\u00e7\u00e3o de faltas funcionais, nem se destina a instaura\u00e7\u00e3o de procedimento administrativo disciplinar.<\/p>\n<p>\u2014 De acordo com o regimento interno do CNJ, a finalidade dos processos autuados como \u201cPedido de Provid\u00eancias\u201d \u00e9 outra.<\/p>\n<p>Diz o artigo 98 do Regimento interno do CNJ:<\/p>\n<p><em>\u201cas propostas e sugest\u00f5es tendentes \u00e0 melhoria da efici\u00eancia e efic\u00e1cia do Poder Judici\u00e1rio bem como todo e qualquer expediente que n\u00e3o tenha classifica\u00e7\u00e3o espec\u00edfica nem seja acess\u00f3rio ou incidente ser\u00e3o inclu\u00eddos na classe de pedido de provid\u00eancias, cabendo ao Plen\u00e1rio do CNJ ou ao Corregedor Nacional de Justi\u00e7a, conforme a respectiva compet\u00eancia, o seu conhecimento e julgamento<\/em>\u201d.<\/p>\n<p>Os artigos seguintes t\u00eam a seguinte reda\u00e7\u00e3o:<\/p>\n<blockquote><p><em>\u201cArt. 99. Em caso de risco de preju\u00edzo iminente ou de grave repercuss\u00e3o, o Plen\u00e1rio do CNJ, o Presidente, o Corregedor Nacional ou o Relator poder\u00e3o, no \u00e2mbito de sua compet\u00eancia e motivadamente, adotar provid\u00eancias acauteladoras sem a pr\u00e9via manifesta\u00e7\u00e3o da autoridade, observados os limites legais. Par\u00e1grafo \u00fanico. Quando a medida cautelar for deferida pelo Relator, ser\u00e1 submetida a referendo do Plen\u00e1rio na primeira sess\u00e3o ordin\u00e1ria seguinte.<\/em><\/p>\n<p><em>\u201cArt. 100. O expediente ser\u00e1 autuado e distribu\u00eddo a um Relator, que poder\u00e1 determinar a realiza\u00e7\u00e3o de dilig\u00eancias, audi\u00eancias p\u00fablicas, consultas p\u00fablicas e solicitar esclarecimentos indispens\u00e1veis \u00e0 an\u00e1lise do requerimento.<\/em><\/p>\n<p><em>\u201c\u00a7 1\u00ba Atendidos os requisitos m\u00ednimos, e sendo o caso, o Relator solicitar\u00e1 a sua inclus\u00e3o na pauta de julgamento.<\/em><\/p>\n<p><em>\u201c\u00a7 2\u00ba A execu\u00e7\u00e3o do pedido de provid\u00eancias acolhido pelo Plen\u00e1rio ser\u00e1 realizada por determina\u00e7\u00e3o do Presidente do CNJ e pelo Corregedor Nacional de Justi\u00e7a nos casos de sua compet\u00eancia\u201d.<\/em><\/p><\/blockquote>\n<p>Traduzindo: as representa\u00e7\u00f5es contra a desembargadora n\u00e3o se tratam de propostas para melhorar o Judici\u00e1rio.\u00a0 Nem s\u00e3o acess\u00f3rias.\u00a0 Elas dizem respeito a graves den\u00fancias sobre o comportamento da magistrada.<\/p>\n<p><strong>\u2014 Qual seria ent\u00e3o o procedimento adequado para este caso? \u2013 questiono.<\/strong><\/p>\n<p>O corregedor nacional de Justi\u00e7a poderia ter instaurado uma\u00a0<strong>sindic\u00e2ncia<\/strong>.<\/p>\n<p>Ou ter protocolado o requerimento do Psol, da fam\u00edlia da vereadora executada e da Associa\u00e7\u00e3o Brasileira de Juristas pela Democracia (ABJD) como\u00a0<strong>reclama\u00e7\u00e3o disciplinar<\/strong>\u00a0ou como\u00a0<strong>procedimento administrativo disciplinar (PAD).<\/strong><\/p>\n<p>\u2013Mas, pedido de provid\u00eancia \u00e9 fora do contexto. In\u00f3cuo. N\u00e3o vai levar a nada \u2013 avisa o juiz.<\/p>\n<p><strong>\u2014 \u00c9 um erro?<\/strong><\/p>\n<p>\u2014 Faz-se dessa forma para que n\u00e3o produza os efeitos devidos.<\/p>\n<p>Nas proximidades do CNJ n\u00e3o h\u00e1 pizzaria. Mas, quem passar por l\u00e1 para saber o que est\u00e1 sendo feito no caso Marielle, vai sentir cheiro de pizza, isso vai!<\/p>\n<p><img data-recalc-dims=\"1\" loading=\"lazy\" decoding=\"async\" class=\"alignnone wp-image-207467\" src=\"https:\/\/i0.wp.com\/www.viomundo.com.br\/wp-content\/uploads\/2018\/04\/marilia2.jpg?resize=600%2C878&#038;ssl=1\" sizes=\"auto, (max-width: 800px) 100vw, 800px\" srcset=\"https:\/\/www.viomundo.com.br\/wp-content\/uploads\/2018\/04\/marilia2.jpg 529w, https:\/\/www.viomundo.com.br\/wp-content\/uploads\/2018\/04\/marilia2-123x180.jpg 123w, https:\/\/www.viomundo.com.br\/wp-content\/uploads\/2018\/04\/marilia2-410x600.jpg 410w\" alt=\"\" width=\"600\" height=\"878\" \/><\/p>\n","protected":false},"excerpt":{"rendered":"<p>No Vi O Mundo, por Concei\u00e7\u00e3o Lemes &#8211;\u00a0Na \u00faltima quarta-feira (18\/04), a desembargadora Mar\u00edlia de Castro Neves postou no Facebook um pedido de desculpas (na \u00edntegra, ao final) \u00e0 vereadora Marielle Franco (Psol-RJ), ao deputado federal Jean Wyllys (Psol-RJ) e a D\u00e9bora Ara\u00fajo Seabra de Moura, a primeira professora brasileira portadora da s\u00edndrome de Down&#8230;.<a class=\"more-link\" href=\"http:\/\/blogdalucianaoliveira.com.br\/blog\/2018\/04\/24\/conceicao-lemes-o-caso-da-desembargadora-que-ofendeu-marielle-se-encaminha-para-ficar-por-isso-mesmo\/\">Continue a leitura <span class=\"meta-nav\">&raquo;<\/span><\/a><\/p>\n","protected":false},"author":1,"featured_media":0,"comment_status":"closed","ping_status":"open","sticky":false,"template":"","format":"standard","meta":{"_exactmetrics_skip_tracking":false,"_exactmetrics_sitenote_active":false,"_exactmetrics_sitenote_note":"","_exactmetrics_sitenote_category":0,"jetpack_post_was_ever_published":false,"_jetpack_newsletter_access":"","_jetpack_dont_email_post_to_subs":false,"_jetpack_newsletter_tier_id":0,"_jetpack_memberships_contains_paywalled_content":false,"_jetpack_memberships_contains_paid_content":false,"footnotes":"","jetpack_publicize_message":"","jetpack_publicize_feature_enabled":true,"jetpack_social_post_already_shared":true,"jetpack_social_options":{"image_generator_settings":{"template":"highway","enabled":false},"version":2}},"categories":[1],"tags":[],"class_list":["post-17717","post","type-post","status-publish","format-standard","hentry","category-notas"],"jetpack_publicize_connections":[],"jetpack_sharing_enabled":true,"jetpack_featured_media_url":"","jetpack_shortlink":"https:\/\/wp.me\/p7wKYW-4BL","jetpack-related-posts":[],"_links":{"self":[{"href":"http:\/\/blogdalucianaoliveira.com.br\/blog\/wp-json\/wp\/v2\/posts\/17717","targetHints":{"allow":["GET"]}}],"collection":[{"href":"http:\/\/blogdalucianaoliveira.com.br\/blog\/wp-json\/wp\/v2\/posts"}],"about":[{"href":"http:\/\/blogdalucianaoliveira.com.br\/blog\/wp-json\/wp\/v2\/types\/post"}],"author":[{"embeddable":true,"href":"http:\/\/blogdalucianaoliveira.com.br\/blog\/wp-json\/wp\/v2\/users\/1"}],"replies":[{"embeddable":true,"href":"http:\/\/blogdalucianaoliveira.com.br\/blog\/wp-json\/wp\/v2\/comments?post=17717"}],"version-history":[{"count":1,"href":"http:\/\/blogdalucianaoliveira.com.br\/blog\/wp-json\/wp\/v2\/posts\/17717\/revisions"}],"predecessor-version":[{"id":17719,"href":"http:\/\/blogdalucianaoliveira.com.br\/blog\/wp-json\/wp\/v2\/posts\/17717\/revisions\/17719"}],"wp:attachment":[{"href":"http:\/\/blogdalucianaoliveira.com.br\/blog\/wp-json\/wp\/v2\/media?parent=17717"}],"wp:term":[{"taxonomy":"category","embeddable":true,"href":"http:\/\/blogdalucianaoliveira.com.br\/blog\/wp-json\/wp\/v2\/categories?post=17717"},{"taxonomy":"post_tag","embeddable":true,"href":"http:\/\/blogdalucianaoliveira.com.br\/blog\/wp-json\/wp\/v2\/tags?post=17717"}],"curies":[{"name":"wp","href":"https:\/\/api.w.org\/{rel}","templated":true}]}}