{"id":17724,"date":"2018-04-24T12:18:38","date_gmt":"2018-04-24T16:18:38","guid":{"rendered":"http:\/\/blogdalucianaoliveira.com.br\/blog\/?p=17724"},"modified":"2018-04-24T12:18:38","modified_gmt":"2018-04-24T16:18:38","slug":"economia-e-praticidade-na-eleicao-deste-ano","status":"publish","type":"post","link":"http:\/\/blogdalucianaoliveira.com.br\/blog\/2018\/04\/24\/economia-e-praticidade-na-eleicao-deste-ano\/","title":{"rendered":"Economia e praticidade na elei\u00e7\u00e3o deste ano"},"content":{"rendered":"<p><img data-recalc-dims=\"1\" loading=\"lazy\" decoding=\"async\" data-attachment-id=\"17725\" data-permalink=\"http:\/\/blogdalucianaoliveira.com.br\/blog\/2018\/04\/24\/economia-e-praticidade-na-eleicao-deste-ano\/etitu\/\" data-orig-file=\"https:\/\/i0.wp.com\/blogdalucianaoliveira.com.br\/blog\/wp-content\/uploads\/2018\/04\/etitu.jpg?fit=539%2C960\" data-orig-size=\"539,960\" data-comments-opened=\"0\" data-image-meta=\"{&quot;aperture&quot;:&quot;0&quot;,&quot;credit&quot;:&quot;&quot;,&quot;camera&quot;:&quot;&quot;,&quot;caption&quot;:&quot;&quot;,&quot;created_timestamp&quot;:&quot;0&quot;,&quot;copyright&quot;:&quot;&quot;,&quot;focal_length&quot;:&quot;0&quot;,&quot;iso&quot;:&quot;0&quot;,&quot;shutter_speed&quot;:&quot;0&quot;,&quot;title&quot;:&quot;&quot;,&quot;orientation&quot;:&quot;0&quot;}\" data-image-title=\"etitu\" data-image-description=\"\" data-image-caption=\"\" data-medium-file=\"https:\/\/i0.wp.com\/blogdalucianaoliveira.com.br\/blog\/wp-content\/uploads\/2018\/04\/etitu.jpg?fit=168%2C300\" data-large-file=\"https:\/\/i0.wp.com\/blogdalucianaoliveira.com.br\/blog\/wp-content\/uploads\/2018\/04\/etitu.jpg?fit=539%2C960\" class=\"alignnone size-full wp-image-17725\" src=\"https:\/\/i0.wp.com\/blogdalucianaoliveira.com.br\/blog\/wp-content\/uploads\/2018\/04\/etitu.jpg?resize=539%2C960\" alt=\"etitu\" width=\"539\" height=\"960\" srcset=\"https:\/\/i0.wp.com\/blogdalucianaoliveira.com.br\/blog\/wp-content\/uploads\/2018\/04\/etitu.jpg?w=539 539w, https:\/\/i0.wp.com\/blogdalucianaoliveira.com.br\/blog\/wp-content\/uploads\/2018\/04\/etitu.jpg?resize=168%2C300 168w\" sizes=\"auto, (max-width: 539px) 100vw, 539px\" \/><\/p>\n<p>Espia a novidade!<\/p>\n<p>Na elei\u00e7\u00e3o deste ano, voc\u00ea poder\u00e1 usar o aplicativo e-T\u00edtulo pra votar. Ele dispensa a apresenta\u00e7\u00e3o de documento.<!--more--><\/p>\n<p>Tem um c\u00f3digo de valida\u00e7\u00e3o, tipo QR, que registra o voto.<\/p>\n<p>&nbsp;<\/p>\n<p><img data-recalc-dims=\"1\" loading=\"lazy\" decoding=\"async\" data-attachment-id=\"17726\" data-permalink=\"http:\/\/blogdalucianaoliveira.com.br\/blog\/2018\/04\/24\/economia-e-praticidade-na-eleicao-deste-ano\/qr\/\" data-orig-file=\"https:\/\/i0.wp.com\/blogdalucianaoliveira.com.br\/blog\/wp-content\/uploads\/2018\/04\/qr.jpg?fit=750%2C711\" data-orig-size=\"750,711\" data-comments-opened=\"0\" data-image-meta=\"{&quot;aperture&quot;:&quot;0&quot;,&quot;credit&quot;:&quot;&quot;,&quot;camera&quot;:&quot;&quot;,&quot;caption&quot;:&quot;&quot;,&quot;created_timestamp&quot;:&quot;0&quot;,&quot;copyright&quot;:&quot;&quot;,&quot;focal_length&quot;:&quot;0&quot;,&quot;iso&quot;:&quot;0&quot;,&quot;shutter_speed&quot;:&quot;0&quot;,&quot;title&quot;:&quot;&quot;,&quot;orientation&quot;:&quot;0&quot;}\" data-image-title=\"qr\" data-image-description=\"\" data-image-caption=\"\" data-medium-file=\"https:\/\/i0.wp.com\/blogdalucianaoliveira.com.br\/blog\/wp-content\/uploads\/2018\/04\/qr.jpg?fit=300%2C284\" data-large-file=\"https:\/\/i0.wp.com\/blogdalucianaoliveira.com.br\/blog\/wp-content\/uploads\/2018\/04\/qr.jpg?fit=600%2C569\" class=\"alignnone size-full wp-image-17726\" src=\"https:\/\/i0.wp.com\/blogdalucianaoliveira.com.br\/blog\/wp-content\/uploads\/2018\/04\/qr.jpg?resize=600%2C569\" alt=\"qr\" width=\"600\" height=\"569\" srcset=\"https:\/\/i0.wp.com\/blogdalucianaoliveira.com.br\/blog\/wp-content\/uploads\/2018\/04\/qr.jpg?w=750 750w, https:\/\/i0.wp.com\/blogdalucianaoliveira.com.br\/blog\/wp-content\/uploads\/2018\/04\/qr.jpg?resize=300%2C284 300w, https:\/\/i0.wp.com\/blogdalucianaoliveira.com.br\/blog\/wp-content\/uploads\/2018\/04\/qr.jpg?resize=316%2C300 316w\" sizes=\"auto, (max-width: 600px) 100vw, 600px\" \/><\/p>\n<div class=\"text_exposed_show\">\n<p>A novidade \u00e9 uma iniciativa do Tribunal Regional Eleitoral do Acre (TRE-AC) que foi abra\u00e7ada pelo Tribunal Superior Eleitoral (TSE) e ser\u00e1 adotada em todo o pa\u00eds.<\/p>\n<p>Legal n\u00e9?<\/p>\n<p>N\u00e3o esque\u00e7a que o prazo para regulariza\u00e7\u00e3o eleitoral termina dia 09 de maio.<\/p>\n<\/div>\n","protected":false},"excerpt":{"rendered":"<p>Espia a novidade! Na elei\u00e7\u00e3o deste ano, voc\u00ea poder\u00e1 usar o aplicativo e-T\u00edtulo pra votar. Ele dispensa a apresenta\u00e7\u00e3o de documento.<\/p>\n","protected":false},"author":1,"featured_media":0,"comment_status":"closed","ping_status":"open","sticky":false,"template":"","format":"standard","meta":{"_exactmetrics_skip_tracking":false,"_exactmetrics_sitenote_active":false,"_exactmetrics_sitenote_note":"","_exactmetrics_sitenote_category":0,"jetpack_post_was_ever_published":false,"_jetpack_newsletter_access":"","_jetpack_dont_email_post_to_subs":false,"_jetpack_newsletter_tier_id":0,"_jetpack_memberships_contains_paywalled_content":false,"_jetpack_memberships_contains_paid_content":false,"footnotes":"","jetpack_publicize_message":"","jetpack_publicize_feature_enabled":true,"jetpack_social_post_already_shared":true,"jetpack_social_options":{"image_generator_settings":{"template":"highway","enabled":false},"version":2}},"categories":[1],"tags":[],"class_list":["post-17724","post","type-post","status-publish","format-standard","hentry","category-notas"],"jetpack_publicize_connections":[],"jetpack_sharing_enabled":true,"jetpack_featured_media_url":"","jetpack_shortlink":"https:\/\/wp.me\/p7wKYW-4BS","jetpack-related-posts":[],"_links":{"self":[{"href":"http:\/\/blogdalucianaoliveira.com.br\/blog\/wp-json\/wp\/v2\/posts\/17724","targetHints":{"allow":["GET"]}}],"collection":[{"href":"http:\/\/blogdalucianaoliveira.com.br\/blog\/wp-json\/wp\/v2\/posts"}],"about":[{"href":"http:\/\/blogdalucianaoliveira.com.br\/blog\/wp-json\/wp\/v2\/types\/post"}],"author":[{"embeddable":true,"href":"http:\/\/blogdalucianaoliveira.com.br\/blog\/wp-json\/wp\/v2\/users\/1"}],"replies":[{"embeddable":true,"href":"http:\/\/blogdalucianaoliveira.com.br\/blog\/wp-json\/wp\/v2\/comments?post=17724"}],"version-history":[{"count":1,"href":"http:\/\/blogdalucianaoliveira.com.br\/blog\/wp-json\/wp\/v2\/posts\/17724\/revisions"}],"predecessor-version":[{"id":17727,"href":"http:\/\/blogdalucianaoliveira.com.br\/blog\/wp-json\/wp\/v2\/posts\/17724\/revisions\/17727"}],"wp:attachment":[{"href":"http:\/\/blogdalucianaoliveira.com.br\/blog\/wp-json\/wp\/v2\/media?parent=17724"}],"wp:term":[{"taxonomy":"category","embeddable":true,"href":"http:\/\/blogdalucianaoliveira.com.br\/blog\/wp-json\/wp\/v2\/categories?post=17724"},{"taxonomy":"post_tag","embeddable":true,"href":"http:\/\/blogdalucianaoliveira.com.br\/blog\/wp-json\/wp\/v2\/tags?post=17724"}],"curies":[{"name":"wp","href":"https:\/\/api.w.org\/{rel}","templated":true}]}}