{"id":17728,"date":"2018-04-24T12:31:15","date_gmt":"2018-04-24T16:31:15","guid":{"rendered":"http:\/\/blogdalucianaoliveira.com.br\/blog\/?p=17728"},"modified":"2018-04-24T12:34:26","modified_gmt":"2018-04-24T16:34:26","slug":"se-em-nome-de-cristo-destroem-em-nome-de-cristo-vamos-reconstruir-evangelicos-ajudam-a-reerguer-terreiro-queimado","status":"publish","type":"post","link":"http:\/\/blogdalucianaoliveira.com.br\/blog\/2018\/04\/24\/se-em-nome-de-cristo-destroem-em-nome-de-cristo-vamos-reconstruir-evangelicos-ajudam-a-reerguer-terreiro-queimado\/","title":{"rendered":"&#8216;Se em nome de Cristo destroem, em nome de Cristo vamos reconstruir&#8217;: evang\u00e9licos ajudam a reerguer terreiro queimado"},"content":{"rendered":"<div class=\"media-asset-page\">\n<div id=\"media-asset-page-text\" class=\"story-inner\">\n<div class=\"story-body\">\n<p><span class=\"image-and-copyright-container\"><img data-recalc-dims=\"1\" loading=\"lazy\" decoding=\"async\" class=\"responsive-image__img js-image-replace\" src=\"https:\/\/i0.wp.com\/ichef-1.bbci.co.uk\/news\/695\/cpsprodpb\/179DB\/production\/_101013769_dbae00f1-c50c-474a-8548-b8650b24703b.jpg?resize=600%2C338&#038;ssl=1\" alt=\"Concei\u00e7\u00e3o d'Liss\u00e1\" width=\"600\" height=\"338\" data-highest-encountered-width=\"695\" \/><\/span><\/p>\n<p>Na BBC &#8211; Lugar de encontro e devo\u00e7\u00e3o de praticantes do candombl\u00e9 h\u00e1 17 anos, o terreiro de Concei\u00e7\u00e3o d&#8217;Liss\u00e1 tem recebido, nos \u00faltimos meses, visitantes inusitados. O templo, localizado em Duque de Caxias, na Baixada Fluminense, est\u00e1 sendo reconstru\u00eddo com a ajuda de evang\u00e9licos. Em meio a diversos casos de intoler\u00e2ncia e viol\u00eancia contra religi\u00f5es de matriz africana, um grupo arrecadou mais de R$ 12 mil para as obras depois que o espa\u00e7o foi parcialmente destru\u00eddo em um inc\u00eandio.<!--more--><\/p>\n<p>Em uma manh\u00e3 de s\u00e1bado de fevereiro, a pastora Lusmarina Campos, da Igreja Evang\u00e9lica de Confiss\u00e3o Luterana no Brasil, foi ao local acompanhada de tr\u00eas volunt\u00e1rios para, pessoalmente, ajudar na remo\u00e7\u00e3o de entulhos &#8211; tijolos e peda\u00e7os de madeira que faziam parte do segundo andar do terreiro, \u00e1rea atingida pelo fogo em junho de 2014. Na \u00e9poca presidente do Conselho Nacional de Igrejas Crist\u00e3s do estado (Conic-Rio), Lusmarina organizou a campanha de arrecada\u00e7\u00e3o, conclu\u00edda no fim do ano passado, para a reconstru\u00e7\u00e3o do templo.<\/p>\n<\/div>\n<p><a href=\"http:\/\/&lt;iframe frameborder=&quot;0&quot; width=&quot;660&quot; height=&quot;373&quot; src=&quot;https:\/\/p1.trrsf.com.br\/playerttv\/ganesha-backend\/iframe.html?country=br&amp;contentid=8653621&quot;&gt;&lt;\/iframe&gt;\">&lt;iframe frameborder=&#8221;0&#8243; width=&#8221;660&#8243; height=&#8221;373&#8243; src=&#8221;https:\/\/p1.trrsf.com.br\/playerttv\/ganesha-backend\/iframe.html?country=br&amp;contentid=8653621&#8243;&gt;&lt;\/iframe&gt;<\/a><\/p>\n<div class=\"story-body\">\n<p>&#8220;Logo que a gente ouviu sobre a destrui\u00e7\u00e3o do terreiro, eu pensei: &#8216;Se em nome de Cristo eles destroem, em nome de Cristo n\u00f3s vamos reconstruir&#8217;. \u00c9 extremamente importante dar um testemunho positivo da nossa f\u00e9, porque o Cristo que est\u00e1 sendo utilizado para destruir um terreiro est\u00e1 sendo completamente mal interpretado&#8221;, explica Lusmarina.<\/p>\n<p>Aquele foi o oitavo ataque ao local de culto da m\u00e3e de santo. Antes, tiros haviam sido disparados contra o templo e a casa de Concei\u00e7\u00e3o. Tr\u00eas carros que pertenciam a candomblecistas de seu grupo foram queimados. A pol\u00edcia ainda n\u00e3o identificou os respons\u00e1veis pelos crimes. Para tentar se proteger, Concei\u00e7\u00e3o instalou grades e refor\u00e7ou muros e cadeados do templo. Sem apontar suspeitos, ela afirma que os ataques t\u00eam cunho religioso: &#8220;N\u00e3o h\u00e1 roubo de televis\u00e3o, r\u00e1dio, uma por\u00e7\u00e3o de coisas que poderiam usar para fazer dinheiro. N\u00e3o levam nada, s\u00f3 destroem.&#8221;<\/p>\n<p>No ano passado, 71,5% dos casos de intoler\u00e2ncia religiosa registrados no Rio de Janeiro foram contra grupos de matriz africana, segundo a Secretaria de Estado de Direitos Humanos e Pol\u00edticas para Mulheres e Idosos. Crimes de \u00f3dio contra os adeptos de religi\u00f5es como o candombl\u00e9 e a umbanda tamb\u00e9m ocorrem em outras partes do pa\u00eds, que possui cerca de 600 mil devotos de cren\u00e7as de origem africana, segundo o Censo de 2010.<\/p>\n<p>&#8220;\u00c9 um fen\u00f4meno nacional, agora com essa face cruel, que j\u00e1 se expressou em 2008 e vem desde a d\u00e9cada de 90, que s\u00e3o os traficantes instrumentalizados por grupos neopentecostais que atacam os templos religiosos nas periferias e favelas&#8221;, comenta o babala\u00f4 Ivanir dos Santos, interlocutor da Comiss\u00e3o de Combate \u00e0 Intoler\u00e2ncia Religiosa.<\/p>\n<figure class=\"media-landscape has-caption full-width\"><span class=\"image-and-copyright-container\"><img data-recalc-dims=\"1\" loading=\"lazy\" decoding=\"async\" class=\"responsive-image__img js-image-replace\" src=\"https:\/\/i0.wp.com\/ichef.bbci.co.uk\/news\/695\/cpsprodpb\/7C6B\/production\/_101015813_5cddd714-9807-4531-981f-684eaea322a1.jpg?resize=600%2C338&#038;ssl=1\" alt=\"Pastora Lusmarina\" width=\"600\" height=\"338\" data-highest-encountered-width=\"695\" \/><span class=\"off-screen\">Direito de imagem<\/span><span class=\"story-image-copyright\">ANA TERRA\/BBC BRASIL<\/span><\/span><figcaption class=\"media-caption\"><span class=\"off-screen\">Image caption<\/span><span class=\"media-caption__text\">Pastora Lusmarina: &#8216;O Cristo que est\u00e1 sendo utilizado para destruir um terreiro est\u00e1 sendo completamente mal interpretado&#8217;<\/span><\/figcaption><\/figure>\n<p>&#8220;O arcabou\u00e7o do que est\u00e1 acontecendo no Rio de Janeiro, em termos de viol\u00eancia religiosa tem como fundo uma l\u00f3gica de guerra&#8221;, complementa a pastora Lusmarina. &#8220;Faz parte de um projeto de poder a descaracteriza\u00e7\u00e3o de outros grupos religiosos, ou seja, uma linguagem de desrespeito e condena\u00e7\u00e3o. Porque, nesse tipo de concep\u00e7\u00e3o, a diversidade n\u00e3o \u00e9 permitida. \u00c9 um enfrentamento que precisamos fazer porque \u00e9 muito mais amplo do que a quest\u00e3o estritamente religiosa. A quest\u00e3o \u00e9 pol\u00edtica. Por isso, a gente precisa se unir.&#8221;<\/p>\n<p>O babala\u00f4 acompanhou desde o in\u00edcio a a\u00e7\u00e3o de apoio ao terreiro em Duque de Caxias organizada por Lusmarina. &#8220;Esse ato \u00e9 um divisor de \u00e1guas na luta contra a intoler\u00e2ncia religiosa no pa\u00eds&#8221;, comenta ele. A entrega do dinheiro, com o maior aporte vindo de fi\u00e9is da Igreja Crist\u00e3 de Ipanema, que \u00e9 evang\u00e9lica, foi celebrada no fim do ano passado com uma cerim\u00f4nia inter-religiosa no terreiro de Concei\u00e7\u00e3o. Alguns dos que participaram tiveram de enfrentar cr\u00edticas e amea\u00e7as, principalmente na internet e nas redes sociais. Lusmarina conta que um youtuber evang\u00e9lico gravou um v\u00eddeo em que incentiva outras pessoas a agredirem. &#8220;Ele diz: &#8216;Pastora vadia, vagabunda&#8230;Tem que tomar tapa na cara&#8217;, de maneira muito agressiva e violenta.&#8221;<\/p>\n<p>A discrimina\u00e7\u00e3o, no entanto, n\u00e3o \u00e9 exclusiva de grupos extremistas. Os pr\u00f3prios volunt\u00e1rios que acompanharam Lusmarina na prepara\u00e7\u00e3o do terreiro para as obras admitiram que, em determinado momento da vida, chegaram a ter uma vis\u00e3o negativa em rela\u00e7\u00e3o a religi\u00f5es de matriz africana, por acreditarem que eram ligadas ao mal.<\/p>\n<p>&#8220;O candombl\u00e9 sofre preconceito desde que era a religi\u00e3o professada pelos nossos antepassados, que vieram para o pa\u00eds escravizados&#8221;, comenta Concei\u00e7\u00e3o. &#8220;As pessoas hoje endemonizam o candombl\u00e9 como se tiv\u00e9ssemos uma rela\u00e7\u00e3o estreita com essa figura chamada diabo, sem saber que o diabo n\u00e3o faz parte do nosso pante\u00e3o de divinizados. \u00c9 uma vis\u00e3o eurocrist\u00e3 que n\u00e3o tem nada a ver conosco.&#8221;<\/p>\n<figure class=\"media-landscape has-caption full-width\"><span class=\"image-and-copyright-container\"><img data-recalc-dims=\"1\" loading=\"lazy\" decoding=\"async\" class=\"responsive-image__img js-image-replace\" src=\"https:\/\/i0.wp.com\/ichef.bbci.co.uk\/news\/695\/cpsprodpb\/1E33\/production\/_101013770_ece69bcd-986f-4524-8892-aa0aa969792b.jpg?resize=600%2C338&#038;ssl=1\" alt=\"Concei\u00e7\u00e3o d'Liss\u00e1\" width=\"600\" height=\"338\" data-highest-encountered-width=\"695\" \/><span class=\"off-screen\">Direito de imagem<\/span><span class=\"story-image-copyright\">ANA TERRA\/BBC BRASIL<\/span><\/span><figcaption class=\"media-caption\"><span class=\"off-screen\">Image caption<\/span><span class=\"media-caption__text\">Obras de reconstru\u00e7\u00e3o come\u00e7aram pela cozinha \u00e9 considerado &#8216;o cora\u00e7\u00e3o do barrac\u00e3o&#8217;, uma vez em que l\u00e1 s\u00e3o produzidas as oferendas &#8211; parte importante da tradi\u00e7\u00e3o candomblecista<\/span><\/figcaption><\/figure>\n<p>A exemplo da iniciativa tomada no Rio de Janeiro, a dire\u00e7\u00e3o nacional do Conic decidiu criar o Fundo de Solidariedade para o Enfrentamento de Viol\u00eancias Religiosas. A entidade j\u00e1 come\u00e7ou a receber doa\u00e7\u00f5es e pretende criar um comit\u00ea inter-religioso que fique respons\u00e1vel por gerir o fundo e selecionar pessoas e espa\u00e7os que precisem ser atendidos &#8211; em especial, os de religi\u00f5es de matriz africana.<\/p>\n<p>&#8220;Essa repercuss\u00e3o j\u00e1 significou um racha na base de um grande bloco de igrejas que parecia mais ou menos uniforme&#8221;, diz Lusmarina. &#8220;Embora uma parte das igrejas e de pessoas dentro de igrejas n\u00e3o tenha apoiado a nossa a\u00e7\u00e3o, a grande maioria das pessoas apoiou e a grande maioria das igrejas prefere o respeito \u00e0 viol\u00eancia, prefere o amor, a aproxima\u00e7\u00e3o&#8230;que \u00e9 de fato a mensagem central do evangelho. Esses s\u00e3o valores fundamentais dos quais n\u00e3o podemos abrir m\u00e3o.&#8221;<\/p>\n<p>As obras no terreiro da m\u00e3e de santo Concei\u00e7\u00e3o come\u00e7aram pela cozinha, que estava funcionando no quintal desde que a estrutura interna da casa foi danificada pelo inc\u00eandio. O local \u00e9 considerado &#8220;o cora\u00e7\u00e3o do barrac\u00e3o&#8221;, uma vez em que l\u00e1 s\u00e3o produzidas as oferendas &#8211; parte importante da tradi\u00e7\u00e3o candomblecista.<\/p>\n<p>&#8220;Quando eles v\u00eam dar essa ajuda pra gente, \u00e9 justamente [uma forma de] reconhecer que, primeiro, a gente sofre o ataque. Depois, \u00e9 reconhecer que a gente tem o direito de existir e professar o nosso sagrado&#8221;, comenta Concei\u00e7\u00e3o. &#8220;Eles n\u00e3o vieram aqui pra me mudar, evangelizar ou dizer que o que eu fa\u00e7o est\u00e1 feio ou \u00e9 do diabo. Vieram para dizer: &#8216;Fa\u00e7a aquilo que voc\u00ea cr\u00ea. Eu vou te ajudar&#8217;.&#8221;<\/p>\n<p><i>Reportagem e v\u00eddeo de Ana Terra, do Rio de Janeiro para a BBC Brasil<\/i><\/p>\n<\/div>\n<\/div>\n<\/div>\n<p>&nbsp;<\/p>\n","protected":false},"excerpt":{"rendered":"<p>Na BBC &#8211; Lugar de encontro e devo\u00e7\u00e3o de praticantes do candombl\u00e9 h\u00e1 17 anos, o terreiro de Concei\u00e7\u00e3o d&#8217;Liss\u00e1 tem recebido, nos \u00faltimos meses, visitantes inusitados. O templo, localizado em Duque de Caxias, na Baixada Fluminense, est\u00e1 sendo reconstru\u00eddo com a ajuda de evang\u00e9licos. Em meio a diversos casos de intoler\u00e2ncia e viol\u00eancia contra&#8230;<a class=\"more-link\" href=\"http:\/\/blogdalucianaoliveira.com.br\/blog\/2018\/04\/24\/se-em-nome-de-cristo-destroem-em-nome-de-cristo-vamos-reconstruir-evangelicos-ajudam-a-reerguer-terreiro-queimado\/\">Continue a leitura <span class=\"meta-nav\">&raquo;<\/span><\/a><\/p>\n","protected":false},"author":1,"featured_media":0,"comment_status":"closed","ping_status":"open","sticky":false,"template":"","format":"standard","meta":{"_exactmetrics_skip_tracking":false,"_exactmetrics_sitenote_active":false,"_exactmetrics_sitenote_note":"","_exactmetrics_sitenote_category":0,"jetpack_post_was_ever_published":false,"_jetpack_newsletter_access":"","_jetpack_dont_email_post_to_subs":false,"_jetpack_newsletter_tier_id":0,"_jetpack_memberships_contains_paywalled_content":false,"_jetpack_memberships_contains_paid_content":false,"footnotes":"","jetpack_publicize_message":"","jetpack_publicize_feature_enabled":true,"jetpack_social_post_already_shared":true,"jetpack_social_options":{"image_generator_settings":{"template":"highway","enabled":false},"version":2}},"categories":[1],"tags":[],"class_list":["post-17728","post","type-post","status-publish","format-standard","hentry","category-notas"],"jetpack_publicize_connections":[],"jetpack_sharing_enabled":true,"jetpack_featured_media_url":"","jetpack_shortlink":"https:\/\/wp.me\/p7wKYW-4BW","jetpack-related-posts":[],"_links":{"self":[{"href":"http:\/\/blogdalucianaoliveira.com.br\/blog\/wp-json\/wp\/v2\/posts\/17728","targetHints":{"allow":["GET"]}}],"collection":[{"href":"http:\/\/blogdalucianaoliveira.com.br\/blog\/wp-json\/wp\/v2\/posts"}],"about":[{"href":"http:\/\/blogdalucianaoliveira.com.br\/blog\/wp-json\/wp\/v2\/types\/post"}],"author":[{"embeddable":true,"href":"http:\/\/blogdalucianaoliveira.com.br\/blog\/wp-json\/wp\/v2\/users\/1"}],"replies":[{"embeddable":true,"href":"http:\/\/blogdalucianaoliveira.com.br\/blog\/wp-json\/wp\/v2\/comments?post=17728"}],"version-history":[{"count":4,"href":"http:\/\/blogdalucianaoliveira.com.br\/blog\/wp-json\/wp\/v2\/posts\/17728\/revisions"}],"predecessor-version":[{"id":17732,"href":"http:\/\/blogdalucianaoliveira.com.br\/blog\/wp-json\/wp\/v2\/posts\/17728\/revisions\/17732"}],"wp:attachment":[{"href":"http:\/\/blogdalucianaoliveira.com.br\/blog\/wp-json\/wp\/v2\/media?parent=17728"}],"wp:term":[{"taxonomy":"category","embeddable":true,"href":"http:\/\/blogdalucianaoliveira.com.br\/blog\/wp-json\/wp\/v2\/categories?post=17728"},{"taxonomy":"post_tag","embeddable":true,"href":"http:\/\/blogdalucianaoliveira.com.br\/blog\/wp-json\/wp\/v2\/tags?post=17728"}],"curies":[{"name":"wp","href":"https:\/\/api.w.org\/{rel}","templated":true}]}}