{"id":17733,"date":"2018-04-25T09:12:10","date_gmt":"2018-04-25T13:12:10","guid":{"rendered":"http:\/\/blogdalucianaoliveira.com.br\/blog\/?p=17733"},"modified":"2018-04-25T09:13:08","modified_gmt":"2018-04-25T13:13:08","slug":"leia-mais-em-httprondoniadinamica-comarquivoescandalo-da-ponte-herminio-coelho-pede-investigacao-contra-ex-secretario-de-financas-do-governo-cassol23922-shtmlixzz5dgnrd5bk-2007-2017-tod","status":"publish","type":"post","link":"http:\/\/blogdalucianaoliveira.com.br\/blog\/2018\/04\/25\/leia-mais-em-httprondoniadinamica-comarquivoescandalo-da-ponte-herminio-coelho-pede-investigacao-contra-ex-secretario-de-financas-do-governo-cassol23922-shtmlixzz5dgnrd5bk-2007-2017-tod\/","title":{"rendered":"Esc\u00e2ndalo da ponte \u2013 Herm\u00ednio Coelho pede investiga\u00e7\u00e3o contra ex-secret\u00e1rio de Finan\u00e7as do governo Cassol"},"content":{"rendered":"<p><img data-recalc-dims=\"1\" loading=\"lazy\" decoding=\"async\" data-attachment-id=\"17734\" data-permalink=\"http:\/\/blogdalucianaoliveira.com.br\/blog\/2018\/04\/25\/leia-mais-em-httprondoniadinamica-comarquivoescandalo-da-ponte-herminio-coelho-pede-investigacao-contra-ex-secretario-de-financas-do-governo-cassol23922-shtmlixzz5dgnrd5bk-2007-2017-tod\/her\/\" data-orig-file=\"https:\/\/i0.wp.com\/blogdalucianaoliveira.com.br\/blog\/wp-content\/uploads\/2018\/04\/her.jpg?fit=700%2C700\" data-orig-size=\"700,700\" data-comments-opened=\"0\" data-image-meta=\"{&quot;aperture&quot;:&quot;0&quot;,&quot;credit&quot;:&quot;&quot;,&quot;camera&quot;:&quot;&quot;,&quot;caption&quot;:&quot;&quot;,&quot;created_timestamp&quot;:&quot;0&quot;,&quot;copyright&quot;:&quot;&quot;,&quot;focal_length&quot;:&quot;0&quot;,&quot;iso&quot;:&quot;0&quot;,&quot;shutter_speed&quot;:&quot;0&quot;,&quot;title&quot;:&quot;&quot;,&quot;orientation&quot;:&quot;1&quot;}\" data-image-title=\"her\" data-image-description=\"\" data-image-caption=\"\" data-medium-file=\"https:\/\/i0.wp.com\/blogdalucianaoliveira.com.br\/blog\/wp-content\/uploads\/2018\/04\/her.jpg?fit=300%2C300\" data-large-file=\"https:\/\/i0.wp.com\/blogdalucianaoliveira.com.br\/blog\/wp-content\/uploads\/2018\/04\/her.jpg?fit=600%2C600\" class=\"alignnone size-full wp-image-17734\" src=\"https:\/\/i0.wp.com\/blogdalucianaoliveira.com.br\/blog\/wp-content\/uploads\/2018\/04\/her.jpg?resize=600%2C600\" alt=\"her\" width=\"600\" height=\"600\" srcset=\"https:\/\/i0.wp.com\/blogdalucianaoliveira.com.br\/blog\/wp-content\/uploads\/2018\/04\/her.jpg?w=700 700w, https:\/\/i0.wp.com\/blogdalucianaoliveira.com.br\/blog\/wp-content\/uploads\/2018\/04\/her.jpg?resize=150%2C150 150w, https:\/\/i0.wp.com\/blogdalucianaoliveira.com.br\/blog\/wp-content\/uploads\/2018\/04\/her.jpg?resize=300%2C300 300w\" sizes=\"auto, (max-width: 600px) 100vw, 600px\" \/><\/p>\n<p><strong>No Rond\u00f4nia Din\u00e2mica \u2013\u00a0<\/strong>Na sess\u00e3o plen\u00e1ria da \u00faltima ter\u00e7a-feira (24), o deputado estadual Herm\u00ednio Coelho (PCdoB) apresentou novas informa\u00e7\u00f5es que, a princ\u00edpio, seriam desdobramentos do famigerado esc\u00e2ndalo da ponte de Ji-Paran\u00e1.<!--more--><\/p>\n<p>O parlamentar informou a seus pares que j\u00e1 protocolou pedidos de investiga\u00e7\u00e3o contra Jos\u00e9 Genaro de Andrade, ex-secret\u00e1rio de Finan\u00e7as dos governos Cassol-Cah\u00falla.<\/p>\n<p><u><strong>Confira o discurso abaixo<\/strong><\/u><br \/>\n<iframe loading=\"lazy\" class=\"entry-thumb\" src=\"https:\/\/www.youtube.com\/embed\/EHdGlOcyRnc\" width=\"700\" height=\"467\" frameborder=\"0\" scrolling=\"no\" data-mce-fragment=\"1\"><\/iframe><\/p>\n<p>No p\u00falpito, Herm\u00ednio ressaltou que Jos\u00e9 Genaro entrou na Justi\u00e7a para cobrar uma d\u00edvida de R$ 3 milh\u00f5es da construtora Ouro Verde, empresa considerada piv\u00f4 do esquema denunciado pelo Minist\u00e9rio P\u00fablico (MP\/RO).<\/p>\n<p><img data-recalc-dims=\"1\" decoding=\"async\" class=\"entry-thumb\" src=\"https:\/\/i0.wp.com\/www.rondoniadinamica.com\/uploads\/ar-01.jpg?w=600\" alt=\"\" \/><\/p>\n<p>A monta seria praticamente 10% do valor de R$ 30 milh\u00f5es \u2013 total\u00a0acertado com o ex-diretor-geral do Departamento de Estradas de\u00a0 Rodagem (DER\/RO), Ezequiel Neiva,\u00a0via Justi\u00e7a Arbitral de Ji-Paran\u00e1.<\/p>\n<p>A primeira men\u00e7\u00e3o ao fato foi divulgada na coluna\u00a0<strong>&#8220;O Espectador&#8221;\u00a0<\/strong>da \u00faltima quinta-feira (19), veiculada originalmente no jornal\u00a0<strong>Rond\u00f4nia Din\u00e2mica<\/strong>.<\/p>\n<p><strong>RELEMBRE<\/strong><br \/>\n<a href=\"http:\/\/rondoniadinamica.com\/arquivo\/tce-ro-rescinde-amigavelmente-contrato-de-r-468-mil-por-1h-de-palestra-com-barroso-em-porto-velho,23600.shtml\" target=\"_blank\"><u><strong>TCE\/RO rescinde \u201camigavelmente\u201d contrato de R$ 46,8 mil por 1h de palestra com Barroso em Porto Velho<\/strong><\/u><\/a><\/p>\n<p>\u201c\u201cEle entrou com a a\u00e7\u00e3o com o pr\u00f3prio CPF, como pessoa f\u00edsica. Cobrando da Ouro Verde esse valor que chama aten\u00e7\u00e3o por ser, justamente, 10% de R$ 30 milh\u00f5es. Isso me chamou aten\u00e7\u00e3o, pois como um ex-secret\u00e1rio de Estado cobra valores da empresa que \u00e9 piv\u00f4 de um esc\u00e2ndalo de desvio de verba p\u00fablica?\u201d, questionou.<\/p>\n<p>Al\u00e9m do pr\u00f3prio MP\/RO, com c\u00f3pia endere\u00e7ada diretamente ao procurador-geral de Justi\u00e7a Airton Marin Filho, os pedidos de investiga\u00e7\u00e3o tamb\u00e9m foram protocolados no Minist\u00e9rio P\u00fablico Federal (MPF\/RO), Pol\u00edcia Federal (PF) e no Tribunal de Contas (TCE\/RO).<\/p>\n<p><u><strong>Confira abaixo trecho da minuta do acordo celebrado entre Genaro e a Ouro Verde<\/strong><\/u><\/p>\n<p><u><strong><img data-recalc-dims=\"1\" decoding=\"async\" class=\"entry-thumb\" src=\"https:\/\/i0.wp.com\/www.rondoniadinamica.com\/uploads\/doisdois.jpg?w=600\" alt=\"\" \/><\/strong><\/u><br \/>\n<em>Coluna &#8216;O Espectador&#8217; gerou o pedido de investiga\u00e7\u00e3o solicitado pelo parlamentar<\/em><\/p>\n<p><strong>Autor \/ Fonte: Rondoniadinamica<\/strong><\/p>\n","protected":false},"excerpt":{"rendered":"<p>No Rond\u00f4nia Din\u00e2mica \u2013\u00a0Na sess\u00e3o plen\u00e1ria da \u00faltima ter\u00e7a-feira (24), o deputado estadual Herm\u00ednio Coelho (PCdoB) apresentou novas informa\u00e7\u00f5es que, a princ\u00edpio, seriam desdobramentos do famigerado esc\u00e2ndalo da ponte de Ji-Paran\u00e1.<\/p>\n","protected":false},"author":1,"featured_media":0,"comment_status":"closed","ping_status":"open","sticky":false,"template":"","format":"standard","meta":{"_exactmetrics_skip_tracking":false,"_exactmetrics_sitenote_active":false,"_exactmetrics_sitenote_note":"","_exactmetrics_sitenote_category":0,"jetpack_post_was_ever_published":false,"_jetpack_newsletter_access":"","_jetpack_dont_email_post_to_subs":false,"_jetpack_newsletter_tier_id":0,"_jetpack_memberships_contains_paywalled_content":false,"_jetpack_memberships_contains_paid_content":false,"footnotes":"","jetpack_publicize_message":"","jetpack_publicize_feature_enabled":true,"jetpack_social_post_already_shared":true,"jetpack_social_options":{"image_generator_settings":{"template":"highway","enabled":false},"version":2}},"categories":[1],"tags":[],"class_list":["post-17733","post","type-post","status-publish","format-standard","hentry","category-notas"],"jetpack_publicize_connections":[],"jetpack_sharing_enabled":true,"jetpack_featured_media_url":"","jetpack_shortlink":"https:\/\/wp.me\/p7wKYW-4C1","jetpack-related-posts":[],"_links":{"self":[{"href":"http:\/\/blogdalucianaoliveira.com.br\/blog\/wp-json\/wp\/v2\/posts\/17733","targetHints":{"allow":["GET"]}}],"collection":[{"href":"http:\/\/blogdalucianaoliveira.com.br\/blog\/wp-json\/wp\/v2\/posts"}],"about":[{"href":"http:\/\/blogdalucianaoliveira.com.br\/blog\/wp-json\/wp\/v2\/types\/post"}],"author":[{"embeddable":true,"href":"http:\/\/blogdalucianaoliveira.com.br\/blog\/wp-json\/wp\/v2\/users\/1"}],"replies":[{"embeddable":true,"href":"http:\/\/blogdalucianaoliveira.com.br\/blog\/wp-json\/wp\/v2\/comments?post=17733"}],"version-history":[{"count":2,"href":"http:\/\/blogdalucianaoliveira.com.br\/blog\/wp-json\/wp\/v2\/posts\/17733\/revisions"}],"predecessor-version":[{"id":17736,"href":"http:\/\/blogdalucianaoliveira.com.br\/blog\/wp-json\/wp\/v2\/posts\/17733\/revisions\/17736"}],"wp:attachment":[{"href":"http:\/\/blogdalucianaoliveira.com.br\/blog\/wp-json\/wp\/v2\/media?parent=17733"}],"wp:term":[{"taxonomy":"category","embeddable":true,"href":"http:\/\/blogdalucianaoliveira.com.br\/blog\/wp-json\/wp\/v2\/categories?post=17733"},{"taxonomy":"post_tag","embeddable":true,"href":"http:\/\/blogdalucianaoliveira.com.br\/blog\/wp-json\/wp\/v2\/tags?post=17733"}],"curies":[{"name":"wp","href":"https:\/\/api.w.org\/{rel}","templated":true}]}}