{"id":17738,"date":"2018-04-25T10:36:19","date_gmt":"2018-04-25T14:36:19","guid":{"rendered":"http:\/\/blogdalucianaoliveira.com.br\/blog\/?p=17738"},"modified":"2018-04-25T16:08:13","modified_gmt":"2018-04-25T20:08:13","slug":"a-assembleia-que-temos-e-a-que-queremos","status":"publish","type":"post","link":"http:\/\/blogdalucianaoliveira.com.br\/blog\/2018\/04\/25\/a-assembleia-que-temos-e-a-que-queremos\/","title":{"rendered":"A ASSEMBLEIA LEGISLATIVA QUE TEMOS E A QUE QUEREMOS"},"content":{"rendered":"<p><img data-recalc-dims=\"1\" loading=\"lazy\" decoding=\"async\" data-attachment-id=\"17739\" data-permalink=\"http:\/\/blogdalucianaoliveira.com.br\/blog\/2018\/04\/25\/a-assembleia-que-temos-e-a-que-queremos\/lg-3\/\" data-orig-file=\"https:\/\/i0.wp.com\/blogdalucianaoliveira.com.br\/blog\/wp-content\/uploads\/2018\/04\/lg.jpg?fit=960%2C960\" data-orig-size=\"960,960\" data-comments-opened=\"0\" data-image-meta=\"{&quot;aperture&quot;:&quot;0&quot;,&quot;credit&quot;:&quot;&quot;,&quot;camera&quot;:&quot;&quot;,&quot;caption&quot;:&quot;&quot;,&quot;created_timestamp&quot;:&quot;0&quot;,&quot;copyright&quot;:&quot;&quot;,&quot;focal_length&quot;:&quot;0&quot;,&quot;iso&quot;:&quot;0&quot;,&quot;shutter_speed&quot;:&quot;0&quot;,&quot;title&quot;:&quot;&quot;,&quot;orientation&quot;:&quot;0&quot;}\" data-image-title=\"lg\" data-image-description=\"\" data-image-caption=\"\" data-medium-file=\"https:\/\/i0.wp.com\/blogdalucianaoliveira.com.br\/blog\/wp-content\/uploads\/2018\/04\/lg.jpg?fit=300%2C300\" data-large-file=\"https:\/\/i0.wp.com\/blogdalucianaoliveira.com.br\/blog\/wp-content\/uploads\/2018\/04\/lg.jpg?fit=600%2C600\" class=\"alignnone size-full wp-image-17739\" src=\"https:\/\/i0.wp.com\/blogdalucianaoliveira.com.br\/blog\/wp-content\/uploads\/2018\/04\/lg.jpg?resize=600%2C600\" alt=\"lg\" width=\"600\" height=\"600\" srcset=\"https:\/\/i0.wp.com\/blogdalucianaoliveira.com.br\/blog\/wp-content\/uploads\/2018\/04\/lg.jpg?w=960 960w, https:\/\/i0.wp.com\/blogdalucianaoliveira.com.br\/blog\/wp-content\/uploads\/2018\/04\/lg.jpg?resize=150%2C150 150w, https:\/\/i0.wp.com\/blogdalucianaoliveira.com.br\/blog\/wp-content\/uploads\/2018\/04\/lg.jpg?resize=300%2C300 300w, https:\/\/i0.wp.com\/blogdalucianaoliveira.com.br\/blog\/wp-content\/uploads\/2018\/04\/lg.jpg?resize=768%2C768 768w\" sizes=\"auto, (max-width: 600px) 100vw, 600px\" \/><\/p>\n<p>Na sess\u00e3o desta ter\u00e7a-feira (24), na Assembleia Legislativa de Rond\u00f4nia, o painel mostrava a presen\u00e7a de 24 deputados.<\/p>\n<p>Manifestantes aguardavam a vota\u00e7\u00e3o do Projeto de Lei 845\/2017, de autoria do executivo, que cria o Conselho Estadual de Pol\u00edticas P\u00fablicas e Direitos Humanos para a Popula\u00e7\u00e3o LGTB, encaminhado \u00e0 Casa de Leis no \u00faltimo m\u00eas de dezembro.<!--more--><\/p>\n<p>Foi anunciado que o PL n\u00e3o estaria na Ordem do Dia, mas ap\u00f3s protestos e a insist\u00eancia dos deputados Lazinho da Fetagro, L\u00e9o Moraes e Jesu\u00edno Bouabaid, foi submetido \u00e0 vota\u00e7\u00e3o com emenda que garante \u00e0 assembleia um assento no Conselho.<\/p>\n<p>Por falta de h\u00e1bito em tratar o tema, a sigla LGBT saiu assim na primeira vota\u00e7\u00e3o: <\/p>\n<div class=\"fb-post\" data-href=\"https:\/\/www.facebook.com\/luciana.oliveira.75457\/posts\/1794039674005261\" data-width=\"552\"><\/div>\n<p>A vota\u00e7\u00e3o foi simb\u00f3lica e s\u00f3 dois votos contr\u00e1rios foram registrados nominalmente.<\/p>\n<p>No v\u00eddeo da sess\u00e3o disponibilizado no site da assembleia, assim encerrou a vota\u00e7\u00e3o.<\/p>\n<p>Nesta quarta-feira, a mat\u00e9ria no site revela que votaram contra a cria\u00e7\u00e3o do Conselho os deputados Maur\u00e3o de Carvalho, Ros\u00e2ngela Donadon, Luizinho Goebel, Saulo Moreira, Edson Martins, S\u00f3 na Ben\u00e7a e A\u00e9lcio da TV.<\/p>\n<p>\u00c9 f\u00e1cil perceber que os deputados evitaram se expor em plen\u00e1rio e encarar os manifestantes e depois, registraram os votos contr\u00e1rios para faturar politicamente com seus eleitorados que n\u00e3o apoiam qualquer mat\u00e9ria que favore\u00e7a a luta do movimento LGBT.<\/p>\n<p><img data-recalc-dims=\"1\" loading=\"lazy\" decoding=\"async\" data-attachment-id=\"17758\" data-permalink=\"http:\/\/blogdalucianaoliveira.com.br\/blog\/2018\/04\/25\/a-assembleia-que-temos-e-a-que-queremos\/36069191-3ada-4190-bfbb-0e3b733fab35\/\" data-orig-file=\"https:\/\/i0.wp.com\/blogdalucianaoliveira.com.br\/blog\/wp-content\/uploads\/2018\/04\/36069191-3ADA-4190-BFBB-0E3B733FAB35.jpeg?fit=3264%2C2448\" data-orig-size=\"3264,2448\" data-comments-opened=\"0\" data-image-meta=\"{&quot;aperture&quot;:&quot;2.2&quot;,&quot;credit&quot;:&quot;&quot;,&quot;camera&quot;:&quot;iPhone 6&quot;,&quot;caption&quot;:&quot;&quot;,&quot;created_timestamp&quot;:&quot;1524586917&quot;,&quot;copyright&quot;:&quot;&quot;,&quot;focal_length&quot;:&quot;4.15&quot;,&quot;iso&quot;:&quot;250&quot;,&quot;shutter_speed&quot;:&quot;0.0416666666667&quot;,&quot;title&quot;:&quot;&quot;,&quot;orientation&quot;:&quot;1&quot;}\" data-image-title=\"36069191-3ADA-4190-BFBB-0E3B733FAB35\" data-image-description=\"\" data-image-caption=\"\" data-medium-file=\"https:\/\/i0.wp.com\/blogdalucianaoliveira.com.br\/blog\/wp-content\/uploads\/2018\/04\/36069191-3ADA-4190-BFBB-0E3B733FAB35.jpeg?fit=300%2C225\" data-large-file=\"https:\/\/i0.wp.com\/blogdalucianaoliveira.com.br\/blog\/wp-content\/uploads\/2018\/04\/36069191-3ADA-4190-BFBB-0E3B733FAB35.jpeg?fit=600%2C450\" src=\"https:\/\/i0.wp.com\/blogdalucianaoliveira.com.br\/blog\/wp-content\/uploads\/2018\/04\/36069191-3ADA-4190-BFBB-0E3B733FAB35.jpeg?resize=600%2C450\" alt=\"36069191-3ADA-4190-BFBB-0E3B733FAB35\" width=\"600\" height=\"450\" class=\"alignnone size-full wp-image-17758\" srcset=\"https:\/\/i0.wp.com\/blogdalucianaoliveira.com.br\/blog\/wp-content\/uploads\/2018\/04\/36069191-3ADA-4190-BFBB-0E3B733FAB35.jpeg?w=3264 3264w, https:\/\/i0.wp.com\/blogdalucianaoliveira.com.br\/blog\/wp-content\/uploads\/2018\/04\/36069191-3ADA-4190-BFBB-0E3B733FAB35.jpeg?resize=300%2C225 300w, https:\/\/i0.wp.com\/blogdalucianaoliveira.com.br\/blog\/wp-content\/uploads\/2018\/04\/36069191-3ADA-4190-BFBB-0E3B733FAB35.jpeg?resize=768%2C576 768w, https:\/\/i0.wp.com\/blogdalucianaoliveira.com.br\/blog\/wp-content\/uploads\/2018\/04\/36069191-3ADA-4190-BFBB-0E3B733FAB35.jpeg?resize=1024%2C768 1024w, https:\/\/i0.wp.com\/blogdalucianaoliveira.com.br\/blog\/wp-content\/uploads\/2018\/04\/36069191-3ADA-4190-BFBB-0E3B733FAB35.jpeg?resize=400%2C300 400w, https:\/\/i0.wp.com\/blogdalucianaoliveira.com.br\/blog\/wp-content\/uploads\/2018\/04\/36069191-3ADA-4190-BFBB-0E3B733FAB35.jpeg?w=1200 1200w, https:\/\/i0.wp.com\/blogdalucianaoliveira.com.br\/blog\/wp-content\/uploads\/2018\/04\/36069191-3ADA-4190-BFBB-0E3B733FAB35.jpeg?w=1800 1800w\" sizes=\"auto, (max-width: 600px) 100vw, 600px\" \/><\/p>\n<p>A cria\u00e7\u00e3o do Conselho j\u00e1 foi abortada em 2015, mas agora os deputados foram obrigados a votar em virtude de <strong>parecer favor\u00e1vel na <\/strong>Comiss\u00e3o de Defesa dos Direitos Humanos e Cidadania e na Comiss\u00e3o de Constitui\u00e7\u00e3o e Justi\u00e7a e de Reda\u00e7\u00e3o.<\/p>\n<p>Em v\u00e1rias capitais brasileiras esse Conselho existe h\u00e1 muito tempo e seu prop\u00f3sito \u00e9 ajudar na implementa\u00e7\u00e3o de pol\u00edticas p\u00fablicas para que essa parcela da sociedade usufrua de direitos garantidos por leis.<\/p>\n<p>Tomando a sess\u00e3o de ontem como exemplo, pergunto: ser\u00e1 que os 24 deputados eleitos em 2014 est\u00e3o de fato representando os interesses de todos que os elegeram? Quais vozes n\u00e3o s\u00e3o ouvidas? Por que certas pautas progressistas, simplesmente n\u00e3o interessam aos representantes do povo?<\/p>\n<p>Para decidir que tipo de legislatura queremos \u00e9 preciso investigar como a atual se comportou.<\/p>\n<p>Um recurso fundamental \u00e0 fiscaliza\u00e7\u00e3o da atividade parlamentar \u00e9 o Portal da Transpar\u00eancia, deficiente na maioria dos poderes.<\/p>\n<p>Se o da Assembleia Legislativa de Rond\u00f4nia est\u00e1 correto, h\u00e1 assuntos de grande relev\u00e2ncia que figuram como direitos fundamentais na Constitui\u00e7\u00e3o Federal que simplesmente est\u00e3o fora da pauta nos \u00faltimos dois anos.<\/p>\n<p>O meio ambiente, a defesa da crian\u00e7a e do adolescente, mulher e idoso, a cultura, o esporte, os direitos humanos e a cidadania, ao menos em forma de projetos n\u00e3o se concretizam.<\/p>\n<p>Isso est\u00e1 demonstrado na atividade das Comiss\u00f5es Permanentes que funcionam como \u00f3rg\u00e3os t\u00e9cnicos compostos por grupos de parlamentares incumbidos de discutir e apreciar projetos de lei, emendas e outras proposi\u00e7\u00f5es, antes da vota\u00e7\u00e3o em Plen\u00e1rio.<\/p>\n<p>As comiss\u00f5es desenvolvem tamb\u00e9m atividades como, averigua\u00e7\u00e3o de den\u00fancias por meio de dilig\u00eancias e pedidos de informa\u00e7\u00e3o e colabora\u00e7\u00e3o de \u00f3rg\u00e3os dos demais Poderes do Estado, da Uni\u00e3o e dos Munic\u00edpios, de entidades privadas e pessoas capacitadas.<\/p>\n<p>Ocorre que projeto que \u00e9 bom, sobre determinados temas, n\u00e3o tramitam em v\u00e1rias comiss\u00f5es desde mar\u00e7o de 2016, conforme informa\u00e7\u00f5es dispostas no site da Assembleia.<\/p>\n<p>Antes disso, n\u00e3o h\u00e1 registros dispon\u00edveis \u00e0 consulta no campo \u2018comiss\u00f5es\u2019.<\/p>\n<p>Ao buscar informa\u00e7\u00f5es, achei at\u00e9 que fosse s\u00f3 falta de atualiza\u00e7\u00e3o dos dados, mas por telefone um servidor que alimenta o site garantiu que n\u00e3o incluiu nada, porque nada houve para ser inclu\u00eddo.<\/p>\n<p>\u00c9 o caso da Comiss\u00e3o de Meio Ambiente e Desenvolvimento Sustent\u00e1vel, presidida pelo deputado Jean Oliveira.<\/p>\n<p>O cuidado com a natureza para atender as necessidades de uma gera\u00e7\u00e3o sem afetar outras, \u00e9 o que pedem os atingidos com a constru\u00e7\u00e3o das usinas do Madeira. Nada tramita na comiss\u00e3o h\u00e1 mais de 700 dias. E, pasme, os deputados aprovaram o aumento do reservat\u00f3rio da usina de Santo Ant\u00f4nio recentemente.<\/p>\n<p><img data-recalc-dims=\"1\" loading=\"lazy\" decoding=\"async\" data-attachment-id=\"17754\" data-permalink=\"http:\/\/blogdalucianaoliveira.com.br\/blog\/2018\/04\/25\/a-assembleia-que-temos-e-a-que-queremos\/114b79a5-3542-4434-9d64-a9f19d3e2987\/\" data-orig-file=\"https:\/\/i0.wp.com\/blogdalucianaoliveira.com.br\/blog\/wp-content\/uploads\/2018\/04\/114B79A5-3542-4434-9D64-A9F19D3E2987.png?fit=750%2C1334\" data-orig-size=\"750,1334\" data-comments-opened=\"0\" data-image-meta=\"{&quot;aperture&quot;:&quot;0&quot;,&quot;credit&quot;:&quot;&quot;,&quot;camera&quot;:&quot;&quot;,&quot;caption&quot;:&quot;&quot;,&quot;created_timestamp&quot;:&quot;0&quot;,&quot;copyright&quot;:&quot;&quot;,&quot;focal_length&quot;:&quot;0&quot;,&quot;iso&quot;:&quot;0&quot;,&quot;shutter_speed&quot;:&quot;0&quot;,&quot;title&quot;:&quot;&quot;,&quot;orientation&quot;:&quot;0&quot;}\" data-image-title=\"114B79A5-3542-4434-9D64-A9F19D3E2987\" data-image-description=\"\" data-image-caption=\"\" data-medium-file=\"https:\/\/i0.wp.com\/blogdalucianaoliveira.com.br\/blog\/wp-content\/uploads\/2018\/04\/114B79A5-3542-4434-9D64-A9F19D3E2987.png?fit=169%2C300\" data-large-file=\"https:\/\/i0.wp.com\/blogdalucianaoliveira.com.br\/blog\/wp-content\/uploads\/2018\/04\/114B79A5-3542-4434-9D64-A9F19D3E2987.png?fit=576%2C1024\" src=\"https:\/\/i0.wp.com\/blogdalucianaoliveira.com.br\/blog\/wp-content\/uploads\/2018\/04\/114B79A5-3542-4434-9D64-A9F19D3E2987.png?resize=600%2C1067\" alt=\"114B79A5-3542-4434-9D64-A9F19D3E2987\" width=\"600\" height=\"1067\" class=\"alignnone size-full wp-image-17754\" srcset=\"https:\/\/i0.wp.com\/blogdalucianaoliveira.com.br\/blog\/wp-content\/uploads\/2018\/04\/114B79A5-3542-4434-9D64-A9F19D3E2987.png?w=750 750w, https:\/\/i0.wp.com\/blogdalucianaoliveira.com.br\/blog\/wp-content\/uploads\/2018\/04\/114B79A5-3542-4434-9D64-A9F19D3E2987.png?resize=169%2C300 169w, https:\/\/i0.wp.com\/blogdalucianaoliveira.com.br\/blog\/wp-content\/uploads\/2018\/04\/114B79A5-3542-4434-9D64-A9F19D3E2987.png?resize=576%2C1024 576w\" sizes=\"auto, (max-width: 600px) 100vw, 600px\" \/><br \/>\nSabe o que \u00e9 pior? O deputado Jean Oliveira votou favor\u00e1vel ao aumento da cota em 80 cent\u00edmetros, sabendo que a usina deve a obriga\u00e7\u00e3o inegoci\u00e1vel de apresentar o Plano de Seguran\u00e7a de Barragens.<\/p>\n<p>Inacredit\u00e1vel n\u00e9?<\/p>\n<p>Compete \u00e0 esta comiss\u00e3o \u201cfiscalizar as atividades das empresas p\u00fablicas e privadas, autarquias e sociedades de economia mista que exer\u00e7am atividades relacionadas com atividades minerais e produ\u00e7\u00e3o e distribui\u00e7\u00e3o de energia\u201d.<\/p>\n<p>E o Regimento Interno detalha as obriga\u00e7\u00f5es da comiss\u00e3o:<\/p>\n<p>X &#8211; propor medidas para a manuten\u00e7\u00e3o do meio ambiente ecologicamente equilibrado e, em especial, na forma da lei, contribuir para: ( RE n\u00ba 205\/2012.)<\/p>\n<ol start=\"2012\">\n<li>a) preservar e restaurar os processos ecol\u00f3gicos essenciais e prover o manejo ecol\u00f3gico das esp\u00e9cies e ecossistemas; ( RE n\u00ba 205\/2012.) b) preservar a diversidade e a integridade do patrim\u00f4nio gen\u00e9tico do Estado e fiscalizar as entidades dedicadas \u00e0 pesquisa e manipula\u00e7\u00e3o de material gen\u00e9tico; ( RE n\u00ba 205\/2012.) c) proteger a fauna e a flora contra pr\u00e1ticas que coloquem em risco sua fun\u00e7\u00e3o ecol\u00f3gica, ou provoquem extin\u00e7\u00e3o de esp\u00e9cie ou submetam animais a tratamento cruel; ( RE n\u00ba 205\/2012.) d) controlar a produ\u00e7\u00e3o, a comercializa\u00e7\u00e3o e o emprego de t\u00e9cnicas, m\u00e9todos e subst\u00e2ncias que comportem risco para a vida, a qualidade de vida e o meio ambiente; ( RE n\u00ba 205\/2012.) e) promover a conscientiza\u00e7\u00e3o p\u00fablica para preserva\u00e7\u00e3o do meio ambiente; e ( RE n\u00ba 205\/2012.) 14 XI &#8211; acompanhar e fiscalizar a execu\u00e7\u00e3o de leis, planos e programas relativos \u00e0s mat\u00e9rias de sua compet\u00eancia. ( RE n\u00ba 205\/2012.)<\/li>\n<\/ol>\n<p>Na Comiss\u00e3o de Defesa da Crian\u00e7a, Adolescente, Mulher e Idoso, presidida pelo deputado Airton Gurgacz, s\u00f3 h\u00e1 um projeto de lei em tramita\u00e7\u00e3o. \u00c9 de fevereiro deste ano, do deputado L\u00e9o Moraes e assegura \u00e0 crian\u00e7a o aleitamento materno em estabelecimentos p\u00fablicos e privados.<\/p>\n<p>\u00c9 s\u00f3 isso, para atender as necessidades do ser humano do nascimento \u00e0 morte.<\/p>\n<p>Na Comiss\u00e3o de Educa\u00e7\u00e3o e Cultura, presidida pelo deputado Anderson do Singeperon, tramitam duas mat\u00e9rias: a que concede medalha do m\u00e9rito legislativo a Ari dos Santos e a que torna obrigat\u00f3ria a instala\u00e7\u00e3o de lixeiras seletivas para reciclagem nas escolas p\u00fablicas e privadas.<\/p>\n<p>N\u00e3o tem nada tramitando na Comiss\u00e3o de Comiss\u00e3o de Esporte, Turismo e Lazer.<\/p>\n<p>Repito, me refiro a projetos e n\u00e3o a outras atividades dessas comiss\u00f5es e seus membros.<\/p>\n<p>Nesta legislatura o conceito de promo\u00e7\u00e3o do bem-estar social \u00e9 restrito, mas o estrago \u00e9 grande.<\/p>\n<p>Falo de coisas que s\u00f3 s\u00e3o percebidas quando uma enchente devasta o centro da cidade e isola comunidades, quando um idoso morre por falta de atendimento numa unidade de sa\u00fade, quando um atleta perde uma oportunidade de conquista por falta de apoio, quando ex-deputados v\u00e3o parar numa unidade prisional que tem ratos e comida podre.<\/p>\n<p>Essa n\u00e3o \u00e9 a assembleia legislativa que precisamos.<\/p>\n<p>N\u00e3o \u00e9 justa uma legislatura que foge ou barra mat\u00e9rias que afetam eleitorados por quest\u00f5es de cunho religioso e n\u00e3o por entraves jur\u00eddicos ou financeiros.<\/p>\n<p>\u00c9 urgente a representa\u00e7\u00e3o da sociedade como um todo, \u00e0 luz das leis vigentes e sem influ\u00eancia de currais eleitorais obscurantistas.<\/p>\n<p>\u00c0s vezes a f\u00e9 move montanhas para onde n\u00e3o deveriam existir.<\/p>\n<p>Texto em v\u00eddeo: <\/p>\n<div class=\"jetpack-video-wrapper\"><iframe loading=\"lazy\" title=\"A Assembleia Legislativa que temos e a que queremos\" width=\"600\" height=\"338\" src=\"https:\/\/www.youtube.com\/embed\/pryGEkF5-H8?feature=oembed\" frameborder=\"0\" allow=\"accelerometer; autoplay; clipboard-write; encrypted-media; gyroscope; picture-in-picture; web-share\" referrerpolicy=\"strict-origin-when-cross-origin\" allowfullscreen><\/iframe><\/div>\n","protected":false},"excerpt":{"rendered":"<p>Na sess\u00e3o desta ter\u00e7a-feira (24), na Assembleia Legislativa de Rond\u00f4nia, o painel mostrava a presen\u00e7a de 24 deputados. Manifestantes aguardavam a vota\u00e7\u00e3o do Projeto de Lei 845\/2017, de autoria do executivo, que cria o Conselho Estadual de Pol\u00edticas P\u00fablicas e Direitos Humanos para a Popula\u00e7\u00e3o LGTB, encaminhado \u00e0 Casa de Leis no \u00faltimo m\u00eas de&#8230;<a class=\"more-link\" href=\"http:\/\/blogdalucianaoliveira.com.br\/blog\/2018\/04\/25\/a-assembleia-que-temos-e-a-que-queremos\/\">Continue a leitura <span class=\"meta-nav\">&raquo;<\/span><\/a><\/p>\n","protected":false},"author":1,"featured_media":0,"comment_status":"closed","ping_status":"open","sticky":false,"template":"","format":"standard","meta":{"_exactmetrics_skip_tracking":false,"_exactmetrics_sitenote_active":false,"_exactmetrics_sitenote_note":"","_exactmetrics_sitenote_category":0,"jetpack_post_was_ever_published":false,"_jetpack_newsletter_access":"","_jetpack_dont_email_post_to_subs":false,"_jetpack_newsletter_tier_id":0,"_jetpack_memberships_contains_paywalled_content":false,"_jetpack_memberships_contains_paid_content":false,"footnotes":"","jetpack_publicize_message":"","jetpack_publicize_feature_enabled":true,"jetpack_social_post_already_shared":true,"jetpack_social_options":{"image_generator_settings":{"template":"highway","enabled":false},"version":2}},"categories":[1],"tags":[],"class_list":["post-17738","post","type-post","status-publish","format-standard","hentry","category-notas"],"jetpack_publicize_connections":[],"jetpack_sharing_enabled":true,"jetpack_featured_media_url":"","jetpack_shortlink":"https:\/\/wp.me\/p7wKYW-4C6","jetpack-related-posts":[],"_links":{"self":[{"href":"http:\/\/blogdalucianaoliveira.com.br\/blog\/wp-json\/wp\/v2\/posts\/17738","targetHints":{"allow":["GET"]}}],"collection":[{"href":"http:\/\/blogdalucianaoliveira.com.br\/blog\/wp-json\/wp\/v2\/posts"}],"about":[{"href":"http:\/\/blogdalucianaoliveira.com.br\/blog\/wp-json\/wp\/v2\/types\/post"}],"author":[{"embeddable":true,"href":"http:\/\/blogdalucianaoliveira.com.br\/blog\/wp-json\/wp\/v2\/users\/1"}],"replies":[{"embeddable":true,"href":"http:\/\/blogdalucianaoliveira.com.br\/blog\/wp-json\/wp\/v2\/comments?post=17738"}],"version-history":[{"count":13,"href":"http:\/\/blogdalucianaoliveira.com.br\/blog\/wp-json\/wp\/v2\/posts\/17738\/revisions"}],"predecessor-version":[{"id":17762,"href":"http:\/\/blogdalucianaoliveira.com.br\/blog\/wp-json\/wp\/v2\/posts\/17738\/revisions\/17762"}],"wp:attachment":[{"href":"http:\/\/blogdalucianaoliveira.com.br\/blog\/wp-json\/wp\/v2\/media?parent=17738"}],"wp:term":[{"taxonomy":"category","embeddable":true,"href":"http:\/\/blogdalucianaoliveira.com.br\/blog\/wp-json\/wp\/v2\/categories?post=17738"},{"taxonomy":"post_tag","embeddable":true,"href":"http:\/\/blogdalucianaoliveira.com.br\/blog\/wp-json\/wp\/v2\/tags?post=17738"}],"curies":[{"name":"wp","href":"https:\/\/api.w.org\/{rel}","templated":true}]}}