{"id":1774,"date":"2016-06-19T20:56:30","date_gmt":"2016-06-20T00:56:30","guid":{"rendered":"http:\/\/blogdalucianaoliveira.com.br\/blog\/?p=1774"},"modified":"2016-06-19T20:59:09","modified_gmt":"2016-06-20T00:59:09","slug":"parabens-nesta-data-pro-querido-chico","status":"publish","type":"post","link":"http:\/\/blogdalucianaoliveira.com.br\/blog\/2016\/06\/19\/parabens-nesta-data-pro-querido-chico\/","title":{"rendered":"Parab\u00e9ns nesta data pro querido Chico! Por me deixar respirar, por me deixar existir&#8230;Deus lhe pague!"},"content":{"rendered":"<p><img data-recalc-dims=\"1\" loading=\"lazy\" decoding=\"async\" data-attachment-id=\"1775\" data-permalink=\"http:\/\/blogdalucianaoliveira.com.br\/blog\/2016\/06\/19\/parabens-nesta-data-pro-querido-chico\/image-386\/\" data-orig-file=\"https:\/\/i0.wp.com\/blogdalucianaoliveira.com.br\/blog\/wp-content\/uploads\/2016\/06\/image-80.jpeg?fit=1033%2C853\" data-orig-size=\"1033,853\" data-comments-opened=\"0\" data-image-meta=\"{&quot;aperture&quot;:&quot;0&quot;,&quot;credit&quot;:&quot;&quot;,&quot;camera&quot;:&quot;&quot;,&quot;caption&quot;:&quot;&quot;,&quot;created_timestamp&quot;:&quot;0&quot;,&quot;copyright&quot;:&quot;&quot;,&quot;focal_length&quot;:&quot;0&quot;,&quot;iso&quot;:&quot;0&quot;,&quot;shutter_speed&quot;:&quot;0&quot;,&quot;title&quot;:&quot;&quot;,&quot;orientation&quot;:&quot;1&quot;}\" data-image-title=\"image\" data-image-description=\"\" data-image-caption=\"\" data-medium-file=\"https:\/\/i0.wp.com\/blogdalucianaoliveira.com.br\/blog\/wp-content\/uploads\/2016\/06\/image-80.jpeg?fit=300%2C248\" data-large-file=\"https:\/\/i0.wp.com\/blogdalucianaoliveira.com.br\/blog\/wp-content\/uploads\/2016\/06\/image-80.jpeg?fit=600%2C495\" src=\"https:\/\/i0.wp.com\/blogdalucianaoliveira.com.br\/blog\/wp-content\/uploads\/2016\/06\/image-80.jpeg?resize=600%2C495\" alt=\"image\" width=\"600\" height=\"495\" class=\"alignnone size-full wp-image-1775\" srcset=\"https:\/\/i0.wp.com\/blogdalucianaoliveira.com.br\/blog\/wp-content\/uploads\/2016\/06\/image-80.jpeg?w=1033 1033w, https:\/\/i0.wp.com\/blogdalucianaoliveira.com.br\/blog\/wp-content\/uploads\/2016\/06\/image-80.jpeg?resize=300%2C248 300w, https:\/\/i0.wp.com\/blogdalucianaoliveira.com.br\/blog\/wp-content\/uploads\/2016\/06\/image-80.jpeg?resize=363%2C300 363w\" sizes=\"auto, (max-width: 600px) 100vw, 600px\" \/><\/p>\n<p>CURIOSIDADES SOBRE CHICO BUARQUE<!--more--><\/p>\n<p>Da Folha<\/p>\n<p>1. Nasceu em 19 de junho de 1944, no Rio, filho de S\u00e9rgio Buarque de Hollanda e Maria Am\u00e9lia Ces\u00e1rio Alvim<\/p>\n<p>2. Tem seis irm\u00e3os: S\u00e9rgio, \u00c1lvaro, Maria do Carmo e as cantoras Ana (ex-ministra da Cultura), Cristina e Helo\u00edsa Maria (Mi\u00facha)<\/p>\n<p>3. Chico morou em Roma entre 1953 e 1954<\/p>\n<p>4. O primeiro contato com Vinicius de Moraes foi na It\u00e1lia<\/p>\n<p>5. Sua primeira m\u00fasica, &#8220;Can\u00e7\u00e3o dos Olhos&#8221;, \u00e9 de 1959<\/p>\n<p>6. \u00c0 \u00e9poca, disse que seu sonho &#8220;era cantar como Jo\u00e3o Gilberto, fazer m\u00fasica como Tom Jobim e letra como Vinicius de Moraes&#8221;<\/p>\n<p>7. Seu primeiro show foi no Col\u00e9gio Santa Cruz, em 1964<\/p>\n<p>8 Estudou na Faculdade de Arquitetura e Urbanismo da USP por tr\u00eas anos<\/p>\n<p>9. No dia do golpe militar, furtou de uma exposi\u00e7\u00e3o da FAU um cartaz de &#8220;A M\u00e3e&#8221;, de G\u00f3rki, como &#8220;souvenir&#8221;<\/p>\n<p>10. Na arquitetura, diz ter passado vergonha com um projeto de duas torres &#8220;com uns 400 andares&#8221;<\/p>\n<p>11. Sua primeira apari\u00e7\u00e3o na imprensa foi em 1961, na reportagem &#8220;Pivetes furtaram carro: presos&#8221;<\/p>\n<p>12. &#8220;Chico Buarque de Hollanda&#8221;, seu primeiro LP, saiu em 1966<\/p>\n<p>13. A final do 2\u00ba Festival de M\u00fasica Brasileira (1966) foi disputada pelas can\u00e7\u00f5es &#8220;A Banda&#8221; e &#8220;Disparada&#8221;. Deu empate entre elas<\/p>\n<p>14. No final dos anos 1960, havia rivalidade entre f\u00e3s de Chico e dos tropicalistas<\/p>\n<p>15. Em 1972, dando fim \u00e0 disputa, saiu o disco &#8220;Caetano e Chico Juntos e Ao Vivo&#8221;<\/p>\n<p>16. Em 1986, Chico e Caetano fizeram programa juntos na TV Globo<\/p>\n<p>17. A can\u00e7\u00e3o &#8220;Pedro Pedreiro&#8221; (1965) o tornou profissional<\/p>\n<p>18. Parceria com Francis Hime, &#8220;Meu Caro Amigo&#8221; (1976) foi escrita para Augusto Boal (1931-2009)<\/p>\n<p>19. Fez &#8220;Ang\u00e9lica&#8221; para a estilista Zuzu Angel (1921-76)<\/p>\n<p>20. Em 1967, o local onde encenavam &#8220;Roda Viva&#8221; foi invadido<\/p>\n<p>21. Na invas\u00e3o, os artistas foram espancados<\/p>\n<p>22, &#8220;Calabar: O Elogio da Trai\u00e7\u00e3o&#8221; (1973) foi censurada<\/p>\n<p>23. &#8220;\u00d3pera do Malandro&#8221; foi inspirada em pe\u00e7as de John Gay, Brecht e Weill<\/p>\n<p>24. Em 1968, foi detido para depor sobre &#8220;Roda Viva&#8221;<\/p>\n<p>25. Exilou-se na It\u00e1lia entre 1969 e 1970<\/p>\n<p>26. &#8220;Apesar de Voc\u00ea&#8221; (1970) foi vetada ap\u00f3s vender 100 mil c\u00f3pias<\/p>\n<p>27. Para driblar a censura, criou o Julinho da Adelaide<\/p>\n<p>28. &#8220;Jorge Maravilha&#8221; foi feita para o ex-presidente Geisel, mas Chico nega<\/p>\n<p>29. &#8220;Vai Passar&#8221; (1983) foi tema das Diretas<\/p>\n<p>30. Torce pelo Fluminense<\/p>\n<p>31&#8230;.E tem seu pr\u00f3prio time, o Politheama<\/p>\n<p>32. Foi homenageado na Mangueira em 1998<\/p>\n<p>33. O primeiro t\u00edtulo cogitado para &#8220;Estorvo&#8221; foi &#8220;Olho M\u00e1gico&#8221;<\/p>\n<p>34. Mostrou &#8220;Estorvo&#8221; a Rubem Fonseca antes<\/p>\n<p>35. Ganhou tr\u00eas vezes o pr\u00eamio Jabuti<\/p>\n<p>36. &#8220;Leite Derramado&#8221; foi eleito o livro do ano de fic\u00e7\u00e3o (2010)<\/p>\n<p>37. Nunca tinha ido a Budapeste at\u00e9 criar o livro<\/p>\n<p>38. Contr\u00e1rio \u00e0s biografias n\u00e3o autorizadas, disse que jamais dera entrevista a Paulo Cesar de Ara\u00fajo<\/p>\n<p>39. Pediu desculpas ap\u00f3s ver v\u00eddeo da conversa<\/p>\n<p>40. Em 2010, assinou contrato para publicar um livro de entrevistas. Desistiu do projeto<\/p>\n<p>41. Atuou em seis filmes<\/p>\n<p>42. Atuou em &#8220;Quando o Carnaval Chegar&#8221; (1972)<\/p>\n<p>43. Tr\u00eas de seus livros viraram filmes<\/p>\n<p>44. &#8220;Olhos nos Olhos&#8221; (1976) \u00e9 mote do longa &#8220;Abismo Prateado&#8221;<\/p>\n<p>45. Diz que estava b\u00eabado em encontros com m\u00fasicos nos 1960<\/p>\n<p>46. &#8220;O Grande Circo M\u00edstico&#8221; foi criado em 1982 para o Bal\u00e9 Gua\u00edra<\/p>\n<p>47. Foi tema da coreografia &#8220;Stagium Dan\u00e7a Chico Buarque&#8221;<\/p>\n<p>48. Em 2008, o core\u00f3grafo H\u00e9lio Bejani criou o solo &#8220;Beatriz&#8221; para Ana Botafogo<\/p>\n<p>49. &#8220;Chico no Feminino&#8221; \u00e9 obra de 2011 da Magesto Cia. de Dan\u00e7a<\/p>\n<p>50. Tem m\u00fasicas na coreografia &#8220;Traduzir-se&#8221;, de 2001, da Cia. Mitzi Marzutti<\/p>\n<p>51. &#8220;Gente Humilde&#8221;, &#8220;Anos Dourados&#8221; e &#8220;Retrato em Branco e Preto&#8221; s\u00e3o as m\u00fasicas mais regravadas<\/p>\n<p>52. Nos \u00faltimos 5 anos, as can\u00e7\u00f5es mais tocadas s\u00e3o &#8220;Iolanda&#8221;, &#8220;A Rita&#8221; e &#8220;Cotidiano&#8221;<\/p>\n<p>53. Seu nome aparece nos cr\u00e9ditos da trilha de cerca de 70 produ\u00e7\u00f5es, entre novelas, filmes e seriados<\/p>\n<p>54. Duas pe\u00e7as foram para o cinema: &#8220;Os Saltimbancos Trapalh\u00f5es&#8221; (1981) e &#8220;\u00d3pera do Malandro&#8221; (1986)<\/p>\n<p>55. Parte da obra foi digitalizada pelo Instituto Antonio Carlos Jobim<\/p>\n<p>56. Foi casado por 30 anos com Marieta Severo<\/p>\n<p>57. Tem sete netos<\/p>\n<p>58. O neto Chiquinho Brown toca heavy metal<\/p>\n<p>59. O rapper Criolo criou uma vers\u00e3o de &#8220;C\u00e1lice&#8221;. Para agradecer, Chico criou o &#8220;Rap do C\u00e1lice&#8221;<\/p>\n<p>60. Seus quatro romances j\u00e1 venderam no Brasil 700 mil exemplares<\/p>\n<p>61. Em 2005, foi flagrado aos beijos com uma mulher casada na praia. As fotos foram publicadas<\/p>\n<p>62. Chico namora a cantora Thais Gulin<\/p>\n<p>63. A psicanalista Eleonora Mendes Caldeira foi musa de &#8220;Morena dos Olhos d&#8217;\u00c1gua&#8221;<\/p>\n<p>64. &#8220;Budapeste&#8221; \u00e9 seu maior sucesso comercial: 285 mil exemplares em 30 pa\u00edses<\/p>\n<p>65.Em 2011, afirmou que n\u00e3o bebia mais<\/p>\n<p>66. Em 1980, cria &#8220;Morena de Angola&#8221; para Clara Nunes<\/p>\n<p>67. &#8220;Tanto Mar&#8221;, de 1975, foi homenagem \u00e0 Revolu\u00e7\u00e3o dos Cravos de 1974, em Portugal<\/p>\n<p>68. Mora no Alto Leblon<\/p>\n<p>69. Passa temporadas em Paris<\/p>\n<p>70. Em 2011, circulou na internet a not\u00edcia falsa de que Chico seria o pai de Eduardo Campos, atual pr\u00e9-candidato \u00e0 Presid\u00eancia pelo PSB<\/p>\n","protected":false},"excerpt":{"rendered":"<p>CURIOSIDADES SOBRE CHICO BUARQUE<\/p>\n","protected":false},"author":1,"featured_media":0,"comment_status":"closed","ping_status":"open","sticky":false,"template":"","format":"standard","meta":{"_exactmetrics_skip_tracking":false,"_exactmetrics_sitenote_active":false,"_exactmetrics_sitenote_note":"","_exactmetrics_sitenote_category":0,"jetpack_post_was_ever_published":false,"_jetpack_newsletter_access":"","_jetpack_dont_email_post_to_subs":false,"_jetpack_newsletter_tier_id":0,"_jetpack_memberships_contains_paywalled_content":false,"_jetpack_memberships_contains_paid_content":false,"footnotes":"","jetpack_publicize_message":"","jetpack_publicize_feature_enabled":true,"jetpack_social_post_already_shared":true,"jetpack_social_options":{"image_generator_settings":{"template":"highway","enabled":false},"version":2}},"categories":[1],"tags":[],"class_list":["post-1774","post","type-post","status-publish","format-standard","hentry","category-notas"],"jetpack_publicize_connections":[],"jetpack_sharing_enabled":true,"jetpack_featured_media_url":"","jetpack_shortlink":"https:\/\/wp.me\/p7wKYW-sC","jetpack-related-posts":[],"_links":{"self":[{"href":"http:\/\/blogdalucianaoliveira.com.br\/blog\/wp-json\/wp\/v2\/posts\/1774","targetHints":{"allow":["GET"]}}],"collection":[{"href":"http:\/\/blogdalucianaoliveira.com.br\/blog\/wp-json\/wp\/v2\/posts"}],"about":[{"href":"http:\/\/blogdalucianaoliveira.com.br\/blog\/wp-json\/wp\/v2\/types\/post"}],"author":[{"embeddable":true,"href":"http:\/\/blogdalucianaoliveira.com.br\/blog\/wp-json\/wp\/v2\/users\/1"}],"replies":[{"embeddable":true,"href":"http:\/\/blogdalucianaoliveira.com.br\/blog\/wp-json\/wp\/v2\/comments?post=1774"}],"version-history":[{"count":2,"href":"http:\/\/blogdalucianaoliveira.com.br\/blog\/wp-json\/wp\/v2\/posts\/1774\/revisions"}],"predecessor-version":[{"id":1777,"href":"http:\/\/blogdalucianaoliveira.com.br\/blog\/wp-json\/wp\/v2\/posts\/1774\/revisions\/1777"}],"wp:attachment":[{"href":"http:\/\/blogdalucianaoliveira.com.br\/blog\/wp-json\/wp\/v2\/media?parent=1774"}],"wp:term":[{"taxonomy":"category","embeddable":true,"href":"http:\/\/blogdalucianaoliveira.com.br\/blog\/wp-json\/wp\/v2\/categories?post=1774"},{"taxonomy":"post_tag","embeddable":true,"href":"http:\/\/blogdalucianaoliveira.com.br\/blog\/wp-json\/wp\/v2\/tags?post=1774"}],"curies":[{"name":"wp","href":"https:\/\/api.w.org\/{rel}","templated":true}]}}