{"id":17743,"date":"2018-04-25T11:19:56","date_gmt":"2018-04-25T15:19:56","guid":{"rendered":"http:\/\/blogdalucianaoliveira.com.br\/blog\/?p=17743"},"modified":"2018-04-25T11:19:56","modified_gmt":"2018-04-25T15:19:56","slug":"tarde-demais-stf-comeca-a-admitir-que-moro-nao-e-o-juiz-do-universo","status":"publish","type":"post","link":"http:\/\/blogdalucianaoliveira.com.br\/blog\/2018\/04\/25\/tarde-demais-stf-comeca-a-admitir-que-moro-nao-e-o-juiz-do-universo\/","title":{"rendered":"Tarde demais, STF come\u00e7a a admitir que Moro n\u00e3o \u00e9 o juiz do Universo"},"content":{"rendered":"<p><img data-recalc-dims=\"1\" loading=\"lazy\" decoding=\"async\" data-attachment-id=\"17744\" data-permalink=\"http:\/\/blogdalucianaoliveira.com.br\/blog\/2018\/04\/25\/tarde-demais-stf-comeca-a-admitir-que-moro-nao-e-o-juiz-do-universo\/vaco-3\/\" data-orig-file=\"https:\/\/i0.wp.com\/blogdalucianaoliveira.com.br\/blog\/wp-content\/uploads\/2018\/04\/vaco.jpg?fit=600%2C400\" data-orig-size=\"600,400\" data-comments-opened=\"0\" data-image-meta=\"{&quot;aperture&quot;:&quot;0&quot;,&quot;credit&quot;:&quot;&quot;,&quot;camera&quot;:&quot;&quot;,&quot;caption&quot;:&quot;&quot;,&quot;created_timestamp&quot;:&quot;0&quot;,&quot;copyright&quot;:&quot;&quot;,&quot;focal_length&quot;:&quot;0&quot;,&quot;iso&quot;:&quot;0&quot;,&quot;shutter_speed&quot;:&quot;0&quot;,&quot;title&quot;:&quot;&quot;,&quot;orientation&quot;:&quot;0&quot;}\" data-image-title=\"vaco\" data-image-description=\"\" data-image-caption=\"\" data-medium-file=\"https:\/\/i0.wp.com\/blogdalucianaoliveira.com.br\/blog\/wp-content\/uploads\/2018\/04\/vaco.jpg?fit=300%2C200\" data-large-file=\"https:\/\/i0.wp.com\/blogdalucianaoliveira.com.br\/blog\/wp-content\/uploads\/2018\/04\/vaco.jpg?fit=600%2C400\" class=\"alignnone size-full wp-image-17744\" src=\"https:\/\/i0.wp.com\/blogdalucianaoliveira.com.br\/blog\/wp-content\/uploads\/2018\/04\/vaco.jpg?resize=600%2C400\" alt=\"vaco\" width=\"600\" height=\"400\" srcset=\"https:\/\/i0.wp.com\/blogdalucianaoliveira.com.br\/blog\/wp-content\/uploads\/2018\/04\/vaco.jpg?w=600 600w, https:\/\/i0.wp.com\/blogdalucianaoliveira.com.br\/blog\/wp-content\/uploads\/2018\/04\/vaco.jpg?resize=300%2C200 300w, https:\/\/i0.wp.com\/blogdalucianaoliveira.com.br\/blog\/wp-content\/uploads\/2018\/04\/vaco.jpg?resize=450%2C300 450w\" sizes=\"auto, (max-width: 600px) 100vw, 600px\" \/><\/p>\n<p><a href=\"http:\/\/politica.estadao.com.br\/blogs\/fausto-macedo\/2a-turma-do-stf-tira-de-moro-citacoes-a-lula-na-delacao-da-odebrecht\/\" target=\"_blank\">Uma decis\u00e3o da 2\u00aa Turma do STF, hoje, fez, finalmente, o \u00f3bvio.<\/a><!--more--><\/p>\n<p>No Tijola\u00e7o, por Fernando Brito &#8211; Tirou do a\u00e7ougue de Curitiba as dela\u00e7\u00f5es da Odebrecht que se referem a supostos favorecimentos em reformas no S\u00edtio de Atibaia, a compra do terreno para o Instituto Lula que jamais foi do instituto Lula e as palestras dadas pelo ex-presidente.<\/p>\n<p>O motivo? Como n\u00e3o h\u00e1, nas investiga\u00e7\u00f5es, nenhuma rela\u00e7\u00e3o entre estas den\u00fancias e contratos da Petrobras, que dariam a S\u00e9rgio Moro a desejada distribui\u00e7\u00e3o por conex\u00e3o e contin\u00eancia do processo.<\/p>\n<p>A viola\u00e7\u00e3o do princ\u00edpio do juiz natural, que vem sendo denunciada\u00a0<a href=\"http:\/\/www.tijolaco.com.br\/blog\/moro-nao-e-o-juiz-natural-e-o-juiz-sobrenatural-o-rei-do-brasil-republicano\/\" target=\"_blank\">aqui<\/a>\u00a0e em toda parte, transformo a 13\u00aa Vara Criminal de Curitiba num tribunal de exce\u00e7\u00e3o, com um leque, segundo o pr\u00f3prio MPF, de\u00a0mais de mil procedimentos instaurados.<\/p>\n<p>Fa\u00e7a a conta: se S\u00e9rgio Moro der apenas tr\u00eas dias de aten\u00e7\u00e3o a cada um deles, seriam mais de 11 anos, no caso de aplicar-se todos os dias \u00fateis a isso, de segunda a sexta, sem se dedicar \u00e0 sua vasta agenda de palestras, homenagens, pr\u00eamios e viagens ao exterior.<\/p>\n<p>Creio, por\u00e9m, que, mesmo sendo um avan\u00e7o \u2013 o maior havido at\u00e9 agora contra a transforma\u00e7\u00e3o do Judici\u00e1rio do \u201cTribunal do Moro\u201d\u00a0-\u00e9 tarde demais.<\/p>\n<p>Salvo exce\u00e7\u00f5es, tudo o que se permitiu a ele fazer nestes quase quatro anos de Lava Jato deformou boa parte da magistratura nacional.<\/p>\n<p>Quem duvidar, veja o espet\u00e1culo deprimente da desembargadora do Rio e o recent\u00edssimo do\u00a0juiz da 2\u00aa Vara Criminal de Petr\u00f3polis, Afonso Henrique Castrioto Botelho, que sugeriu \u201ccuspir, chutar a bunda e dar\u00a0<em>bolachas\u201d<\/em>\u00a0na senadora Gleisi Hoffmann.<\/p>\n<p>Ainda assim, preparem-se: a m\u00eddia vai urrar e v\u00e3o sobrar associa\u00e7\u00f5es de promotores e ju\u00edzes a dizer que entregar uma investiga\u00e7\u00e3o nas m\u00e3os de outros ju\u00edzes que n\u00e3o sejam Moro \u00e9 \u201ca impunidade\u201d, quando nem mesmo garantia de imparcialidade \u00e9.<\/p>\n","protected":false},"excerpt":{"rendered":"<p>Uma decis\u00e3o da 2\u00aa Turma do STF, hoje, fez, finalmente, o \u00f3bvio.<\/p>\n","protected":false},"author":1,"featured_media":0,"comment_status":"closed","ping_status":"open","sticky":false,"template":"","format":"standard","meta":{"_exactmetrics_skip_tracking":false,"_exactmetrics_sitenote_active":false,"_exactmetrics_sitenote_note":"","_exactmetrics_sitenote_category":0,"jetpack_post_was_ever_published":false,"_jetpack_newsletter_access":"","_jetpack_dont_email_post_to_subs":false,"_jetpack_newsletter_tier_id":0,"_jetpack_memberships_contains_paywalled_content":false,"_jetpack_memberships_contains_paid_content":false,"footnotes":"","jetpack_publicize_message":"","jetpack_publicize_feature_enabled":true,"jetpack_social_post_already_shared":true,"jetpack_social_options":{"image_generator_settings":{"template":"highway","enabled":false},"version":2}},"categories":[1],"tags":[],"class_list":["post-17743","post","type-post","status-publish","format-standard","hentry","category-notas"],"jetpack_publicize_connections":[],"jetpack_sharing_enabled":true,"jetpack_featured_media_url":"","jetpack_shortlink":"https:\/\/wp.me\/p7wKYW-4Cb","jetpack-related-posts":[],"_links":{"self":[{"href":"http:\/\/blogdalucianaoliveira.com.br\/blog\/wp-json\/wp\/v2\/posts\/17743","targetHints":{"allow":["GET"]}}],"collection":[{"href":"http:\/\/blogdalucianaoliveira.com.br\/blog\/wp-json\/wp\/v2\/posts"}],"about":[{"href":"http:\/\/blogdalucianaoliveira.com.br\/blog\/wp-json\/wp\/v2\/types\/post"}],"author":[{"embeddable":true,"href":"http:\/\/blogdalucianaoliveira.com.br\/blog\/wp-json\/wp\/v2\/users\/1"}],"replies":[{"embeddable":true,"href":"http:\/\/blogdalucianaoliveira.com.br\/blog\/wp-json\/wp\/v2\/comments?post=17743"}],"version-history":[{"count":1,"href":"http:\/\/blogdalucianaoliveira.com.br\/blog\/wp-json\/wp\/v2\/posts\/17743\/revisions"}],"predecessor-version":[{"id":17745,"href":"http:\/\/blogdalucianaoliveira.com.br\/blog\/wp-json\/wp\/v2\/posts\/17743\/revisions\/17745"}],"wp:attachment":[{"href":"http:\/\/blogdalucianaoliveira.com.br\/blog\/wp-json\/wp\/v2\/media?parent=17743"}],"wp:term":[{"taxonomy":"category","embeddable":true,"href":"http:\/\/blogdalucianaoliveira.com.br\/blog\/wp-json\/wp\/v2\/categories?post=17743"},{"taxonomy":"post_tag","embeddable":true,"href":"http:\/\/blogdalucianaoliveira.com.br\/blog\/wp-json\/wp\/v2\/tags?post=17743"}],"curies":[{"name":"wp","href":"https:\/\/api.w.org\/{rel}","templated":true}]}}