{"id":17746,"date":"2018-04-25T11:26:53","date_gmt":"2018-04-25T15:26:53","guid":{"rendered":"http:\/\/blogdalucianaoliveira.com.br\/blog\/?p=17746"},"modified":"2018-04-25T11:26:53","modified_gmt":"2018-04-25T15:26:53","slug":"pp-o-mais-investigado-na-lava-jato-so-ve-seu-poder-crescer-no-brasil-por-que","status":"publish","type":"post","link":"http:\/\/blogdalucianaoliveira.com.br\/blog\/2018\/04\/25\/pp-o-mais-investigado-na-lava-jato-so-ve-seu-poder-crescer-no-brasil-por-que\/","title":{"rendered":"PP, o mais investigado na Lava Jato, s\u00f3 v\u00ea seu poder crescer no Brasil. Por qu\u00ea?"},"content":{"rendered":"<p><img data-recalc-dims=\"1\" loading=\"lazy\" decoding=\"async\" data-attachment-id=\"17747\" data-permalink=\"http:\/\/blogdalucianaoliveira.com.br\/blog\/2018\/04\/25\/pp-o-mais-investigado-na-lava-jato-so-ve-seu-poder-crescer-no-brasil-por-que\/afaf\/\" data-orig-file=\"https:\/\/i0.wp.com\/blogdalucianaoliveira.com.br\/blog\/wp-content\/uploads\/2018\/04\/afaf.jpg?fit=1960%2C1098\" data-orig-size=\"1960,1098\" data-comments-opened=\"0\" data-image-meta=\"{&quot;aperture&quot;:&quot;0&quot;,&quot;credit&quot;:&quot;&quot;,&quot;camera&quot;:&quot;&quot;,&quot;caption&quot;:&quot;&quot;,&quot;created_timestamp&quot;:&quot;0&quot;,&quot;copyright&quot;:&quot;&quot;,&quot;focal_length&quot;:&quot;0&quot;,&quot;iso&quot;:&quot;0&quot;,&quot;shutter_speed&quot;:&quot;0&quot;,&quot;title&quot;:&quot;&quot;,&quot;orientation&quot;:&quot;0&quot;}\" data-image-title=\"afaf\" data-image-description=\"\" data-image-caption=\"\" data-medium-file=\"https:\/\/i0.wp.com\/blogdalucianaoliveira.com.br\/blog\/wp-content\/uploads\/2018\/04\/afaf.jpg?fit=300%2C168\" data-large-file=\"https:\/\/i0.wp.com\/blogdalucianaoliveira.com.br\/blog\/wp-content\/uploads\/2018\/04\/afaf.jpg?fit=600%2C336\" class=\"alignnone size-full wp-image-17747\" src=\"https:\/\/i0.wp.com\/blogdalucianaoliveira.com.br\/blog\/wp-content\/uploads\/2018\/04\/afaf.jpg?resize=600%2C336\" alt=\"afaf\" width=\"600\" height=\"336\" srcset=\"https:\/\/i0.wp.com\/blogdalucianaoliveira.com.br\/blog\/wp-content\/uploads\/2018\/04\/afaf.jpg?w=1960 1960w, https:\/\/i0.wp.com\/blogdalucianaoliveira.com.br\/blog\/wp-content\/uploads\/2018\/04\/afaf.jpg?resize=300%2C168 300w, https:\/\/i0.wp.com\/blogdalucianaoliveira.com.br\/blog\/wp-content\/uploads\/2018\/04\/afaf.jpg?resize=768%2C430 768w, https:\/\/i0.wp.com\/blogdalucianaoliveira.com.br\/blog\/wp-content\/uploads\/2018\/04\/afaf.jpg?resize=1024%2C574 1024w, https:\/\/i0.wp.com\/blogdalucianaoliveira.com.br\/blog\/wp-content\/uploads\/2018\/04\/afaf.jpg?resize=536%2C300 536w, https:\/\/i0.wp.com\/blogdalucianaoliveira.com.br\/blog\/wp-content\/uploads\/2018\/04\/afaf.jpg?w=1200 1200w, https:\/\/i0.wp.com\/blogdalucianaoliveira.com.br\/blog\/wp-content\/uploads\/2018\/04\/afaf.jpg?w=1800 1800w\" sizes=\"auto, (max-width: 600px) 100vw, 600px\" \/><\/p>\n<h2 class=\"articulo-subtitulo\">Legenda, que sofreu nova opera\u00e7\u00e3o da PF, se beneficia dos holofotes voltados ao PT, PSDB e MDB, e nos bastidores, aumenta bancada da C\u00e2mara.<\/h2>\n<h2 class=\"articulo-subtitulo\">\u00c9 cortejada por presidenci\u00e1veis de esquerda e direita que cobi\u00e7am seus recursos para campanha eleitoral<\/h2>\n<p><!--more--><\/p>\n<p>No El Pa\u00eds &#8211; O desdobramento da\u00a0<a href=\"https:\/\/brasil.elpais.com\/tag\/operacion_lava_jato\/a\">opera\u00e7\u00e3o Lava Jato<\/a>\u00a0desta ter\u00e7a-feira atingiu a c\u00fapula do Partido Progressista em um momento que a legenda est\u00e1 em franca ascens\u00e3o e se tornava uma das queridinhas dos pr\u00e9-candidatos \u00e0 presid\u00eancia. Enquanto os holofotes da pol\u00edtica est\u00e3o sobre o PT de Lula e o PSDB de A\u00e9cio e Alckmin, o PP v\u00ea sua influ\u00eancia crescer nos bastidores, tornando-se um poderoso e imprescind\u00edvel aliado para quem quer governar o Brasil com apoio do Congresso. Entre a elei\u00e7\u00e3o de 2014 \u2013 quando elegeu 38 deputados federais \u2013 e a \u00faltima janela partid\u00e1ria (quando os pol\u00edticos podem mudar de legenda), que se encerrou no in\u00edcio de abril, o partido conseguiu filiar 12 parlamentares novos e se tornou a terceira maior bancada da C\u00e2mara.\u00a0<a href=\"http:\/\/www2.camara.leg.br\/deputados\/pesquisa\/bancadas\">Desbancou o PSDB e tem apenas um<\/a>deputado a menos que o MDB, tornando-se a terceira da Casa, com 50 parlamentares.<\/p>\n<section id=\"sumario_1|apoyos\" class=\"sumario_apoyos derecha\">A moeda de troca que o presidente do PP, o\u00a0<a href=\"https:\/\/brasil.elpais.com\/brasil\/2018\/04\/24\/politica\/1524569100_152142.html\">senador Ciro Nogueira Filho<\/a>, usou para convencer seus novos correligion\u00e1rios era exatamente dinheiro. Prometia ceder at\u00e9 2,5 milh\u00f5es de reais do fundo eleitoral (ou seja, recursos p\u00fablicos) para cada um dos deputados financiar sua campanha \u00e0 reelei\u00e7\u00e3o.<\/section>\n<section class=\"sumario_apoyos derecha\"><\/section>\n<section class=\"sumario_apoyos derecha\">Um dos que foi convencido a ingressar no Partido Progressista foi o deputado federal Osmar Serraglio. Eleito pelo MDB, \u00e9 da bancada ruralista, foi ministro da Justi\u00e7a de Michel Temer, mas acabou defenestrado do cargo ap\u00f3s ser acusado por correligion\u00e1rios por n\u00e3o segurar as investiga\u00e7\u00f5es da Pol\u00edcia Federal. Hoje, al\u00e9m dos 50 deputados (quase 10% da C\u00e2mara), o PP tem seis dos 81 senadores.<\/p>\n<p>Esse apoio congressual e um fundo de 130 milh\u00f5es para investir nas elei\u00e7\u00f5es, transformaram os progressistas em um dos partidos mais procurados para futuras coliga\u00e7\u00f5es. Tanto legendas de esquerda, quanto de direita tentam se aproximar do partido em seus Estados. Nas \u00faltimas elei\u00e7\u00f5es, apenas uma governadora da legenda se elegeu, Suely Campos, de Roraima. A sigla, contudo emplacou cinco vice-governadores, sendo tr\u00eas de estados chaves para a elei\u00e7\u00e3o presidencial: Rio de Janeiro, Bahia e Paran\u00e1.<\/p>\n<p>Sem a inten\u00e7\u00e3o de lan\u00e7ar um candidato presidencial, o PP est\u00e1 mais inclinado a apoiar, ainda que informalmente, o Democratas, do pr\u00e9-candidato Rodrigo Maia, de quem Nogueira \u00e9 amigo. Por\u00e9m, tamb\u00e9m discute apoio ao PSDB, do presidenci\u00e1vel Geraldo Alckmin. Enfim, \u00e9 um partido que far\u00e1 parte de qualquer administra\u00e7\u00e3o, apesar de ter se originado da Arena, o partido que\u00a0<a href=\"https:\/\/brasil.elpais.com\/brasil\/2015\/03\/07\/politica\/1425756874_200149.html\">deu sustenta\u00e7\u00e3o \u00e0 ditadura militar brasileira<\/a>\u00a0(1964-1985). Uma esp\u00e9cie de novo PMDB, que esteve ao lado de todos os presidentes desde a redemocratiza\u00e7\u00e3o do pa\u00eds, na d\u00e9cada de 1980.<\/p>\n<p>Figurar nas p\u00e1ginas policiais \u00e9 algo comum entre os progressistas. Dos 56 parlamentares federais da legenda, ao menos 31 t\u00eam processos criminais tramitando no Supremo Tribunal Federal, entre eles Ciro Nogueira, Dudu da Fonte (outro alvo da opera\u00e7\u00e3o desta ter\u00e7a-feira), Paulo Maluf (que est\u00e1 preso por desvios de recursos em S\u00e3o Paulo), Benedito de Lira, Arthur Lira e Aguinaldo Ribeiro.<\/p>\n<h3>Emin\u00eancia parda magnata<\/h3>\n<p>No Congresso Nacional, o presidente do PP \u00e9 uma esp\u00e9cie de emin\u00eancia parda. Pouco d\u00e1 entrevistas, quase n\u00e3o faz discursos na tribuna, mas os principais acordos no Legislativo passam pelo seu gabinete. H\u00e1 dois anos, durante o\u00a0<a href=\"https:\/\/brasil.elpais.com\/tag\/proceso_destitucion_dilma_rousseff\/a\">impeachment da ent\u00e3o presidenta Dilma Rousseff (PT)<\/a>, por exemplo, ele demorou a definir qual lado apoiaria. Mas avisou tanto aos peessedebistas, que articulavam a deposi\u00e7\u00e3o, quanto aos petistas, que tentavam evit\u00e1-la, que o PP estaria do lado dos vencedores. E, de fato, esteve. Apesar de ocupar um minist\u00e9rio e dezenas de cargos de segundo escal\u00e3o, decidiu-se por apoiar o impeachment.<\/p>\n<p>Na matem\u00e1tica congressual, saiu ganhando. Com Temer, o PP administra atualmente tr\u00eas das mais importantes pastas na esplanada: Sa\u00fade, Cidades e Agricultura. Al\u00e9m do banco p\u00fablico Caixa. Ou seja, administra o Sistema \u00danico de Sa\u00fade (SUS) e programas como o Minha Casa Minha Vida. Or\u00e7amentos que ultrapassam a casa dos 30 bilh\u00f5es de reais. Essa vitrine pol\u00edtica \u00e9 sempre lembrada pelos pol\u00edticos do PP que tentam buscar algum novo cargo. E os chefes desses minist\u00e9rios usam de sua influ\u00eancia para beneficiar suas bases eleitorais e seus aliados, como costuma ocorrer no Brasil.<\/p>\n<div id=\"cuerpo_noticia\" class=\"articulo-cuerpo\">\n<p>Fora do Legislativo, Nogueira e sua fam\u00edlia vivem uma vida de magnatas. Faz diversas viagens internacionais com a fam\u00edlia, v\u00e1rias delas registradas nos perfis das redes sociais de suas tr\u00eas filhas. No dia em que a PF adentrou em seu gabinete e em seus im\u00f3veis em Bras\u00edlia e Teresina, o senador estava em Portugal, justamente com familiares. Filho de um ex-deputado-federal, Nogueira \u00e9 casado com outra herdeira pol\u00edtica, a deputada federal Iracema Portella (PP-PI). Ela \u00e9 filha de Luc\u00eddio Portela, ex-governador do Piau\u00ed, e sobrinha de Petr\u00f4nio Portella, ex-ministro da Justi\u00e7a, ex-senador e ex-governador do mesmo Estado. Uma reportagem publicada pela revista\u00a0<em>\u00c9poca<\/em>\u00a0levantou parte de seu patrim\u00f4nio: um helic\u00f3ptero, um jatinho, uma ilha no Delta do rio Parna\u00edba, um grupo de concession\u00e1ria de ve\u00edculos, al\u00e9m de diversos im\u00f3veis de luxo. Um contraste no Piau\u00ed, um dos estados mais pobres do Brasil.<\/p>\n<p>O novo desafio do deputado ser\u00e1 o de convencer seus eleitores que, mesmo respondendo a pelo menos 17 processos criminais, ainda merece a confian\u00e7a. Um desses processos envolve o senador e outros 11 parlamentares progressistas, suspeitos de desviarem 380 milh\u00f5es de reais em recursos p\u00fablicos. Nogueira, que antes de se eleger senador foi deputado federal por quatro mandatos (16 anos), deve se candidatar \u00e0 reelei\u00e7\u00e3o nas elei\u00e7\u00f5es de outubro.<\/p>\n<h3>Outro lado<\/h3>\n<p>Sobre a opera\u00e7\u00e3o dessa ter\u00e7a-feira, da qual \u00e9 suspeito de obstruir a opera\u00e7\u00e3o Lava Jato\u00a0<a href=\"https:\/\/brasil.elpais.com\/brasil\/2018\/04\/24\/politica\/1524569100_152142.html\">ao amea\u00e7ar um colaborador da Justi\u00e7a<\/a>, o advogado de Nogueira, Antonio Carlos de Almeida Castro afirmou que o senador a classificou como \u201ccompletamente fora da realidade\u201d e disse que o parlamentar est\u00e1 \u00e0 disposi\u00e7\u00e3o para qualquer esclarecimento. \u201cSequer\u00a0<em>en passant<\/em>\u00a0o senador praticou qualquer ato que pudesse ser interpretado como tentativa de embara\u00e7o\u201d.<\/p>\n<p>Al\u00e9m do gabinete e da casa de Nogueira, os policiais federais estiveram por quase seis horas no gabinete de outro investigado, o deputado federal Dudu da Fonte. De l\u00e1, levaram c\u00f3pias de arquivos de computadores e de v\u00e1rios documentos que podem comprovar os crimes. Procurado, Fonte limitou-se a informar por meio de uma nota que est\u00e1 \u00e0 disposi\u00e7\u00e3o dos investigadores. \u201cEstou \u00e0 disposi\u00e7\u00e3o da Justi\u00e7a sempre. Confiamos nela e em Deus\u201d. O outro alvo da apura\u00e7\u00e3o, o ex-deputado federal M\u00e1rcio Junqueira, foi preso. Seus advogados n\u00e3o foram localizados pela reportagem.<\/p>\n<\/div>\n<div class=\"teads-inread sm-screen\"><\/div>\n<div class=\"sumario__interior\"><\/div>\n<\/section>\n","protected":false},"excerpt":{"rendered":"<p>Legenda, que sofreu nova opera\u00e7\u00e3o da PF, se beneficia dos holofotes voltados ao PT, PSDB e MDB, e nos bastidores, aumenta bancada da C\u00e2mara. \u00c9 cortejada por presidenci\u00e1veis de esquerda e direita que cobi\u00e7am seus recursos para campanha eleitoral<\/p>\n","protected":false},"author":1,"featured_media":0,"comment_status":"closed","ping_status":"open","sticky":false,"template":"","format":"standard","meta":{"_exactmetrics_skip_tracking":false,"_exactmetrics_sitenote_active":false,"_exactmetrics_sitenote_note":"","_exactmetrics_sitenote_category":0,"jetpack_post_was_ever_published":false,"_jetpack_newsletter_access":"","_jetpack_dont_email_post_to_subs":false,"_jetpack_newsletter_tier_id":0,"_jetpack_memberships_contains_paywalled_content":false,"_jetpack_memberships_contains_paid_content":false,"footnotes":"","jetpack_publicize_message":"","jetpack_publicize_feature_enabled":true,"jetpack_social_post_already_shared":true,"jetpack_social_options":{"image_generator_settings":{"template":"highway","enabled":false},"version":2}},"categories":[1],"tags":[],"class_list":["post-17746","post","type-post","status-publish","format-standard","hentry","category-notas"],"jetpack_publicize_connections":[],"jetpack_sharing_enabled":true,"jetpack_featured_media_url":"","jetpack_shortlink":"https:\/\/wp.me\/p7wKYW-4Ce","jetpack-related-posts":[],"_links":{"self":[{"href":"http:\/\/blogdalucianaoliveira.com.br\/blog\/wp-json\/wp\/v2\/posts\/17746","targetHints":{"allow":["GET"]}}],"collection":[{"href":"http:\/\/blogdalucianaoliveira.com.br\/blog\/wp-json\/wp\/v2\/posts"}],"about":[{"href":"http:\/\/blogdalucianaoliveira.com.br\/blog\/wp-json\/wp\/v2\/types\/post"}],"author":[{"embeddable":true,"href":"http:\/\/blogdalucianaoliveira.com.br\/blog\/wp-json\/wp\/v2\/users\/1"}],"replies":[{"embeddable":true,"href":"http:\/\/blogdalucianaoliveira.com.br\/blog\/wp-json\/wp\/v2\/comments?post=17746"}],"version-history":[{"count":1,"href":"http:\/\/blogdalucianaoliveira.com.br\/blog\/wp-json\/wp\/v2\/posts\/17746\/revisions"}],"predecessor-version":[{"id":17748,"href":"http:\/\/blogdalucianaoliveira.com.br\/blog\/wp-json\/wp\/v2\/posts\/17746\/revisions\/17748"}],"wp:attachment":[{"href":"http:\/\/blogdalucianaoliveira.com.br\/blog\/wp-json\/wp\/v2\/media?parent=17746"}],"wp:term":[{"taxonomy":"category","embeddable":true,"href":"http:\/\/blogdalucianaoliveira.com.br\/blog\/wp-json\/wp\/v2\/categories?post=17746"},{"taxonomy":"post_tag","embeddable":true,"href":"http:\/\/blogdalucianaoliveira.com.br\/blog\/wp-json\/wp\/v2\/tags?post=17746"}],"curies":[{"name":"wp","href":"https:\/\/api.w.org\/{rel}","templated":true}]}}