{"id":17763,"date":"2018-04-25T16:38:16","date_gmt":"2018-04-25T20:38:16","guid":{"rendered":"http:\/\/blogdalucianaoliveira.com.br\/blog\/?p=17763"},"modified":"2018-04-25T16:38:16","modified_gmt":"2018-04-25T20:38:16","slug":"revolucao-dos-cravos","status":"publish","type":"post","link":"http:\/\/blogdalucianaoliveira.com.br\/blog\/2018\/04\/25\/revolucao-dos-cravos\/","title":{"rendered":"REVOLU\u00c7\u00c3O DOS CRAVOS"},"content":{"rendered":"<p><img data-recalc-dims=\"1\" loading=\"lazy\" decoding=\"async\" data-attachment-id=\"17764\" data-permalink=\"http:\/\/blogdalucianaoliveira.com.br\/blog\/2018\/04\/25\/revolucao-dos-cravos\/3d9e45da-351f-4cd4-bc8c-32d68fb0c76a\/\" data-orig-file=\"https:\/\/i0.wp.com\/blogdalucianaoliveira.com.br\/blog\/wp-content\/uploads\/2018\/04\/3D9E45DA-351F-4CD4-BC8C-32D68FB0C76A.jpeg?fit=1078%2C714\" data-orig-size=\"1078,714\" data-comments-opened=\"0\" data-image-meta=\"{&quot;aperture&quot;:&quot;0&quot;,&quot;credit&quot;:&quot;&quot;,&quot;camera&quot;:&quot;&quot;,&quot;caption&quot;:&quot;&quot;,&quot;created_timestamp&quot;:&quot;0&quot;,&quot;copyright&quot;:&quot;&quot;,&quot;focal_length&quot;:&quot;0&quot;,&quot;iso&quot;:&quot;0&quot;,&quot;shutter_speed&quot;:&quot;0&quot;,&quot;title&quot;:&quot;&quot;,&quot;orientation&quot;:&quot;1&quot;}\" data-image-title=\"3D9E45DA-351F-4CD4-BC8C-32D68FB0C76A\" data-image-description=\"\" data-image-caption=\"\" data-medium-file=\"https:\/\/i0.wp.com\/blogdalucianaoliveira.com.br\/blog\/wp-content\/uploads\/2018\/04\/3D9E45DA-351F-4CD4-BC8C-32D68FB0C76A.jpeg?fit=300%2C199\" data-large-file=\"https:\/\/i0.wp.com\/blogdalucianaoliveira.com.br\/blog\/wp-content\/uploads\/2018\/04\/3D9E45DA-351F-4CD4-BC8C-32D68FB0C76A.jpeg?fit=600%2C397\" src=\"https:\/\/i0.wp.com\/blogdalucianaoliveira.com.br\/blog\/wp-content\/uploads\/2018\/04\/3D9E45DA-351F-4CD4-BC8C-32D68FB0C76A.jpeg?resize=600%2C397\" alt=\"3D9E45DA-351F-4CD4-BC8C-32D68FB0C76A\" width=\"600\" height=\"397\" class=\"alignnone size-full wp-image-17764\" srcset=\"https:\/\/i0.wp.com\/blogdalucianaoliveira.com.br\/blog\/wp-content\/uploads\/2018\/04\/3D9E45DA-351F-4CD4-BC8C-32D68FB0C76A.jpeg?w=1078 1078w, https:\/\/i0.wp.com\/blogdalucianaoliveira.com.br\/blog\/wp-content\/uploads\/2018\/04\/3D9E45DA-351F-4CD4-BC8C-32D68FB0C76A.jpeg?resize=300%2C199 300w, https:\/\/i0.wp.com\/blogdalucianaoliveira.com.br\/blog\/wp-content\/uploads\/2018\/04\/3D9E45DA-351F-4CD4-BC8C-32D68FB0C76A.jpeg?resize=768%2C509 768w, https:\/\/i0.wp.com\/blogdalucianaoliveira.com.br\/blog\/wp-content\/uploads\/2018\/04\/3D9E45DA-351F-4CD4-BC8C-32D68FB0C76A.jpeg?resize=1024%2C678 1024w, https:\/\/i0.wp.com\/blogdalucianaoliveira.com.br\/blog\/wp-content\/uploads\/2018\/04\/3D9E45DA-351F-4CD4-BC8C-32D68FB0C76A.jpeg?resize=453%2C300 453w\" sizes=\"auto, (max-width: 600px) 100vw, 600px\" \/> <\/p>\n<p>Meu nome \u00e9 Aton Fon Filho. Em 1974, abril, eu estava preso na Ilha Grande. No dia 23, fui levado para o Pres\u00eddio H\u00e9lio Gomes, no Rio de Janeiro e, no dia 24, para a PE da Bar\u00e3o de Mesquita. <!--more--><\/p>\n<p>No dia 25, fui trazido para S\u00e3o Paulo e, j\u00e1 \u00e0 noite, levado para o quartel da PE na Ab\u00edlio Soares, onde fiquei isolado numa cela no corredor dos presos, que estava vazio. Ficou claro que o contato comigo era proibido e at\u00e9 para entrega das refei\u00e7\u00f5es vinha at\u00e9 a cela o sargento comandante da guarda acompanhado de outros pra\u00e7as.<br \/>\nNo final da manh\u00e3, houve uma discuss\u00e3o sobre a limpeza do corredor e das celas e um grupo de soldados entrou no corredor. Na passagem, um deles jogou uma laranja dentro de minha cela, sem que eu pudesse ver quem fora.<br \/>\nEles sa\u00edram e tornaram a entrar no corredor das celas carregando baldes, vassouras e esfreg\u00f5es. Na passagem \u2014 e, de novo, sem que eu visse quem o fazia \u2014 outra laranja foi jogada na cela e um p\u00e3o em cima da cama.<br \/>\nTerminada a lavagem, eles foram se retirando enquanto um deles, um cabo, fazia a vistoria do trabalho realizado.<br \/>\nAo passar em frente da cela em que eu estava, esse cabo, um jovem, se aproximou e me perguntou se o p\u00e3o tinha ca\u00eddo no ch\u00e3o. Eu respondi que n\u00e3o, que tinha ca\u00eddo na cama e agradeci pelas laranjas e pelo p\u00e3o.<br \/>\nA\u00ed esse rapaz, esse cabo, me perguntou se eu tinha visto o que tinha acontecido em Portugal. Eu disse que n\u00e3o e ele explicou:<br \/>\n&#8220;Esse povo de voc\u00eas, de l\u00e1, ontem derrubou o governo, um ditador que tinha l\u00e1.&#8221;<br \/>\nFoi s\u00f3 o que eu soube do 25 de abril, no dia 26 de abril, gra\u00e7as \u00e0 solidariedade de um jovem cabo que escamoteou para minha cela e me deu de presente duas laranjas, um p\u00e3o e a certeza de que as mais ferozes ditaduras podem ser derrubadas. <\/p>\n<p>FOTO DO PRES\u00cdDIO DE BARRO BRANCO:<br \/>\nEm p\u00e9 &#8211; da esquerda pra direita: Ariston Lucena, Gilberto Beloque, Paulo Vanucchi, Genoino, Man\u00e9 Cirilo. Sentados: Os\u00e9as Duarte, Aton Fon, Reinaldo Mourano, Celso Horta, Hamilton Pereira.<\/p>\n","protected":false},"excerpt":{"rendered":"<p>Meu nome \u00e9 Aton Fon Filho. Em 1974, abril, eu estava preso na Ilha Grande. No dia 23, fui levado para o Pres\u00eddio H\u00e9lio Gomes, no Rio de Janeiro e, no dia 24, para a PE da Bar\u00e3o de Mesquita.<\/p>\n","protected":false},"author":1,"featured_media":0,"comment_status":"closed","ping_status":"open","sticky":false,"template":"","format":"standard","meta":{"_exactmetrics_skip_tracking":false,"_exactmetrics_sitenote_active":false,"_exactmetrics_sitenote_note":"","_exactmetrics_sitenote_category":0,"jetpack_post_was_ever_published":false,"_jetpack_newsletter_access":"","_jetpack_dont_email_post_to_subs":false,"_jetpack_newsletter_tier_id":0,"_jetpack_memberships_contains_paywalled_content":false,"_jetpack_memberships_contains_paid_content":false,"footnotes":"","jetpack_publicize_message":"","jetpack_publicize_feature_enabled":true,"jetpack_social_post_already_shared":true,"jetpack_social_options":{"image_generator_settings":{"template":"highway","enabled":false},"version":2}},"categories":[1],"tags":[],"class_list":["post-17763","post","type-post","status-publish","format-standard","hentry","category-notas"],"jetpack_publicize_connections":[],"jetpack_sharing_enabled":true,"jetpack_featured_media_url":"","jetpack_shortlink":"https:\/\/wp.me\/p7wKYW-4Cv","jetpack-related-posts":[],"_links":{"self":[{"href":"http:\/\/blogdalucianaoliveira.com.br\/blog\/wp-json\/wp\/v2\/posts\/17763","targetHints":{"allow":["GET"]}}],"collection":[{"href":"http:\/\/blogdalucianaoliveira.com.br\/blog\/wp-json\/wp\/v2\/posts"}],"about":[{"href":"http:\/\/blogdalucianaoliveira.com.br\/blog\/wp-json\/wp\/v2\/types\/post"}],"author":[{"embeddable":true,"href":"http:\/\/blogdalucianaoliveira.com.br\/blog\/wp-json\/wp\/v2\/users\/1"}],"replies":[{"embeddable":true,"href":"http:\/\/blogdalucianaoliveira.com.br\/blog\/wp-json\/wp\/v2\/comments?post=17763"}],"version-history":[{"count":1,"href":"http:\/\/blogdalucianaoliveira.com.br\/blog\/wp-json\/wp\/v2\/posts\/17763\/revisions"}],"predecessor-version":[{"id":17765,"href":"http:\/\/blogdalucianaoliveira.com.br\/blog\/wp-json\/wp\/v2\/posts\/17763\/revisions\/17765"}],"wp:attachment":[{"href":"http:\/\/blogdalucianaoliveira.com.br\/blog\/wp-json\/wp\/v2\/media?parent=17763"}],"wp:term":[{"taxonomy":"category","embeddable":true,"href":"http:\/\/blogdalucianaoliveira.com.br\/blog\/wp-json\/wp\/v2\/categories?post=17763"},{"taxonomy":"post_tag","embeddable":true,"href":"http:\/\/blogdalucianaoliveira.com.br\/blog\/wp-json\/wp\/v2\/tags?post=17763"}],"curies":[{"name":"wp","href":"https:\/\/api.w.org\/{rel}","templated":true}]}}