{"id":17766,"date":"2018-04-26T13:47:37","date_gmt":"2018-04-26T17:47:37","guid":{"rendered":"http:\/\/blogdalucianaoliveira.com.br\/blog\/?p=17766"},"modified":"2018-04-26T13:47:37","modified_gmt":"2018-04-26T17:47:37","slug":"as-mulheres-do-alua-em-porto-velho-teatro-1-sesc","status":"publish","type":"post","link":"http:\/\/blogdalucianaoliveira.com.br\/blog\/2018\/04\/26\/as-mulheres-do-alua-em-porto-velho-teatro-1-sesc\/","title":{"rendered":"AS MULHERES DO ALU\u00c1 EM PORTO VELHO TEATRO 1 SESC"},"content":{"rendered":"<p><img data-recalc-dims=\"1\" loading=\"lazy\" decoding=\"async\" data-attachment-id=\"17767\" data-permalink=\"http:\/\/blogdalucianaoliveira.com.br\/blog\/2018\/04\/26\/as-mulheres-do-alua-em-porto-velho-teatro-1-sesc\/494976f9-c95b-4754-90ef-a4f742671bb7\/\" data-orig-file=\"https:\/\/i0.wp.com\/blogdalucianaoliveira.com.br\/blog\/wp-content\/uploads\/2018\/04\/494976F9-C95B-4754-90EF-A4F742671BB7.jpeg?fit=1280%2C630\" data-orig-size=\"1280,630\" data-comments-opened=\"0\" data-image-meta=\"{&quot;aperture&quot;:&quot;0&quot;,&quot;credit&quot;:&quot;&quot;,&quot;camera&quot;:&quot;&quot;,&quot;caption&quot;:&quot;&quot;,&quot;created_timestamp&quot;:&quot;0&quot;,&quot;copyright&quot;:&quot;&quot;,&quot;focal_length&quot;:&quot;0&quot;,&quot;iso&quot;:&quot;0&quot;,&quot;shutter_speed&quot;:&quot;0&quot;,&quot;title&quot;:&quot;&quot;,&quot;orientation&quot;:&quot;0&quot;}\" data-image-title=\"494976F9-C95B-4754-90EF-A4F742671BB7\" data-image-description=\"\" data-image-caption=\"\" data-medium-file=\"https:\/\/i0.wp.com\/blogdalucianaoliveira.com.br\/blog\/wp-content\/uploads\/2018\/04\/494976F9-C95B-4754-90EF-A4F742671BB7.jpeg?fit=300%2C148\" data-large-file=\"https:\/\/i0.wp.com\/blogdalucianaoliveira.com.br\/blog\/wp-content\/uploads\/2018\/04\/494976F9-C95B-4754-90EF-A4F742671BB7.jpeg?fit=600%2C295\" src=\"https:\/\/i0.wp.com\/blogdalucianaoliveira.com.br\/blog\/wp-content\/uploads\/2018\/04\/494976F9-C95B-4754-90EF-A4F742671BB7.jpeg?resize=600%2C295\" alt=\"494976F9-C95B-4754-90EF-A4F742671BB7\" width=\"600\" height=\"295\" class=\"alignnone size-full wp-image-17767\" srcset=\"https:\/\/i0.wp.com\/blogdalucianaoliveira.com.br\/blog\/wp-content\/uploads\/2018\/04\/494976F9-C95B-4754-90EF-A4F742671BB7.jpeg?w=1280 1280w, https:\/\/i0.wp.com\/blogdalucianaoliveira.com.br\/blog\/wp-content\/uploads\/2018\/04\/494976F9-C95B-4754-90EF-A4F742671BB7.jpeg?resize=300%2C148 300w, https:\/\/i0.wp.com\/blogdalucianaoliveira.com.br\/blog\/wp-content\/uploads\/2018\/04\/494976F9-C95B-4754-90EF-A4F742671BB7.jpeg?resize=768%2C378 768w, https:\/\/i0.wp.com\/blogdalucianaoliveira.com.br\/blog\/wp-content\/uploads\/2018\/04\/494976F9-C95B-4754-90EF-A4F742671BB7.jpeg?resize=1024%2C504 1024w, https:\/\/i0.wp.com\/blogdalucianaoliveira.com.br\/blog\/wp-content\/uploads\/2018\/04\/494976F9-C95B-4754-90EF-A4F742671BB7.jpeg?resize=610%2C300 610w, https:\/\/i0.wp.com\/blogdalucianaoliveira.com.br\/blog\/wp-content\/uploads\/2018\/04\/494976F9-C95B-4754-90EF-A4F742671BB7.jpeg?w=1200 1200w\" sizes=\"auto, (max-width: 600px) 100vw, 600px\" \/><\/p>\n<p>Agende esse evento <!--more--><\/p>\n<p>Av. Presidente Dutra, 4175 &#8211; Olaria<br \/>\nDia: 11 de Maio<br \/>\nHor\u00e1rio: 20 h<br \/>\nEntrada franca (retirada de senha uma hora antes)<br \/>\nInforma\u00e7\u00f5es: (69) 3229-6006 \/ (69) 99979 0048<\/p>\n<p>Sobre o Espet\u00e1culo:<\/p>\n<p>Sinopse<br \/>\nMulheres de diferentes \u00e9pocas que foram condenadas, num per\u00edodo em que o pensamento-homem \u00e9 que determinava a condi\u00e7\u00e3o de cada uma delas. Com hist\u00f3rias marcadas pelas viol\u00eancias e pelas dificuldades enfrentadas em um ambiente hostil e opressor do passado na Amaz\u00f4nia. Uma investiga\u00e7\u00e3o c\u00eanica que coloca em foco a rela\u00e7\u00e3o de g\u00eanero e o universo feminino. Quem s\u00e3o essas mulheres?<\/p>\n<p>Teatro adulto<br \/>\nClassifica\u00e7\u00e3o: 14 anos<br \/>\n60 minutos<\/p>\n<p>O Grupo<br \/>\nO imagin\u00e1rio<\/p>\n<p>Fundado com o objetivo de pesquisar e investigar as diversas linguagens art\u00edsticas, este grupo \u00e9 dirigido pelo ator e diretor Chic\u00e3o Santos, que trouxe para o panorama amaz\u00f4nico um jeito inovador e transgressor de pensar o fazer teatral. Em seus trabalhos sempre busca discutir a rela\u00e7\u00e3o do p\u00fablico, do teatro e da cidade. J\u00e1 no seu espa\u00e7o, o Tapiri, investe na qualifica\u00e7\u00e3o art\u00edstica e nas trocas em busca de uma biopol\u00edtica para a Amaz\u00f4nia.<\/p>\n<p>Ficha t\u00e9cnica;<br \/>\nElenco: Agrael de Jesus, Amanara Brand\u00e3o, Fl\u00e1via Diniz e Zaine Diniz<br \/>\nDramaturgia: Euler Lopes Teles<br \/>\nPesquisa: Chic\u00e3o Santos e Nilza Menezes<br \/>\nConcep\u00e7\u00e3o de figurino: Zaine Diniz<br \/>\nConcep\u00e7\u00e3o Cenogr\u00e1fica e Luz: Chic\u00e3o Santos<br \/>\nExecu\u00e7\u00e3o de cen\u00e1rio: Ismael Barreto<br \/>\nOpera\u00e7\u00e3o de Luz: Edmar Leite<br \/>\nOpera\u00e7\u00e3o de Som: Chic\u00e3o Santos<br \/>\nPrepara\u00e7\u00e3o das bebidas (Alu\u00e1 e Chicha): Sacerdotisa Yakolecy e Arlete Cortez<br \/>\nM\u00fasicas de autoria pr\u00f3pria (m\u00e3e preta e alu\u00e1)<br \/>\nParticipa\u00e7\u00e3o musical: As Pastoras do Asfalt\u00e3o.<br \/>\nPrepara\u00e7\u00e3o de dan\u00e7a: Cristina Pontes<br \/>\nPrepara\u00e7\u00e3o de voz: Marcos Grutzmacher<br \/>\nFotografia: Leonardo Val\u00e9rio<br \/>\nAssessoria de Imprensa\/Comunica\u00e7\u00e3o; Eliane Vianna<br \/>\nAssessoria de Redes Sociais: Lu\u00edsa Costa<br \/>\nProdu\u00e7\u00e3o e dire\u00e7\u00e3o: Chic\u00e3o Santos<br \/>\nAcompanhe nossa jornada pelo Brasil, no Palco Girat\u00f3rio 2018<\/p>\n<p>Links<br \/>\nhttp:\/\/www.sesc.com.br\/\u2026\/espetaculosintern\u2026\/asmulheresdoalua<br \/>\nhttp:\/\/mulheresdoalua.blogspot.com.br\/<\/p>\n","protected":false},"excerpt":{"rendered":"<p>Agende esse evento<\/p>\n","protected":false},"author":1,"featured_media":0,"comment_status":"closed","ping_status":"open","sticky":false,"template":"","format":"standard","meta":{"_exactmetrics_skip_tracking":false,"_exactmetrics_sitenote_active":false,"_exactmetrics_sitenote_note":"","_exactmetrics_sitenote_category":0,"jetpack_post_was_ever_published":false,"_jetpack_newsletter_access":"","_jetpack_dont_email_post_to_subs":false,"_jetpack_newsletter_tier_id":0,"_jetpack_memberships_contains_paywalled_content":false,"_jetpack_memberships_contains_paid_content":false,"footnotes":"","jetpack_publicize_message":"","jetpack_publicize_feature_enabled":true,"jetpack_social_post_already_shared":true,"jetpack_social_options":{"image_generator_settings":{"template":"highway","enabled":false},"version":2}},"categories":[1],"tags":[],"class_list":["post-17766","post","type-post","status-publish","format-standard","hentry","category-notas"],"jetpack_publicize_connections":[],"jetpack_sharing_enabled":true,"jetpack_featured_media_url":"","jetpack_shortlink":"https:\/\/wp.me\/p7wKYW-4Cy","jetpack-related-posts":[],"_links":{"self":[{"href":"http:\/\/blogdalucianaoliveira.com.br\/blog\/wp-json\/wp\/v2\/posts\/17766","targetHints":{"allow":["GET"]}}],"collection":[{"href":"http:\/\/blogdalucianaoliveira.com.br\/blog\/wp-json\/wp\/v2\/posts"}],"about":[{"href":"http:\/\/blogdalucianaoliveira.com.br\/blog\/wp-json\/wp\/v2\/types\/post"}],"author":[{"embeddable":true,"href":"http:\/\/blogdalucianaoliveira.com.br\/blog\/wp-json\/wp\/v2\/users\/1"}],"replies":[{"embeddable":true,"href":"http:\/\/blogdalucianaoliveira.com.br\/blog\/wp-json\/wp\/v2\/comments?post=17766"}],"version-history":[{"count":1,"href":"http:\/\/blogdalucianaoliveira.com.br\/blog\/wp-json\/wp\/v2\/posts\/17766\/revisions"}],"predecessor-version":[{"id":17768,"href":"http:\/\/blogdalucianaoliveira.com.br\/blog\/wp-json\/wp\/v2\/posts\/17766\/revisions\/17768"}],"wp:attachment":[{"href":"http:\/\/blogdalucianaoliveira.com.br\/blog\/wp-json\/wp\/v2\/media?parent=17766"}],"wp:term":[{"taxonomy":"category","embeddable":true,"href":"http:\/\/blogdalucianaoliveira.com.br\/blog\/wp-json\/wp\/v2\/categories?post=17766"},{"taxonomy":"post_tag","embeddable":true,"href":"http:\/\/blogdalucianaoliveira.com.br\/blog\/wp-json\/wp\/v2\/tags?post=17766"}],"curies":[{"name":"wp","href":"https:\/\/api.w.org\/{rel}","templated":true}]}}