{"id":17771,"date":"2018-04-27T11:43:29","date_gmt":"2018-04-27T15:43:29","guid":{"rendered":"http:\/\/blogdalucianaoliveira.com.br\/blog\/?p=17771"},"modified":"2018-04-27T11:43:29","modified_gmt":"2018-04-27T15:43:29","slug":"indignacao-nas-ruas-de-toda-espanha-por-sentenca-branda-a-um-caso-de-estupro-coletivo","status":"publish","type":"post","link":"http:\/\/blogdalucianaoliveira.com.br\/blog\/2018\/04\/27\/indignacao-nas-ruas-de-toda-espanha-por-sentenca-branda-a-um-caso-de-estupro-coletivo\/","title":{"rendered":"Indigna\u00e7\u00e3o nas ruas de toda Espanha por senten\u00e7a branda a um caso de estupro coletivo"},"content":{"rendered":"<p><img data-recalc-dims=\"1\" loading=\"lazy\" decoding=\"async\" data-attachment-id=\"17772\" data-permalink=\"http:\/\/blogdalucianaoliveira.com.br\/blog\/2018\/04\/27\/indignacao-nas-ruas-de-toda-espanha-por-sentenca-branda-a-um-caso-de-estupro-coletivo\/creo\/\" data-orig-file=\"https:\/\/i0.wp.com\/blogdalucianaoliveira.com.br\/blog\/wp-content\/uploads\/2018\/04\/creo.jpg?fit=1960%2C1050\" data-orig-size=\"1960,1050\" data-comments-opened=\"0\" data-image-meta=\"{&quot;aperture&quot;:&quot;0&quot;,&quot;credit&quot;:&quot;&quot;,&quot;camera&quot;:&quot;&quot;,&quot;caption&quot;:&quot;&quot;,&quot;created_timestamp&quot;:&quot;0&quot;,&quot;copyright&quot;:&quot;&quot;,&quot;focal_length&quot;:&quot;0&quot;,&quot;iso&quot;:&quot;0&quot;,&quot;shutter_speed&quot;:&quot;0&quot;,&quot;title&quot;:&quot;&quot;,&quot;orientation&quot;:&quot;0&quot;}\" data-image-title=\"creo\" data-image-description=\"\" data-image-caption=\"\" data-medium-file=\"https:\/\/i0.wp.com\/blogdalucianaoliveira.com.br\/blog\/wp-content\/uploads\/2018\/04\/creo.jpg?fit=300%2C161\" data-large-file=\"https:\/\/i0.wp.com\/blogdalucianaoliveira.com.br\/blog\/wp-content\/uploads\/2018\/04\/creo.jpg?fit=600%2C322\" class=\"alignnone size-full wp-image-17772\" src=\"https:\/\/i0.wp.com\/blogdalucianaoliveira.com.br\/blog\/wp-content\/uploads\/2018\/04\/creo.jpg?resize=600%2C321\" alt=\"creo\" width=\"600\" height=\"321\" srcset=\"https:\/\/i0.wp.com\/blogdalucianaoliveira.com.br\/blog\/wp-content\/uploads\/2018\/04\/creo.jpg?w=1960 1960w, https:\/\/i0.wp.com\/blogdalucianaoliveira.com.br\/blog\/wp-content\/uploads\/2018\/04\/creo.jpg?resize=300%2C161 300w, https:\/\/i0.wp.com\/blogdalucianaoliveira.com.br\/blog\/wp-content\/uploads\/2018\/04\/creo.jpg?resize=768%2C411 768w, https:\/\/i0.wp.com\/blogdalucianaoliveira.com.br\/blog\/wp-content\/uploads\/2018\/04\/creo.jpg?resize=1024%2C549 1024w, https:\/\/i0.wp.com\/blogdalucianaoliveira.com.br\/blog\/wp-content\/uploads\/2018\/04\/creo.jpg?resize=560%2C300 560w, https:\/\/i0.wp.com\/blogdalucianaoliveira.com.br\/blog\/wp-content\/uploads\/2018\/04\/creo.jpg?w=1200 1200w, https:\/\/i0.wp.com\/blogdalucianaoliveira.com.br\/blog\/wp-content\/uploads\/2018\/04\/creo.jpg?w=1800 1800w\" sizes=\"auto, (max-width: 600px) 100vw, 600px\" \/><\/p>\n<div class=\"articulo-apertura \">\n<div id=\"articulo-introduccion\" class=\"articulo-introduccion\">\n<div id=\"articulo-titulares\" class=\"articulo-titulares\">\n<div class=\"articulo-subtitulos\">\n<h2 class=\"articulo-subtitulo\">Senten\u00e7a contra cinco acusados pela viola\u00e7\u00e3o grupal de uma jovem em 2016 provoca protestos por todo o pa\u00eds<\/h2>\n<\/div>\n<\/div>\n<aside id=\"compartir_superior\" class=\"compartir\">\n<div class=\"compartir__interior\">\u00a0No El Pa\u00eds, por Manuel Jabois &#8211; \u201cAbuso sexual\u201d. Quando pronunciou estas duas palavras, as mais famosas de sua carreira judicial, o\u00a0<a href=\"https:\/\/brasil.elpais.com\/tag\/jueces\/a\">juiz<\/a>\u00a0<a href=\"https:\/\/brasil.elpais.com\/tag\/espana\/a\">espanhol<\/a>\u00a0Jos\u00e9 Francisco Cobo escutou como eram refutadas. Deve ter se sentido como um \u00e1rbitro. Trinta segundos depois de ter ditado a\u00a0<a href=\"https:\/\/brasil.elpais.com\/tag\/sentencias\/a\">senten\u00e7a<\/a>, Cobo p\u00f4de escutar, pela primeira vez em sua vida, a reprova\u00e7\u00e3o do p\u00fablico. \u201cFora, fora\u201d, come\u00e7ou a gritar contra ele uma multid\u00e3o diante do pr\u00e9dio, na abarrotada pra\u00e7a Juiz Elio, de Navarra, no Pa\u00eds Basco, norte da Espanha. \u201cFora, fora.\u201d Os assovios inundaram a sala 102 do Pal\u00e1cio de Justi\u00e7a de Navarra, transbordando de gente.<\/div>\n<\/aside>\n<\/div>\n<\/div>\n<p><!--more--><\/p>\n<div id=\"roba_principal\" class=\"envoltorio_publi\">\n<p>N\u00e3o tinha sido um julgamento qualquer nem aquela era uma senten\u00e7a qualquer. Ficou decidido que\u00a0<a href=\"https:\/\/brasil.elpais.com\/brasil\/2017\/11\/16\/internacional\/1510871321_915237.html\">uma garota estuprada por cinco jovens muito mais fortes que ela<\/a>\u00a0n\u00e3o havia sofrido viol\u00eancia nem intimida\u00e7\u00e3o: os mesmos ju\u00edzes que assinaram esses fatos comprovados tinham definido a senten\u00e7a (l\u00ea-se literalmente nela: \u201cchocada e sem condi\u00e7\u00f5es de reagir\u201d, com \u201cang\u00fastia\u201d ao ver o membro de um acusado se aproximando de sua mand\u00edbula e outro por tr\u00e1s \u201cbaixando-lhe a calcinha\u201d, enquanto sentia ang\u00fastia, inquieta\u00e7\u00e3o e espanto, mantendo uma atitude de \u201csubmiss\u00e3o e passividade\u201d, \u201cencurralada e gritando\u201d depois).<\/p>\n<div id=\"elpais_gpt-INTEXT\" data-google-query-id=\"CI3b-8nk2toCFRX14Qodo2sFMQ\"><\/div>\n<p>Uma onda de indigna\u00e7\u00e3o se espalhou pelo pa\u00eds, que foi tomado por manifesta\u00e7\u00f5es depois de ouvida a senten\u00e7a, mas antes a multid\u00e3o se apropriou daquela pra\u00e7a, cheia de vozes\u00a0<a href=\"https:\/\/brasil.elpais.com\/tag\/feminismo\/a\">femininas<\/a>. Eram vozes em estado de exce\u00e7\u00e3o desde que, h\u00e1 quase dois anos, foi divulgada a den\u00fancia por\u00a0<a href=\"https:\/\/brasil.elpais.com\/tag\/violaciones\/a\">estupro<\/a>\u00a0m\u00faltiplo de uma garota de 18 anos por parte de cinco jovens que se vangloriavam de conquistas e\u00a0<a href=\"https:\/\/brasil.elpais.com\/tag\/sexo_grupal\/a\">sexo em grupo<\/a>, e faziam piadas sobre viola\u00e7\u00f5es sexuais e m\u00e9todos para execut\u00e1-las; vozes que acompanharam dois anos a v\u00edtima sob um lema,\u00a0<em>Irm\u00e3, eu acredito sim em voc\u00ea,<\/em>\u00a0e um movimento que mexeu com a Espanha,\u00a0<a href=\"https:\/\/brasil.elpais.com\/brasil\/2018\/03\/08\/album\/1520498356_308138.html\">sem volta atr\u00e1s, e levou \u00e0s ruas, em 8 de mar\u00e7o, milh\u00f5es de mulheres em<\/a>\u00a0luta:\u00a0<a href=\"https:\/\/brasil.elpais.com\/tag\/movimiento_metoo\/a\">#metoo<\/a>, eu tamb\u00e9m.<\/p>\n<div id=\"cuerpo_noticia\" class=\"articulo-cuerpo\">\n<p>Esta senten\u00e7a deveria ter conclu\u00eddo um julgamento, mas abriu outro, em toda a Espanha,\u00a0<a href=\"https:\/\/brasil.elpais.com\/brasil\/2015\/05\/28\/internacional\/1432810769_699622.html\">sobre o consentimento ou desejo da v\u00edtima<\/a>, como avali\u00e1-lo ou distingui-lo, e at\u00e9 que ponto \u00e9 preciso expressar rejei\u00e7\u00e3o ante um abuso para que este possa ser considerado agress\u00e3o. E, sobretudo, como calcular\u00a0<a href=\"https:\/\/brasil.elpais.com\/brasil\/2016\/06\/16\/politica\/1466096086_656617.html\">o risco assumido pela v\u00edtima ao resistir<\/a>.<\/p>\n<p>Esse julgamento foi o ato final de um delito ao qual se seguiu um julgamento desagrad\u00e1vel e angustiante. Quiseram incluir relat\u00f3rios de espionagem da v\u00edtima para demonstrar que, por levar uma vida normal e ver determinados programas de televis\u00e3o, n\u00e3o podia ter sido violentada. Um julgamento que dedicou seis horas de sess\u00e3o em uma sala com as janelas cobertas para passar v\u00e1rias vezes um v\u00eddeo de 96 segundos em que os acusados, que gravaram o ato, mantinham\u00a0<a href=\"https:\/\/brasil.elpais.com\/tag\/relaciones_sexuales\/a\">rela\u00e7\u00f5es sexuais<\/a>\u00a0de todo o tipo com uma garota que n\u00e3o sabia seus nomes, n\u00e3o sabia quantos eram e os viu sair um a um, deixando-a nua enquanto levavam seu\u00a0<a href=\"https:\/\/brasil.elpais.com\/tag\/telefonia_movil_multimedia\/a\">telefone celular<\/a>. Foi preciso escutar essa grava\u00e7\u00e3o para procurar discernir se os atos sexuais, as respira\u00e7\u00f5es, os gemidos e os gestos de uns e outra eram parte\u00a0<a href=\"https:\/\/brasil.elpais.com\/brasil\/2018\/02\/12\/internacional\/1518454290_091888.html\">de uma orgia combinada<\/a>\u00a0ou uma viola\u00e7\u00e3o em massa de uma garota que, paralisada, segundo disse, n\u00e3o expressou rejei\u00e7\u00e3o (\u201cse cinco homens te cercam em uma rua sem sa\u00edda e te pedem o celular e a carteira, e se voc\u00ea os d\u00e1 sem dizer nada, voc\u00ea pode denunci\u00e1-los por roubo?\u201d, disse no julgamento a promotora Elena Sarasate).<\/p>\n<p>\u201cN\u00e3o \u00e9 n\u00e3o, n\u00e3o \u00e9 n\u00e3o\u201d, se escutava na sala t\u00e3o logo come\u00e7ou a ser lida a senten\u00e7a; t\u00e3o logo se soube do lado de fora\u00a0\u2014 gra\u00e7as \u00e0 retransmiss\u00e3o ao vivo para todo o pa\u00eds da leitura da senten\u00e7a\u00a0\u2014 que a Justi\u00e7a havia determinado que n\u00e3o houve viol\u00eancia nem intimida\u00e7\u00e3o no abuso sexual de uma mulher por cinco homens, mas, embora n\u00e3o tenha havido consentimento, valeram-se os respons\u00e1veis de uma situa\u00e7\u00e3o de superioridade manifesta que limita a liberdade da v\u00edtima.<\/p>\n<p>O juiz n\u00e3o se alterou. S\u00f3 mudou o gesto de seu rosto um pouco depois, quando o grito da rua se voltou diretamente para ele: \u201cN\u00e3o \u00e9 abuso, \u00e9 estupro\u201d. Cobo estava lendo o contr\u00e1rio: houve abuso, mas n\u00e3o estupro. Agora havia muito mais gritos e era imposs\u00edvel n\u00e3o escut\u00e1-los; tomaram conta da sala. Cobo deixou de ler por dois segundos, tomando ar para a folha seguinte, e nesse momento na sala 102 s\u00f3 se escutou a senten\u00e7a da rua. Depois ele prosseguiu com a sua, mas j\u00e1 com uma trilha sonora que o contradizia.<\/p>\n<section id=\"sumario_3|despiece\" class=\"sumario_despiece centro\">\n<div class=\"sumario__interior\">\n<header class=\"sumario-encabezado\">\n<h4 class=\"sumario-titulo\"><span class=\"sin_enlace\">\u201cMAS N\u00c3O HOUVE VIOL\u00caNCIA\u201d: OS FATOS COMO RELATA A SENTEN\u00c7A<\/span><\/h4>\n<\/header>\n<div class=\"sumario-texto\">\n<p>A senten\u00e7a afirma que a v\u00edtima sentiu \u201cuma intensa ang\u00fastia e inquieta\u00e7\u00e3o\u201d no sagu\u00e3o onde ocorreram os fatos, \u201cque lhe produziram espanto e a levaram a adotar uma atitude de submiss\u00e3o e passividade, fazendo o que os processados lhe diziam para fazer, mantendo a maior parte do tempo os olhos fechados\u201d. \u201cA denunciante\u201d foi penetrada bucalmente por todos os processados; vaginalmente por dois deles, o \u00faltimo em duas ocasi\u00f5es; um a penetrou uma terceira vez pela via anal, chegando os dois \u00faltimos a ejacular e sem que nenhum deles utilizasse preservativo. Durante o desenrolar dos fatos foram gravados com telefone celular seis v\u00eddeos e feitas duas fotos.<\/p>\n<p>Finalizando esses fatos, os processados sa\u00edram escalonadamente. Antes de abandonar o cub\u00edculo, Antonio Manuel Guerrero Escudero se apoderou, em seu pr\u00f3prio benef\u00edcio, do aparelho celular que \u201ca denunciante\u201d levava em sua pochete.<\/p>\n<p>Por\u00e9m, a senten\u00e7a insiste que n\u00e3o houve viol\u00eancia.<\/p>\n<\/div>\n<\/div>\n<\/section>\n<\/div>\n<section id=\"articulo-tags\" class=\"articulo-tags\"><\/section>\n<\/div>\n<p>&nbsp;<\/p>\n<p>&nbsp;<\/p>\n","protected":false},"excerpt":{"rendered":"<p>Senten\u00e7a contra cinco acusados pela viola\u00e7\u00e3o grupal de uma jovem em 2016 provoca protestos por todo o pa\u00eds \u00a0No El Pa\u00eds, por Manuel Jabois &#8211; \u201cAbuso sexual\u201d. Quando pronunciou estas duas palavras, as mais famosas de sua carreira judicial, o\u00a0juiz\u00a0espanhol\u00a0Jos\u00e9 Francisco Cobo escutou como eram refutadas. Deve ter se sentido como um \u00e1rbitro. Trinta segundos&#8230;<a class=\"more-link\" href=\"http:\/\/blogdalucianaoliveira.com.br\/blog\/2018\/04\/27\/indignacao-nas-ruas-de-toda-espanha-por-sentenca-branda-a-um-caso-de-estupro-coletivo\/\">Continue a leitura <span class=\"meta-nav\">&raquo;<\/span><\/a><\/p>\n","protected":false},"author":1,"featured_media":0,"comment_status":"closed","ping_status":"open","sticky":false,"template":"","format":"standard","meta":{"_exactmetrics_skip_tracking":false,"_exactmetrics_sitenote_active":false,"_exactmetrics_sitenote_note":"","_exactmetrics_sitenote_category":0,"jetpack_post_was_ever_published":false,"_jetpack_newsletter_access":"","_jetpack_dont_email_post_to_subs":false,"_jetpack_newsletter_tier_id":0,"_jetpack_memberships_contains_paywalled_content":false,"_jetpack_memberships_contains_paid_content":false,"footnotes":"","jetpack_publicize_message":"","jetpack_publicize_feature_enabled":true,"jetpack_social_post_already_shared":true,"jetpack_social_options":{"image_generator_settings":{"template":"highway","enabled":false},"version":2}},"categories":[1],"tags":[],"class_list":["post-17771","post","type-post","status-publish","format-standard","hentry","category-notas"],"jetpack_publicize_connections":[],"jetpack_sharing_enabled":true,"jetpack_featured_media_url":"","jetpack_shortlink":"https:\/\/wp.me\/p7wKYW-4CD","jetpack-related-posts":[],"_links":{"self":[{"href":"http:\/\/blogdalucianaoliveira.com.br\/blog\/wp-json\/wp\/v2\/posts\/17771","targetHints":{"allow":["GET"]}}],"collection":[{"href":"http:\/\/blogdalucianaoliveira.com.br\/blog\/wp-json\/wp\/v2\/posts"}],"about":[{"href":"http:\/\/blogdalucianaoliveira.com.br\/blog\/wp-json\/wp\/v2\/types\/post"}],"author":[{"embeddable":true,"href":"http:\/\/blogdalucianaoliveira.com.br\/blog\/wp-json\/wp\/v2\/users\/1"}],"replies":[{"embeddable":true,"href":"http:\/\/blogdalucianaoliveira.com.br\/blog\/wp-json\/wp\/v2\/comments?post=17771"}],"version-history":[{"count":1,"href":"http:\/\/blogdalucianaoliveira.com.br\/blog\/wp-json\/wp\/v2\/posts\/17771\/revisions"}],"predecessor-version":[{"id":17773,"href":"http:\/\/blogdalucianaoliveira.com.br\/blog\/wp-json\/wp\/v2\/posts\/17771\/revisions\/17773"}],"wp:attachment":[{"href":"http:\/\/blogdalucianaoliveira.com.br\/blog\/wp-json\/wp\/v2\/media?parent=17771"}],"wp:term":[{"taxonomy":"category","embeddable":true,"href":"http:\/\/blogdalucianaoliveira.com.br\/blog\/wp-json\/wp\/v2\/categories?post=17771"},{"taxonomy":"post_tag","embeddable":true,"href":"http:\/\/blogdalucianaoliveira.com.br\/blog\/wp-json\/wp\/v2\/tags?post=17771"}],"curies":[{"name":"wp","href":"https:\/\/api.w.org\/{rel}","templated":true}]}}