{"id":17775,"date":"2018-04-28T18:51:31","date_gmt":"2018-04-28T22:51:31","guid":{"rendered":"http:\/\/blogdalucianaoliveira.com.br\/blog\/?p=17775"},"modified":"2018-04-28T18:51:31","modified_gmt":"2018-04-28T22:51:31","slug":"tiros-contra-acampamento-atingem-todos-nos","status":"publish","type":"post","link":"http:\/\/blogdalucianaoliveira.com.br\/blog\/2018\/04\/28\/tiros-contra-acampamento-atingem-todos-nos\/","title":{"rendered":"Tiros contra acampamento atingem todos n\u00f3s"},"content":{"rendered":"<p><img data-recalc-dims=\"1\" loading=\"lazy\" decoding=\"async\" data-attachment-id=\"17776\" data-permalink=\"http:\/\/blogdalucianaoliveira.com.br\/blog\/2018\/04\/28\/tiros-contra-acampamento-atingem-todos-nos\/aca-3\/\" data-orig-file=\"https:\/\/i0.wp.com\/blogdalucianaoliveira.com.br\/blog\/wp-content\/uploads\/2018\/04\/aca.jpg?fit=490%2C280\" data-orig-size=\"490,280\" data-comments-opened=\"0\" data-image-meta=\"{&quot;aperture&quot;:&quot;0&quot;,&quot;credit&quot;:&quot;&quot;,&quot;camera&quot;:&quot;&quot;,&quot;caption&quot;:&quot;&quot;,&quot;created_timestamp&quot;:&quot;0&quot;,&quot;copyright&quot;:&quot;&quot;,&quot;focal_length&quot;:&quot;0&quot;,&quot;iso&quot;:&quot;0&quot;,&quot;shutter_speed&quot;:&quot;0&quot;,&quot;title&quot;:&quot;&quot;,&quot;orientation&quot;:&quot;0&quot;}\" data-image-title=\"aca\" data-image-description=\"\" data-image-caption=\"\" data-medium-file=\"https:\/\/i0.wp.com\/blogdalucianaoliveira.com.br\/blog\/wp-content\/uploads\/2018\/04\/aca.jpg?fit=300%2C171\" data-large-file=\"https:\/\/i0.wp.com\/blogdalucianaoliveira.com.br\/blog\/wp-content\/uploads\/2018\/04\/aca.jpg?fit=490%2C280\" class=\"alignnone size-full wp-image-17776\" src=\"https:\/\/i0.wp.com\/blogdalucianaoliveira.com.br\/blog\/wp-content\/uploads\/2018\/04\/aca.jpg?resize=490%2C280\" alt=\"aca\" width=\"490\" height=\"280\" srcset=\"https:\/\/i0.wp.com\/blogdalucianaoliveira.com.br\/blog\/wp-content\/uploads\/2018\/04\/aca.jpg?w=490 490w, https:\/\/i0.wp.com\/blogdalucianaoliveira.com.br\/blog\/wp-content\/uploads\/2018\/04\/aca.jpg?resize=300%2C171 300w\" sizes=\"auto, (max-width: 490px) 100vw, 490px\" \/><\/p>\n<p>Os 20 tiros contra o acampamento de Curitiba colocam a crise pol\u00edtica num novo patamar de gravidade.<!--more--><\/p>\n<p>No 247, por Paulo Moreira Leite &#8211; Est\u00e1 claro, agora, que a viol\u00eancia &#8212; em grau homicida &#8212; deixou de ser um lance epis\u00f3dico para se incorporar ao cotidiano\u00a0 como um instrumento de ataque \u00e0s for\u00e7as que resistem a mis\u00e9ria, \u00e0 perda de direitos e \u00e0\u00a0 entrega do pa\u00eds aos senhores do capital financeiro e ao imp\u00e9rio norte-americano.<\/p>\n<p>N\u00e3o vamos perder a lucidez. Um ataque com tamanho grau de periculosidade s\u00f3 ocorre quando os seus autores t\u00eam certeza de que jamais ser\u00e3o encontrados. Sabem que poder\u00e3o contar com a coniv\u00eancia &#8212; se n\u00e3o for coisa pior &#8212; de autoridades que tem obriga\u00e7\u00e3o de proteger uma popula\u00e7\u00e3o pac\u00edfica, que batalha 24 horas por dia para defender suas condi\u00e7\u00f5es de vida e n\u00e3o abandonou o sonho de construir um pa\u00eds melhor para filhos e netos.<\/p>\n<p>A responsabilidade pelos tiros de ontem, que se somam ao assassinato de Marielle Franco e do motorista Anderson Pedro Gomes, e aos ataques contra a caravana de Lula, cabe \u00e0s lideran\u00e7as que n\u00e3o aceitam a democracia e pretendem conservar o poder de Estado pela for\u00e7a, pela intimida\u00e7\u00e3o e pelo assassinato. Adotam m\u00e9todos t\u00edpicos do fascismo, uma das latrinas da pior experi\u00eancia humana.<\/p>\n<p>Representam uma tentativa de resolver \u00e0 bala \u00a0uma disputa pol\u00edtica que a maioria do popula\u00e7\u00e3o quer resolver pelas urnas, pelo voto livre e democr\u00e1tico, de acordo com o calend\u00e1rio e as regras estabelecidas pela Constitui\u00e7\u00e3o. N\u00e3o \u00e9 apenas pela simbologia que o ataque se dirige a militantes empenhados na defesa dos direitos de Lula, a come\u00e7ar por sua liberdade.<\/p>\n<p>Na origem desse movimento assassino, encontra-se uma derrota pol\u00edtica. Enquanto assombra\u00e7\u00f5es fantasiadas de candidatos desfila pelo pa\u00eds, embelezados pelos oligop\u00f3lios da m\u00eddia e solenemente ignoradas pela maioria do eleitorado, o \u00fanico candidato conhecido e leg\u00edtimo, com autoridade\u00a0 para pacificar o pa\u00eds em bases democr\u00e1ticas,\u00a0 encontra-se encarcerado numa cela solit\u00e1ria, a pouca dist\u00e2ncia dos tiros de ontem, sem que se apresente um fiapo de prova para justificar uma condena\u00e7\u00e3o de 12 anos e um m\u00eas.<\/p>\n<p>O dado politicamente relevante, que deve orientar nossa vis\u00e3o de futuro, \u00e9 este.<\/p>\n<p>A rea\u00e7\u00e3o da maioria dos brasileiros e brasileiras \u00e0 pris\u00e3o de Lula e ao veto a sua candidatura desmoraliza a ditadura judicial que pretende dirigir o sistema pol\u00edtico.<\/p>\n<p>A perda de credibilidade da Lava Jato \u00e9 o ponto essencial da crise. N\u00e3o \u00e9 s\u00f3 uma quest\u00e3o jur\u00eddica. Revela a incapacidade cong\u00eanita dos tribunais para apontar uma sa\u00edda aceit\u00e1vel para o \u00a0pa\u00eds, ainda mais numa conjuntura de \u00a0desemprego em alta, o sal\u00e1rios no ch\u00e3o e a festa dos patr\u00f5es do dinheiro e do poder de Estado num patamar inaceit\u00e1vel de arrog\u00e2ncia e indec\u00eancia.<\/p>\n<p>Incapazes de produzir um candidato competitivo nas urnas, a Lava Jato e seus aliados pretendem\u00a0 garantir o resultado final pela destrui\u00e7\u00e3o programada do concorrente que consideram indesej\u00e1vel.<\/p>\n<p>O fundo do problema, est\u00e1 aqui. Reside na persist\u00eancia do povo em defender a democracia. Apesar de toda press\u00e3o, das denuncias fabricadas, das in\u00fameras demonstra\u00e7\u00f5es de for\u00e7a e tentativas de intimida\u00e7\u00e3o, a vontade de democracia n\u00e3o foi quebrada.<\/p>\n<p>Essa for\u00e7a explica o impulso assumido pela campanha Lula Livre, hoje um elemento real da vida do pa\u00eds.<\/p>\n<p>A consci\u00eancia democr\u00e1tica persiste e explica, dentro do pr\u00f3prio Supremo Tribunal Federal, movimentos leg\u00edtimos de defesa da Constitui\u00e7\u00e3o e direitos individuais.<\/p>\n<p>O Brasil dos brasileiros e brasileiras n\u00e3o baixou a guarda e n\u00e3o recuou. A viol\u00eancia desta madrugada \u00e9 a rea\u00e7\u00e3o criminosa de quem se percebe incapaz de fazer valer seus interesses pol\u00edticos sem empregar o jogo sujo e da covardia.<\/p>\n<p>A resposta deve ser a unidade em defesa da democracia e a den\u00fancia da viol\u00eancia contra os trabalhadores e trabalhadores, suas lideran\u00e7as e organiza\u00e7\u00f5es. Trata-se, acima de tudo, de uma luta pol\u00edtica, de articular partidos e lideran\u00e7as sociais que representam a maioria dos brasileiros, que rejeitam sa\u00eddas que abrem o caminho para uma ditadura. A gravidade da situa\u00e7\u00e3o define a linha divis\u00f3ria.<\/p>\n<p>Neste caminho, mais do que nunca \u00e9 preciso refor\u00e7ar os atos de 1 de Maio, em Curitiba e nas demais cidades brasileiros. A import\u00e2ncia de contribuir para grande manifesta\u00e7\u00e3o nesta conjuntura dispensa muitos coment\u00e1rios. \u00c9 preciso uma resposta a altura, pois n\u00e3o haver\u00e1 sa\u00edda sem uma ampla mobiliza\u00e7\u00e3o popular. Pode parecer pouco mas \u00e9 o decisivo.<\/p>\n<p>N\u00e3o custa lembrar que uma das finalidades essenciais dos ataques fascistas consiste em fazer o povo duvidar de suas pr\u00f3prias for\u00e7as e capacidade de resist\u00eancia.<\/p>\n<p>\u00c9 poss\u00edvel, diante dos tiros de Curitiba, recordar as palavras de advert\u00eancia do reverendo Martin Niemoller, testemunha da ascens\u00e3o do nazismo na Alemanha de Hitler:<\/p>\n<p><em>Quando os nazistas levaram os comunistas, eu calei-me, porque, afinal, eu n\u00e3o era comunista. Quando eles prenderam os sociais-democratas, eu calei-me, porque, afinal, eu n\u00e3o era social-democrata. Quando eles levaram os sindicalistas, eu n\u00e3o protestei, porque, afinal, eu n\u00e3o era sindicalista. Quando levaram os judeus, eu n\u00e3o protestei, porque, afinal, eu n\u00e3o era judeu. Quando eles me levaram, n\u00e3o havia mais quem protestasse&#8221;<\/em><\/p>\n","protected":false},"excerpt":{"rendered":"<p>Os 20 tiros contra o acampamento de Curitiba colocam a crise pol\u00edtica num novo patamar de gravidade.<\/p>\n","protected":false},"author":1,"featured_media":0,"comment_status":"closed","ping_status":"open","sticky":false,"template":"","format":"standard","meta":{"_exactmetrics_skip_tracking":false,"_exactmetrics_sitenote_active":false,"_exactmetrics_sitenote_note":"","_exactmetrics_sitenote_category":0,"jetpack_post_was_ever_published":false,"_jetpack_newsletter_access":"","_jetpack_dont_email_post_to_subs":false,"_jetpack_newsletter_tier_id":0,"_jetpack_memberships_contains_paywalled_content":false,"_jetpack_memberships_contains_paid_content":false,"footnotes":"","jetpack_publicize_message":"","jetpack_publicize_feature_enabled":true,"jetpack_social_post_already_shared":true,"jetpack_social_options":{"image_generator_settings":{"template":"highway","enabled":false},"version":2}},"categories":[1],"tags":[],"class_list":["post-17775","post","type-post","status-publish","format-standard","hentry","category-notas"],"jetpack_publicize_connections":[],"jetpack_sharing_enabled":true,"jetpack_featured_media_url":"","jetpack_shortlink":"https:\/\/wp.me\/p7wKYW-4CH","jetpack-related-posts":[],"_links":{"self":[{"href":"http:\/\/blogdalucianaoliveira.com.br\/blog\/wp-json\/wp\/v2\/posts\/17775","targetHints":{"allow":["GET"]}}],"collection":[{"href":"http:\/\/blogdalucianaoliveira.com.br\/blog\/wp-json\/wp\/v2\/posts"}],"about":[{"href":"http:\/\/blogdalucianaoliveira.com.br\/blog\/wp-json\/wp\/v2\/types\/post"}],"author":[{"embeddable":true,"href":"http:\/\/blogdalucianaoliveira.com.br\/blog\/wp-json\/wp\/v2\/users\/1"}],"replies":[{"embeddable":true,"href":"http:\/\/blogdalucianaoliveira.com.br\/blog\/wp-json\/wp\/v2\/comments?post=17775"}],"version-history":[{"count":1,"href":"http:\/\/blogdalucianaoliveira.com.br\/blog\/wp-json\/wp\/v2\/posts\/17775\/revisions"}],"predecessor-version":[{"id":17777,"href":"http:\/\/blogdalucianaoliveira.com.br\/blog\/wp-json\/wp\/v2\/posts\/17775\/revisions\/17777"}],"wp:attachment":[{"href":"http:\/\/blogdalucianaoliveira.com.br\/blog\/wp-json\/wp\/v2\/media?parent=17775"}],"wp:term":[{"taxonomy":"category","embeddable":true,"href":"http:\/\/blogdalucianaoliveira.com.br\/blog\/wp-json\/wp\/v2\/categories?post=17775"},{"taxonomy":"post_tag","embeddable":true,"href":"http:\/\/blogdalucianaoliveira.com.br\/blog\/wp-json\/wp\/v2\/tags?post=17775"}],"curies":[{"name":"wp","href":"https:\/\/api.w.org\/{rel}","templated":true}]}}