{"id":17778,"date":"2018-04-28T18:58:28","date_gmt":"2018-04-28T22:58:28","guid":{"rendered":"http:\/\/blogdalucianaoliveira.com.br\/blog\/?p=17778"},"modified":"2018-04-28T18:58:28","modified_gmt":"2018-04-28T22:58:28","slug":"mamma-mia-abba-volta-a-vida","status":"publish","type":"post","link":"http:\/\/blogdalucianaoliveira.com.br\/blog\/2018\/04\/28\/mamma-mia-abba-volta-a-vida\/","title":{"rendered":"\u2018Mamma Mia!\u2019: ABBA volta \u00e0 vida"},"content":{"rendered":"<p><img data-recalc-dims=\"1\" loading=\"lazy\" decoding=\"async\" data-attachment-id=\"17779\" data-permalink=\"http:\/\/blogdalucianaoliveira.com.br\/blog\/2018\/04\/28\/mamma-mia-abba-volta-a-vida\/abba\/\" data-orig-file=\"https:\/\/i0.wp.com\/blogdalucianaoliveira.com.br\/blog\/wp-content\/uploads\/2018\/04\/abba.jpg?fit=1960%2C1336\" data-orig-size=\"1960,1336\" data-comments-opened=\"0\" data-image-meta=\"{&quot;aperture&quot;:&quot;0&quot;,&quot;credit&quot;:&quot;&quot;,&quot;camera&quot;:&quot;&quot;,&quot;caption&quot;:&quot;&quot;,&quot;created_timestamp&quot;:&quot;0&quot;,&quot;copyright&quot;:&quot;&quot;,&quot;focal_length&quot;:&quot;0&quot;,&quot;iso&quot;:&quot;0&quot;,&quot;shutter_speed&quot;:&quot;0&quot;,&quot;title&quot;:&quot;&quot;,&quot;orientation&quot;:&quot;0&quot;}\" data-image-title=\"abba\" data-image-description=\"\" data-image-caption=\"\" data-medium-file=\"https:\/\/i0.wp.com\/blogdalucianaoliveira.com.br\/blog\/wp-content\/uploads\/2018\/04\/abba.jpg?fit=300%2C204\" data-large-file=\"https:\/\/i0.wp.com\/blogdalucianaoliveira.com.br\/blog\/wp-content\/uploads\/2018\/04\/abba.jpg?fit=600%2C409\" class=\"alignnone size-full wp-image-17779\" src=\"https:\/\/i0.wp.com\/blogdalucianaoliveira.com.br\/blog\/wp-content\/uploads\/2018\/04\/abba.jpg?resize=600%2C409\" alt=\"abba\" width=\"600\" height=\"409\" srcset=\"https:\/\/i0.wp.com\/blogdalucianaoliveira.com.br\/blog\/wp-content\/uploads\/2018\/04\/abba.jpg?w=1960 1960w, https:\/\/i0.wp.com\/blogdalucianaoliveira.com.br\/blog\/wp-content\/uploads\/2018\/04\/abba.jpg?resize=300%2C204 300w, https:\/\/i0.wp.com\/blogdalucianaoliveira.com.br\/blog\/wp-content\/uploads\/2018\/04\/abba.jpg?resize=768%2C523 768w, https:\/\/i0.wp.com\/blogdalucianaoliveira.com.br\/blog\/wp-content\/uploads\/2018\/04\/abba.jpg?resize=1024%2C698 1024w, https:\/\/i0.wp.com\/blogdalucianaoliveira.com.br\/blog\/wp-content\/uploads\/2018\/04\/abba.jpg?resize=440%2C300 440w, https:\/\/i0.wp.com\/blogdalucianaoliveira.com.br\/blog\/wp-content\/uploads\/2018\/04\/abba.jpg?w=1200 1200w, https:\/\/i0.wp.com\/blogdalucianaoliveira.com.br\/blog\/wp-content\/uploads\/2018\/04\/abba.jpg?w=1800 1800w\" sizes=\"auto, (max-width: 600px) 100vw, 600px\" \/><\/p>\n<div id=\"articulo-titulares\" class=\"articulo-titulares\">\n<div class=\"articulo-subtitulos\">\n<h2 class=\"articulo-subtitulo\">A mais famosa banda sueca pop anuncia novas can\u00e7\u00f5es pela primeira vez em 35 anos: uma turn\u00ea com hologramas e uma sequela de seu famoso musical<\/h2>\n<\/div>\n<\/div>\n<p><!--more--><\/p>\n<aside id=\"compartir_superior\" class=\"compartir\">\n<div class=\"compartir__interior\">\n<p>No El Pa\u00eds &#8211; Em\u00a0<a href=\"https:\/\/www.instagram.com\/p\/BiEl5cslkdR\/?hl=en&amp;taken-by=abbaofficial\">uma mensagem no Instagram<\/a>, os quatro membros do\u00a0<a href=\"https:\/\/brasil.elpais.com\/tag\/abba\/a\">ABBA<\/a>\u00a0anunciaram que se reuniram em um est\u00fadio e, surpresa, gravaram duas novas can\u00e7\u00f5es: \u201cFoi como se o tempo tivesse parado e somente tiv\u00e9ssemos tirado umas f\u00e9rias curtas. Uma experi\u00eancia extremamente prazerosa!\u201d<\/p>\n<div id=\"elpais_gpt-INTEXT\" data-google-query-id=\"CIjsjL6I3toCFZMqhwodn58OJA\"><\/div>\n<p>\u00c9, sem d\u00favida, mais do que esperavam seus seguidores obsessivos, que festejam que \u2013 com as duas novas faixas \u2013\u00a0<a href=\"https:\/\/brasil.elpais.com\/brasil\/2016\/03\/10\/cultura\/1457610637_611325.html\">a obra do ABBA chegue a cem can\u00e7\u00f5es<\/a>. Embora n\u00e3o se trate de uma reapari\u00e7\u00e3o plena: n\u00e3o se espera um disco inteiro nem h\u00e1 shows previstos.<\/p>\n<p>Nos 35 anos que se passaram desce o an\u00fancio de sua \u201cparada\u201d, em dezembro de 1982, o quarteto rejeitou ofertas espantosas \u2013 falou-se em bilh\u00f5es de d\u00f3lares \u2013 para voltar a sair em\u00a0<a href=\"https:\/\/brasil.elpais.com\/tag\/giras_musicales\/a\">turn\u00ea<\/a>, embora tenham aprovado para o primeiro semestre de 2019 um espet\u00e1culo de \u201crealidade virtual\u201d que tem todo o jeito de\u00a0<a href=\"https:\/\/brasil.elpais.com\/brasil\/2015\/10\/30\/tecnologia\/1446237696_750231.html\">se basear em hologramas<\/a>: essa tecnologia ser\u00e1 utilizada para apresentar uma das novas can\u00e7\u00f5es, \u201c<em>I Still Have Faith in You<\/em>\u201d, em um especial de TV previsto para o final deste ano.<\/p>\n<section id=\"sumario_1|apoyos\" class=\"sumario_apoyos derecha\">\n<div id=\"cuerpo_noticia\" class=\"articulo-cuerpo\">\n<p>Acontece que os shows nunca foram sua atividade favorita: j\u00e1 tinham feito milhares durante os anos 60, quando integravam grupos populares de\u00a0<a href=\"https:\/\/brasil.elpais.com\/tag\/pop\/a\/1\">pop<\/a>, coletivos de\u00a0<em>folk<\/em>\u00a0e orquestras de\u00a0<em>dansbandmusik<\/em>. Como ABBA, pareciam bons e apresentavam montagens vistosas, mas, na verdade, n\u00e3o precisavam da legitima\u00e7\u00e3o do show ao vivo.<\/p>\n<p>Al\u00e9m disso, a idade pesa. Com exce\u00e7\u00e3o de Anni-Frid Lyngstad (1950), pertencem \u00e0 gera\u00e7\u00e3o dos\u00a0<a href=\"https:\/\/brasil.elpais.com\/tag\/the_beatles\/a\">Beatles<\/a>: nasceram durante a Segunda Guerra Mundial ou nos meses seguintes. Na realidade, o ABBA funcionou essencialmente como um grupo de est\u00fadio, com um tra\u00e7o de cientistas de laborat\u00f3rio. Eram assinantes de um servi\u00e7o da revista\u00a0<a href=\"https:\/\/brasil.elpais.com\/tag\/premios_billboard\/a\"><em>Billboard<\/em><\/a>\u00a0que lhes enviava toda semana os discos nas listas dos Estados Unidos; cada um deles era analisado em busca dos elementos inusitados que poderiam assimilar e incorporar \u00e0s suas grava\u00e7\u00f5es. Evitavam, claro, os pl\u00e1gios, que haviam sujado a reputa\u00e7\u00e3o de Stig Anderson, seu descobridor e colaborador ocasional nas letras do ABBA.<\/p>\n<p>O grupo se antecipou a seu tempo com a utiliza\u00e7\u00e3o de videoclipes, o que em boa parte evitou o desgaste das viagens promocionais. O fato de morarem na\u00a0<a href=\"https:\/\/brasil.elpais.com\/tag\/suecia\/a\">Su\u00e9cia<\/a>tamb\u00e9m os ajudou a viver discretamente seus traumas particulares, como a ruptura dos dois casamentos que constitu\u00edam o quarteto: Bj\u00f6rn Ulvaeus e Agnetha F\u00e4lkstog, Benny Andersson e Anni-Frid Lyngstad. N\u00e3o lhes interessava conectar vida e arte: costumavam negar que o que constitu\u00eda possivelmente o ponto m\u00e1ximo de seu cancioneiro,\u00a0<em>The Winner Takes it All<\/em>, fosse uma reflex\u00e3o sobre seus div\u00f3rcios.<\/p>\n<p>Escaparam\u00a0<a href=\"https:\/\/brasil.elpais.com\/brasil\/2017\/11\/17\/fotorrelato\/1510912200_551919.html\">da banalidade do estrelato<\/a>\u00a0gra\u00e7as \u00e0s bem-aventuradas peculiaridades da sociedade sueca. N\u00e3o foram fraudados pela\u00a0<a href=\"https:\/\/brasil.elpais.com\/brasil\/2014\/04\/05\/cultura\/1396712776_478195.html\">ind\u00fastria fonogr\u00e1fica<\/a>: ao contr\u00e1rio do habitual, Stig Anderson, seu empres\u00e1rio, os transformou em s\u00f3cios de sua empresa, a Polar Music. Pagaram sem chiar altos impostos exigidos pelo Estado de bem-estar, \u00e0 maneira escandinava: n\u00e3o tinham, que se saiba, v\u00edcios caros ou manias de novos ricos.<\/p>\n<p>H\u00e1 muitas especula\u00e7\u00f5es sobre o motivo da ruptura: pode ser que fosse algo t\u00e3o comum como o t\u00e9dio. Sabiam que dominavam a (mut\u00e1vel) f\u00f3rmula do sucesso mundial, mas ansiavam por novos desafios: Bj\u00f6rn e Benny se juntaram ao letrista brit\u00e2nico Tim Rice, antigo parceiro de Andrew Lloyd Webber, para produzir o\u00a0<a href=\"https:\/\/brasil.elpais.com\/tag\/musicales\/a\">musical<\/a>\u00a0<em>Chess<\/em>, inspirado nos enfrentamentos entre enxadristas sovi\u00e9ticos e norte-americanos com o pano de fundo da Guerra Fria. Foi um sucesso e os animou a fazerem sozinhos\u00a0<em>Kristina fran Duvemala<\/em>, uma obra mais local, que narra os dramas da emigra\u00e7\u00e3o sueca para os Estados Unidos.<\/p>\n<p>Por sua vez, tanto Agnetha como Anni-Frid iniciaram carreiras solo, trabalhando em ingl\u00eas com produtores estrangeiros (Phil Collins, Steve Lillywhite, Peter Cetera, Eric Stewart) e gravando ocasionalmente em sueco. Apesar de terem obtido impacto consider\u00e1vel na Europa, n\u00e3o parecem sentir a necessidade de figurar na linha de frente.<\/p>\n<p>Tanto elas como eles viram com deleite a revaloriza\u00e7\u00e3o do ABBA, que passaram da considera\u00e7\u00e3o de \u201cprazer culpado\u201d para serem assumidos como grandes criadores, sem necessidade de recorrer aos filtros da ironia. Encarnam\u00a0<a href=\"https:\/\/brasil.elpais.com\/brasil\/2017\/06\/10\/internacional\/1497055813_939549.html\">at\u00e9 um discurso de toler\u00e2ncia gay<\/a>, gra\u00e7as a filmes como\u00a0<em>Priscilla, a Rainha do Deserto.<\/em>Em 2010, entraram para o Rock &amp; Roll Hall of Fame, institui\u00e7\u00e3o norte-americana altamente seletiva.<\/p>\n<p>Na \u00e9poca, por\u00e9m, sua renda se havia multiplicado em decorr\u00eancia do musical\u00a0<em><a href=\"https:\/\/brasil.elpais.com\/brasil\/2017\/01\/11\/cultura\/1484136663_777894.html\">Mamma Mia!<\/a>,<\/em>\u00a0llevado depois ao cinema. Embora Benny Andersson tenha declarado que n\u00e3o via a \u201cnecessidade de fazer uma sequela\u201d, isso \u00e9 precisamente o que a Universal Pictures est\u00e1 preparando.<\/p>\n<p>N\u00e3o sofram por eles. Entraram em acordo com Simon Fuller, talvez o principal negociante do pop brit\u00e2nico, para tirar rendimento extra do cat\u00e1logo e da marca ABBA. N\u00e3o custa muito adivinhar sua m\u00e3o por tr\u00e1s de not\u00edcias como a de sua reapari\u00e7\u00e3o discogr\u00e1fica.<\/p>\n<div class=\"sumario__interior\">\n<header class=\"sumario-encabezado\">\n<h4 class=\"sumario-titulo\"><span class=\"sin_enlace\">SU\u00c9CIA EXPORTA POP<\/span><\/h4>\n<\/header>\n<div class=\"sumario-texto\">\n<p>J\u00e1 sabemos que, por uma quest\u00e3o de neutralidade, a Su\u00e9cia desempenhou um papel penoso na Segunda Guerra Mundial: al\u00e9m de alimentar a maquinaria b\u00e9lica alem\u00e3 com seus recursos naturais e industriais, permitiu a passagem de tropas do Terceiro Reich. Assim que se vislumbrou quem ganharia a guerra, o pa\u00eds se americanizou a passo for\u00e7ado. Isso talvez ajude a explicar a assombrosa paix\u00e3o sueca pela m\u00fasica norte-americana. Tem at\u00e9 mesmo algo de Parque Jur\u00e1ssico: quase todos os g\u00eaneros Made in USA sobrevivem na Su\u00e9cia, com praticantes locais ou norte-americanos que encontraram ali um novo lar.<\/p>\n<p>A educa\u00e7\u00e3o musical gratuita garante que a Su\u00e9cia disponha de uma extraordin\u00e1ria reserva de instrumentistas e cantores perfeitamente instru\u00eddos e bil\u00edngues, aptos para atuar em n\u00edvel local ou internacional. Coexiste uma saud\u00e1vel cena pop em sueco com um grande n\u00famero de grupos e solistas cujo destino final \u00e9 a exporta\u00e7\u00e3o. Dos primeiros pouco sabemos, mas lembramos dos que seguiram os rastros do ABBA: pensem no Europe, Ace of Base, Roxette, os Cardigans, Robyn, Swedish House Mafia e no rec\u00e9m-falecido falecido Avicii.<\/p>\n<p>O cosmopolitismo sueco lhes permite at\u00e9 vender seu\u00a0<i>know how\u00a0<\/i>aos norte-americanos. O produtor e compositor Max Martin est\u00e1 por tr\u00e1s de numerosos sucessos interpretados por artistas t\u00e3o diversos como Britney Spears, Backstreet Boys, Taylor Swift, Katy Perry e Maroon 5. Dentro do pop de amplo espectro, que requer a colabora\u00e7\u00e3o de v\u00e1rios especialistas, Martin e seus ep\u00edgonos conseguiram uma sensibilidade global que, sim, lembra muito os acertos de Bj\u00f6rn e Benny. Era certo que Max Martin receberia o pr\u00eamio Polar, o equivalente musical ao Nobel, financiado esplendidamente (cada premiado recebe um milh\u00e3o de coroas suecas) pelo falecido Stig Anderson com o dinheiro gerado pelo ABBA.<\/p>\n<\/div>\n<\/div>\n<\/div>\n<section id=\"articulo-tags\" class=\"articulo-tags\"><\/section>\n<div class=\"sumario__interior\"><\/div>\n<\/section>\n<\/div>\n<\/aside>\n","protected":false},"excerpt":{"rendered":"<p>A mais famosa banda sueca pop anuncia novas can\u00e7\u00f5es pela primeira vez em 35 anos: uma turn\u00ea com hologramas e uma sequela de seu famoso musical<\/p>\n","protected":false},"author":1,"featured_media":0,"comment_status":"closed","ping_status":"open","sticky":false,"template":"","format":"standard","meta":{"_exactmetrics_skip_tracking":false,"_exactmetrics_sitenote_active":false,"_exactmetrics_sitenote_note":"","_exactmetrics_sitenote_category":0,"jetpack_post_was_ever_published":false,"_jetpack_newsletter_access":"","_jetpack_dont_email_post_to_subs":false,"_jetpack_newsletter_tier_id":0,"_jetpack_memberships_contains_paywalled_content":false,"_jetpack_memberships_contains_paid_content":false,"footnotes":"","jetpack_publicize_message":"","jetpack_publicize_feature_enabled":true,"jetpack_social_post_already_shared":true,"jetpack_social_options":{"image_generator_settings":{"template":"highway","enabled":false},"version":2}},"categories":[1],"tags":[],"class_list":["post-17778","post","type-post","status-publish","format-standard","hentry","category-notas"],"jetpack_publicize_connections":[],"jetpack_sharing_enabled":true,"jetpack_featured_media_url":"","jetpack_shortlink":"https:\/\/wp.me\/p7wKYW-4CK","jetpack-related-posts":[],"_links":{"self":[{"href":"http:\/\/blogdalucianaoliveira.com.br\/blog\/wp-json\/wp\/v2\/posts\/17778","targetHints":{"allow":["GET"]}}],"collection":[{"href":"http:\/\/blogdalucianaoliveira.com.br\/blog\/wp-json\/wp\/v2\/posts"}],"about":[{"href":"http:\/\/blogdalucianaoliveira.com.br\/blog\/wp-json\/wp\/v2\/types\/post"}],"author":[{"embeddable":true,"href":"http:\/\/blogdalucianaoliveira.com.br\/blog\/wp-json\/wp\/v2\/users\/1"}],"replies":[{"embeddable":true,"href":"http:\/\/blogdalucianaoliveira.com.br\/blog\/wp-json\/wp\/v2\/comments?post=17778"}],"version-history":[{"count":1,"href":"http:\/\/blogdalucianaoliveira.com.br\/blog\/wp-json\/wp\/v2\/posts\/17778\/revisions"}],"predecessor-version":[{"id":17780,"href":"http:\/\/blogdalucianaoliveira.com.br\/blog\/wp-json\/wp\/v2\/posts\/17778\/revisions\/17780"}],"wp:attachment":[{"href":"http:\/\/blogdalucianaoliveira.com.br\/blog\/wp-json\/wp\/v2\/media?parent=17778"}],"wp:term":[{"taxonomy":"category","embeddable":true,"href":"http:\/\/blogdalucianaoliveira.com.br\/blog\/wp-json\/wp\/v2\/categories?post=17778"},{"taxonomy":"post_tag","embeddable":true,"href":"http:\/\/blogdalucianaoliveira.com.br\/blog\/wp-json\/wp\/v2\/tags?post=17778"}],"curies":[{"name":"wp","href":"https:\/\/api.w.org\/{rel}","templated":true}]}}